{"id":1156193,"date":"2026-08-29T22:11:35","date_gmt":"2026-08-29T22:11:35","guid":{"rendered":"https:\/\/www.europesays.com\/fr\/1156193\/"},"modified":"2026-08-29T22:11:35","modified_gmt":"2026-08-29T22:11:35","slug":"handball-trophee-des-champions-les-alsaciens-arhur-lenne-et-benjamin-richert-echouent-en-finale-avec-montpellier","status":"publish","type":"post","link":"https:\/\/www.europesays.com\/fr\/1156193\/","title":{"rendered":"Handball. Troph\u00e9e des champions\u00a0: les Alsaciens Arhur Lenne et Benjamin Richert \u00e9chouent en finale avec Montpellier"},"content":{"rendered":"<p>Le Paris Saint-Germain Handball s\u2019est adjug\u00e9 le Troph\u00e9e des champions samedi\u00a0 \u00e0 Aix-en-Provence en dominant Montpellier (21-20), qui l\u2019avait battu l\u2019an pass\u00e9 (29-23).<\/p>\n<p>  Le sixi\u00e8me titre du PSG dans la comp\u00e9tition<\/p>\n<p>Les Parisiens, champions de France, ont pris leur revanche sur les H\u00e9raultais (avec <a href=\"https:\/\/www.dna.fr\/sport\/2026\/08\/23\/pas-de-sacre-au-rhenus-pour-les-alsaciens-arthur-lenne-benjamin-richert-et-laura-schneider-nantes-et-ferencvaros-remportent-l-europ-a-cup\" target=\"_blank\" rel=\"nofollow noopener\">les Alsaciens Arthur Lenne et Benjamin Richert)<\/a> au bout du suspense et se sont impos\u00e9s pour la sixi\u00e8me fois dans la comp\u00e9tition, un record. Les deux \u00e9quipes se retrouveront en championnat le 1er\u00a0novembre \u00e0 Paris.<\/p>\n","protected":false},"excerpt":{"rendered":"Le Paris Saint-Germain Handball s\u2019est adjug\u00e9 le Troph\u00e9e des champions samedi\u00a0 \u00e0 Aix-en-Provence en dominant Montpellier (21-20), qui&hellip;\n","protected":false},"author":2,"featured_media":1156194,"comment_status":"","ping_status":"","sticky":false,"template":"","format":"standard","meta":{"footnotes":"","_share_on_mastodon":"0"},"categories":[9599],"tags":[1111,11,2649,1777,674,1011,27,1792,24067,2208,12,2680,25,3141,517,640],"class_list":["post-1156193","post","type-post","status-publish","format-standard","has-post-thumbnail","category-montpellier","tag-actu","tag-actualites","tag-bas-rhin","tag-eu","tag-europe","tag-fr","tag-france","tag-handball","tag-lingolsheim","tag-montpellier","tag-news","tag-occitanie","tag-republique-francaise","tag-selestat","tag-sport","tag-strasbourg"],"share_on_mastodon":{"url":"https:\/\/pubeurope.com\/@fr\/117181093153066462","error":""},"_links":{"self":[{"href":"https:\/\/www.europesays.com\/fr\/wp-json\/wp\/v2\/posts\/1156193","targetHints":{"allow":["GET"]}}],"collection":[{"href":"https:\/\/www.europesays.com\/fr\/wp-json\/wp\/v2\/posts"}],"about":[{"href":"https:\/\/www.europesays.com\/fr\/wp-json\/wp\/v2\/types\/post"}],"author":[{"embeddable":true,"href":"https:\/\/www.europesays.com\/fr\/wp-json\/wp\/v2\/users\/2"}],"replies":[{"embeddable":true,"href":"https:\/\/www.europesays.com\/fr\/wp-json\/wp\/v2\/comments?post=1156193"}],"version-history":[{"count":0,"href":"https:\/\/www.europesays.com\/fr\/wp-json\/wp\/v2\/posts\/1156193\/revisions"}],"wp:featuredmedia":[{"embeddable":true,"href":"https:\/\/www.europesays.com\/fr\/wp-json\/wp\/v2\/media\/1156194"}],"wp:attachment":[{"href":"https:\/\/www.europesays.com\/fr\/wp-json\/wp\/v2\/media?parent=1156193"}],"wp:term":[{"taxonomy":"category","embeddable":true,"href":"https:\/\/www.europesays.com\/fr\/wp-json\/wp\/v2\/categories?post=1156193"},{"taxonomy":"post_tag","embeddable":true,"href":"https:\/\/www.europesays.com\/fr\/wp-json\/wp\/v2\/tags?post=1156193"}],"curies":[{"name":"wp","href":"https:\/\/api.w.org\/{rel}","templated":true}]}}