{"id":1156201,"date":"2026-08-29T22:17:41","date_gmt":"2026-08-29T22:17:41","guid":{"rendered":"https:\/\/www.europesays.com\/fr\/1156201\/"},"modified":"2026-08-29T22:17:41","modified_gmt":"2026-08-29T22:17:41","slug":"grenoble-le-patron-du-palais-de-la-biere-tue-dans-un-accident-de-la-route","status":"publish","type":"post","link":"https:\/\/www.europesays.com\/fr\/1156201\/","title":{"rendered":"Grenoble : le patron du Palais de la bi\u00e8re tu\u00e9 dans un accident de la route"},"content":{"rendered":"<p itemprop=\"description\"><strong>Christophe Vigouroux, 56 ans, g\u00e9rant du Palais de la bi\u00e8re \u00e0 Grenoble, est mort dans un accident de la circulation dans la nuit de mercredi \u00e0 jeudi. Le conducteur de la voiture impliqu\u00e9e doit compara\u00eetre en octobre pour homicide routier aggrav\u00e9.<\/strong><\/p>\n<p>La victime de l\u2019accident mortel survenu dans la nuit du mercredi 26 au jeudi 27 ao\u00fbt \u00e0 Grenoble \u00e9tait une figure bien connue du centre-ville.<\/p>\n<p>Christophe Vigouroux, 56 ans, dirigeait le Palais de la bi\u00e8re, \u00e9tablissement embl\u00e9matique de la place Victor-Hugo. Il rentrait chez lui \u00e0 moto apr\u00e8s son service lorsqu\u2019il a \u00e9t\u00e9 percut\u00e9 \u00e0 l\u2019angle du boulevard Jean-Pain et de la place Paul-Vallier.<\/p>\n<p>Selon les \u00e9l\u00e9ments rapport\u00e9s, le conducteur de la voiture aurait franchi un feu rouge \u00e0 vive allure alors qu\u2019il \u00e9tait sous l\u2019emprise de l\u2019alcool. Christophe Vigouroux est d\u00e9c\u00e9d\u00e9 sur place.<\/p>\n<p>Un proc\u00e8s pr\u00e9vu le 23 octobre<\/p>\n<p>Le conducteur a \u00e9t\u00e9 interpell\u00e9 apr\u00e8s l\u2019accident. Il doit compara\u00eetre le 23 octobre devant le tribunal correctionnel de Grenoble pour homicide routier aggrav\u00e9. Le parquet a demand\u00e9 son placement en d\u00e9tention d\u2019ici \u00e0 l\u2019audience.<\/p>\n<p>Christophe Vigouroux avait repris en 1994 le Palais de la bi\u00e8re, fond\u00e9 plusieurs d\u00e9cennies plus t\u00f4t et dirig\u00e9 auparavant par son p\u00e8re. L\u2019\u00e9tablissement, connu pour sa cuisine traditionnelle et sa s\u00e9lection de bi\u00e8res, avait obtenu le titre de ma\u00eetre-restaurateur en 2015.<\/p>\n<p>L\u2019\u00e9quipe du restaurant a annonc\u00e9 que le Palais de la bi\u00e8re resterait ouvert en m\u00e9moire de son g\u00e9rant.<\/p><\/p>\n","protected":false},"excerpt":{"rendered":"Christophe Vigouroux, 56 ans, g\u00e9rant du Palais de la bi\u00e8re \u00e0 Grenoble, est mort dans un accident de&hellip;\n","protected":false},"author":2,"featured_media":1156202,"comment_status":"","ping_status":"","sticky":false,"template":"","format":"standard","meta":{"footnotes":"","_share_on_mastodon":"0"},"categories":[9566],"tags":[1111,11,2813,2430,1109,251,1112,2811,1777,674,118,1011,27,21780,2731,14004,1922,1110,1114,108,12,316,25,2812,517,800],"class_list":["post-1156201","post","type-post","status-publish","format-standard","has-post-thumbnail","category-grenoble","tag-actu","tag-actualites","tag-article","tag-auvergne-rhone-alpes","tag-breves","tag-culture","tag-depeches","tag-economique","tag-eu","tag-europe","tag-faits-divers","tag-fr","tag-france","tag-gf38","tag-grenoble","tag-grenoblemag","tag-info","tag-informations","tag-infos","tag-isere","tag-news","tag-politique","tag-republique-francaise","tag-sociale","tag-sport","tag-transports"],"share_on_mastodon":{"url":"https:\/\/pubeurope.com\/@fr\/117181116968237198","error":""},"_links":{"self":[{"href":"https:\/\/www.europesays.com\/fr\/wp-json\/wp\/v2\/posts\/1156201","targetHints":{"allow":["GET"]}}],"collection":[{"href":"https:\/\/www.europesays.com\/fr\/wp-json\/wp\/v2\/posts"}],"about":[{"href":"https:\/\/www.europesays.com\/fr\/wp-json\/wp\/v2\/types\/post"}],"author":[{"embeddable":true,"href":"https:\/\/www.europesays.com\/fr\/wp-json\/wp\/v2\/users\/2"}],"replies":[{"embeddable":true,"href":"https:\/\/www.europesays.com\/fr\/wp-json\/wp\/v2\/comments?post=1156201"}],"version-history":[{"count":0,"href":"https:\/\/www.europesays.com\/fr\/wp-json\/wp\/v2\/posts\/1156201\/revisions"}],"wp:featuredmedia":[{"embeddable":true,"href":"https:\/\/www.europesays.com\/fr\/wp-json\/wp\/v2\/media\/1156202"}],"wp:attachment":[{"href":"https:\/\/www.europesays.com\/fr\/wp-json\/wp\/v2\/media?parent=1156201"}],"wp:term":[{"taxonomy":"category","embeddable":true,"href":"https:\/\/www.europesays.com\/fr\/wp-json\/wp\/v2\/categories?post=1156201"},{"taxonomy":"post_tag","embeddable":true,"href":"https:\/\/www.europesays.com\/fr\/wp-json\/wp\/v2\/tags?post=1156201"}],"curies":[{"name":"wp","href":"https:\/\/api.w.org\/{rel}","templated":true}]}}