{"id":1156207,"date":"2026-08-29T22:21:43","date_gmt":"2026-08-29T22:21:43","guid":{"rendered":"https:\/\/www.europesays.com\/fr\/1156207\/"},"modified":"2026-08-29T22:21:43","modified_gmt":"2026-08-29T22:21:43","slug":"opera-pyramide-egyptienne-et-stars-internationales-a-strasbourg-cette-eglise-organise-une-folle-rentree","status":"publish","type":"post","link":"https:\/\/www.europesays.com\/fr\/1156207\/","title":{"rendered":"Op\u00e9ra, pyramide \u00e9gyptienne et stars internationales : \u00e0 Strasbourg, cette \u00e9glise organise une \u00ab folle \u00bb rentr\u00e9e"},"content":{"rendered":"<p><strong>Un salon de th\u00e9 \u00e9ph\u00e9m\u00e8re dans une chapelle du XIVe si\u00e8cle, Roberto Alagna, Anne Roumanoff, Jules C\u00e9sar, du yoga\u2026 Voici un tout petit aper\u00e7u de la nouvelle saison culturelle de l\u2019\u00e9glise Saint-Guillaume. Entre concerts, ateliers et surprises, ce lieu qui a fait de l\u2019inattendu sa marque de fabrique compte bien, une fois encore, \u00e9blouir Strasbourg !<\/strong><\/p>\n<p><strong>L\u2019\u00e9glise Saint-Guillaume a accueilli ces derni\u00e8res ann\u00e9es des spectacles de pole dance, des soir\u00e9es dansantes et des d\u00eeners aux chandelles.<\/strong> Autant dire qu\u2019on ne sait jamais vraiment ce qui va sortir de sa programmation. Sa nouvelle saison, pilot\u00e9e par l\u2019association Passions Crois\u00e9es, confirme la tendance.<\/p>\n<p>    <img width=\"800\" height=\"533\" src=\"https:\/\/www.europesays.com\/fr\/wp-content\/uploads\/2026\/08\/saint-guillaume-bal-viennois-danse-82-800x533.jpg\" class=\"attachment-image-size-L size-image-size-L\" alt=\"Saint Guillaume Bal Viennois Danse (82)\" decoding=\"async\" loading=\"lazy\"  \/>         \u00a9 Marie Goehner-David \/ Pokaa <\/p>\n<p>Pour ouvrir le bal cette ann\u00e9e, <strong>place au d\u00e9paysement et direction l\u2019\u00c9gypte antique d\u00e8s le 9 septembre,<\/strong> avec l\u2019op\u00e9ra de Haendel, Jules C\u00e9sar. Les d\u00e9cors et la mise en sc\u00e8ne sont sign\u00e9s Guillem Aubry : <strong>avec des pyramides de six m\u00e8tres de haut, des sphinx et des bijoux \u00e0 ne pas manquer. Sans parler des costumes !\u00a0<\/strong><\/p>\n<p>Dans le r\u00f4le de Jules C\u00e9sar, retrouvez le contre-t\u00e9nor <strong>Robert Expert<\/strong>, habitu\u00e9 des plus grandes sc\u00e8nes internationales, du Th\u00e9\u00e2tre des Champs-\u00c9lys\u00e9es au Bolcho\u00ef, en passant par les \u00c9tats-Unis et le Japon. \u00ab J\u2019encourage vraiment le public alsacien \u00e0 venir \u00e9couter Robert. C\u2019est une le\u00e7on magistrale : son timbre, sa puissance et sa pr\u00e9sence sc\u00e9nique vous submergent instantan\u00e9ment \u00bb, nous pr\u00e9cise Cyril Pallaud, pr\u00e9sident de Passions Crois\u00e9es.\u00a0<\/p>\n<p>                <img width=\"749\" height=\"500\" src=\"https:\/\/www.europesays.com\/fr\/wp-content\/uploads\/2026\/08\/soiree-roberto-alagna-du-26-septembre-francesco-procopio-scaled-e1732730601198-749x500.jpeg\" class=\"attachment-gallery size-gallery\" alt=\"\u00e9glise saint-guillaume + roberto alagna\" data-full-url=\"https:\/\/pokaa.fr\/wp-content\/uploads\/2024\/11\/27\/soiree-roberto-alagna-du-26-septembre-francesco-procopio-1500x1000.jpeg\" decoding=\"async\" loading=\"lazy\"  \/>            <\/p>\n<p>                <img width=\"749\" height=\"500\" src=\"https:\/\/www.europesays.com\/fr\/wp-content\/uploads\/2026\/08\/inauguration-du-piano-le-21-novembre-par-les-artistes-de-lacademie-jaroussky-francesco-procopio-scal.jpeg\" class=\"attachment-gallery size-gallery\" alt=\"\u00e9glise saint-guillaume\" data-full-url=\"https:\/\/pokaa.fr\/wp-content\/uploads\/2024\/11\/27\/inauguration-du-piano-le-21-novembre-par-les-artistes-de-lacademie-jaroussky-francesco-procopio-1500x1000.jpg\" decoding=\"async\" loading=\"lazy\"  \/>            <\/p>\n<p>                    \u00a9 Francesco Procopio \/ Documents remis<\/p>\n<p>Aux c\u00f4t\u00e9s de Robert Expert : <strong>Sofia Anisimova, <\/strong>mezzo-soprano, form\u00e9e \u00e0 l\u2019Op\u00e9ra de Paris, dans le r\u00f4le de Cl\u00e9op\u00e2tre. \u00ab La voix est sublime, souple, les aigu\u00ebs insolents, la vocalit\u00e9 facile et on ne voit qu\u2019elle sur sc\u00e8ne ! \u00bb <strong><a href=\"https:\/\/www.passions-croisees.com\/concert\/opera-g-f-haendel-jules-cesar\/\" target=\"_blank\" rel=\"noopener nofollow\">Pour en savoir plus, c\u2019est juste ici.\u00a0<\/a><\/strong><\/p>\n<p>Une pause \u00ab so British \u00bb entre deux visites<\/p>\n<p dir=\"ltr\">La nouveaut\u00e9 de cette rentr\u00e9e ?<strong> L\u2019ouverture d\u2019un salon de th\u00e9 \u00e9ph\u00e9m\u00e8re dans la chapelle Eva-Salom\u00e9 construite en 1322.<\/strong> Baptis\u00e9 <strong>\u00ab Le Guillaume \u00bb<\/strong> et inspir\u00e9 du Ritz \u00e0 Paris, il sera tenu par la cheffe <strong>Marion Trendel.<\/strong> En septembre, il n\u2019ouvrira que trois apr\u00e8s-midis, les 13, 19 et 20, de 15h \u00e0 18h, toujours cal\u00e9s sur d\u2019autres temps forts. C\u00f4t\u00e9 menu, il y aura des choux \u00e0 la cr\u00e8me, des madeleines, des tartelettes, etc.<\/p>\n<p>                <img width=\"750\" height=\"500\" src=\"https:\/\/www.europesays.com\/fr\/wp-content\/uploads\/2026\/08\/orgue-saint-guillaume-20.jpg\" class=\"attachment-gallery size-gallery\" alt=\"Orgue Saint-Guillaume (20)\" data-full-url=\"https:\/\/www.europesays.com\/fr\/wp-content\/uploads\/2026\/08\/orgue-saint-guillaume-20.jpg\" decoding=\"async\" loading=\"lazy\"  \/>            <\/p>\n<p>                <img width=\"333\" height=\"500\" src=\"https:\/\/www.europesays.com\/fr\/wp-content\/uploads\/2025\/05\/orgue-saint-guillaume-16.jpg\" class=\"attachment-gallery size-gallery\" alt=\"Orgue Saint-Guillaume (16)\" data-full-url=\"https:\/\/www.europesays.com\/fr\/wp-content\/uploads\/2025\/05\/orgue-saint-guillaume-16.jpg\" decoding=\"async\" loading=\"lazy\"  \/>            <\/p>\n<p>                    \u00a9 Mathilde Piaud \/ Pokaa <\/p>\n<p>D\u00e8s le 13 septembre justement, <strong><a href=\"https:\/\/www.passions-croisees.com\/concert\/orgue-gourmand-recital-patisseries-copy-copy-copy-copy-copy-copy\/\" target=\"_blank\" rel=\"noopener nofollow\">c\u2019est le retour des orgues-gourmands. <\/a>Les dimanches \u00e0 16h<\/strong>, profitez d\u2019un r\u00e9cital d\u2019orgue accompagn\u00e9 d\u2019une visite guid\u00e9e du seul orgue de France sur rails de chemin de fer. Puis le\u00a0week-end suivant, place aux\u00a0<strong><a href=\"https:\/\/www.passions-croisees.com\/programmation\/?e-page-06760a6=2\" target=\"_blank\" rel=\"noopener nofollow\">Journ\u00e9es du Patrimoine les 19 et 20,<\/a> avec acc\u00e8s \u00e0 la charpente de 1322<\/strong> et \u00e0 une exposition sur les vitraux (groupes limit\u00e9s, r\u00e9servation conseill\u00e9e).<\/p>\n<\/p>\n<p>\u00a0<\/p>\n<p>Six invit\u00e9(e)s de marque<\/p>\n<p>Avec une capacit\u00e9 de 500 places, Passions Crois\u00e9es a r\u00e9ussi le pari de faire venir six artistes de renom : l\u2019ancien danseur \u00e9toile de l\u2019Op\u00e9ra de Paris <strong>Mathieu Ganio<\/strong> le 5 novembre, <strong>Roberto Alagna, <\/strong>t\u00e9nor franco-italien, le 18 d\u00e9cembre, le violoncelliste <strong>Gautier Capu\u00e7on<\/strong> le 26 janvier, <strong>Francis Huster<\/strong> le 30 janvier, la soprano <strong>Patricia Petibon<\/strong> les 12 et 14 f\u00e9vrier et <strong>Anne Roumanoff<\/strong> le 20 mai prochain.<\/p>\n<p>                <img width=\"750\" height=\"500\" src=\"https:\/\/www.europesays.com\/fr\/wp-content\/uploads\/2026\/08\/alagna-09-750x500.jpeg\" class=\"attachment-gallery size-gallery\" alt=\"Roberto ALAGNA\" data-full-url=\"https:\/\/pokaa.fr\/wp-content\/uploads\/2026\/08\/28\/alagna-09-1500x1000.jpeg\" decoding=\"async\" loading=\"lazy\"  \/>            <\/p>\n<p>                <img width=\"716\" height=\"500\" src=\"https:\/\/www.europesays.com\/fr\/wp-content\/uploads\/2026\/08\/gautier-capucon-credit-warner-capucon-fm-2-2500-1746-45-5580-o-716x500.jpg\" class=\"attachment-gallery size-gallery\" alt=\"Gautier capucon\" data-full-url=\"https:\/\/pokaa.fr\/wp-content\/uploads\/2026\/08\/28\/gautier-capucon-credit-warner-capucon-fm-2-2500-1746-45-5580-o-1500x1048.jpg\" decoding=\"async\" loading=\"lazy\"  \/>            <\/p>\n<p>                <img width=\"334\" height=\"500\" src=\"https:\/\/www.europesays.com\/fr\/wp-content\/uploads\/2026\/08\/huster-francis-pascalito-scaled-1-334x500.jpg\" class=\"attachment-gallery size-gallery\" alt=\"HUSTER FRANCIS\" data-full-url=\"https:\/\/pokaa.fr\/wp-content\/uploads\/2026\/08\/28\/huster-francis-pascalito-scaled-1.jpg\" decoding=\"async\" loading=\"lazy\"  \/>            <\/p>\n<p>                <img width=\"424\" height=\"500\" src=\"https:\/\/www.europesays.com\/fr\/wp-content\/uploads\/2026\/08\/anne-roumanoff-joanne-azoubel-2-424x500.jpg\" class=\"attachment-gallery size-gallery\" alt=\"Anne Roumanoff\" data-full-url=\"https:\/\/pokaa.fr\/wp-content\/uploads\/2026\/08\/28\/anne-roumanoff-joanne-azoubel-2-1500x1771.jpg\" decoding=\"async\" loading=\"lazy\"  \/>            <\/p>\n<p>                    Roberto Alagna, Gautier Capu\u00e7on, Francis Huster et Anne Roumanoff. 1. \u00a9 Francesco Procopio \/ Document remis ; 2. \u00a9 Warner \/ Document remis ; 3. \u00a9 Pascal Ito \/ Document remis ; 4. \u00a9 Joanne Azoubel \/ Document remis<\/p>\n<p>Pour autant, pas besoin d\u2019attendre un grand concert pour pousser la porte de l\u2019\u00e9glise. <strong>D\u00e8s le 2 septembre, la dict\u00e9e mensuelle reprendra chaque premier mercredi du mois \u00e0 18h<\/strong> (5\u20ac, gratuite pour les moins de 26 ans). Et avis aux fans d\u2019orthographe, <strong>les meilleures copies gagneront des places de concerts,<\/strong> alors \u00e0 vos stylos !<\/p>\n<p>Retrouvez \u00e9galement les <strong>ateliers op\u00e9ra<\/strong> du samedi matin, qui vont d\u00e9marrer le 5 septembre avec Otello de Verdi. En parall\u00e8le, le <strong>yoga<\/strong> fait aussi son retour chaque mardi \u00e0 10h et chaque jeudi \u00e0 18h, dans le salon Schweitzer ou dans les jardins de l\u2019ancien clo\u00eetre.<\/p>\n<p>                <a href=\"https:\/\/pokaa.fr\/2025\/08\/26\/faire-du-yoga-dans-une-eglise-du-15e-siecle-cest-bientot-possible-a-strasbourg\/\" rel=\"nofollow noopener\" target=\"_blank\"><br \/>\n                    <img width=\"405\" height=\"270\" src=\"https:\/\/www.europesays.com\/fr\/wp-content\/uploads\/2025\/08\/orgue-saint-guillaume-1.jpg\" class=\"attachment-card-horizontal--same-subject size-card-horizontal--same-subject wp-post-image\" alt=\"\" decoding=\"async\" loading=\"lazy\"  \/>                <\/a><\/p>\n<p>                <img width=\"333\" height=\"500\" src=\"https:\/\/www.europesays.com\/fr\/wp-content\/uploads\/2025\/05\/orgue-saint-guillaume-21.jpg\" class=\"attachment-gallery size-gallery\" alt=\"Orgue Saint-Guillaume (21)\" data-full-url=\"https:\/\/www.europesays.com\/fr\/wp-content\/uploads\/2025\/05\/orgue-saint-guillaume-21.jpg\" decoding=\"async\" loading=\"lazy\"  \/>            <\/p>\n<p>                <img width=\"667\" height=\"500\" src=\"https:\/\/www.europesays.com\/fr\/wp-content\/uploads\/2025\/06\/saint-guillaume-2-667x500.jpeg\" class=\"attachment-gallery size-gallery\" alt=\"Saint Guillaume (2)\" data-full-url=\"https:\/\/pokaa.fr\/wp-content\/uploads\/2024\/07\/07\/saint-guillaume-2.jpeg\" decoding=\"async\" loading=\"lazy\"  \/>            <\/p>\n<p>                <img width=\"750\" height=\"500\" src=\"https:\/\/www.europesays.com\/fr\/wp-content\/uploads\/2026\/08\/visuel-messager-novembre-decembre-e1715363019146-750x500.jpg\" class=\"attachment-gallery size-gallery\" alt=\"Guillem Aubry + Saint-Guillaume\" data-full-url=\"https:\/\/pokaa.fr\/wp-content\/uploads\/2024\/05\/10\/visuel-messager-novembre-decembre-1500x999.jpg\" decoding=\"async\" loading=\"lazy\"  \/>            <\/p>\n<p>                    Cyril Pallaud et Guillem Aubry. 1. \u00a9 Mathilde Piaud \/ Pokaa ; 2. \u00a9 Paroisse Saint-Guillaume \/ Document remis ; 3. \u00a9 C-Y. Nicolas \/ Document remis<\/p>\n<p><strong>Pour en savoir plus et prendre vos places \u00e0 l\u2019occasion de cette nouvelle saison qui promet de beaux moments, <a href=\"https:\/\/www.passions-croisees.com\/programmation\/\" target=\"_blank\" rel=\"noopener nofollow\">rendez-vous ici, <\/a><\/strong>mais aussi <a href=\"https:\/\/www.facebook.com\/ParoisseProtestanteSaintGuillaume\/?locale=fr_FR\" target=\"_blank\" rel=\"noopener nofollow\">sur leur page Facebook <\/a>et directement \u00e0 l\u2019\u00e9glise !<\/p>\n<p>            Nouvelle saison culturelle \u00e0 l&rsquo;\u00e9glise Saint-Guillaume<\/p>\n<p>            Quoi ? <\/p>\n<p>Op\u00e9ra, salon de th\u00e9 \u00e9ph\u00e9m\u00e8re, concerts, yoga et visite du patrimoine<\/p>\n<p>                Quand ?<\/p>\n<p>\u00c0 partir du 9 septembre (voir le programme complet en fin d\u2019article)<\/p>\n<p>            o\u00f9 ?<\/p>\n<p>\u00c9glise Saint-Guillaume, 1 rue Munch, \u00e0 Strasbourg<\/p>\n<p>                Plus d&rsquo;infos ?<\/p>\n<p><a href=\"https:\/\/www.passions-croisees.com\/programmation\/\" target=\"_blank\" rel=\"noopener nofollow\">Informations et billetterie<\/a><\/p>\n<p><a href=\"https:\/\/www.facebook.com\/ParoisseProtestanteSaintGuillaume\/?locale=fr_FR\" target=\"_blank\" rel=\"noopener nofollow\">La page Facebook<\/a><\/p>\n<p>06 30 32 30 27 \u2013 <a href=\"http:\/\/pokaa.fr\/cdn-cgi\/l\/email-protection#89ebe0e5e5ecfdfdecfbe0ecc9f9e8fafae0e6e7faa4eafbe6e0faececfaa7eae6e4\" target=\"_blank\" rel=\"noopener nofollow\">[email\u00a0protected]<\/a><\/p>\n<p>Billetterie sur place les mercredis et samedis (10h-12h \/ 16h-18h)<\/p>\n<p>                <img width=\"333\" height=\"500\" src=\"https:\/\/www.europesays.com\/fr\/wp-content\/uploads\/2026\/08\/4-333x500.jpg\" class=\"attachment-gallery size-gallery\" alt=\"Jules C\u00e9sar Haendel\" data-full-url=\"https:\/\/pokaa.fr\/wp-content\/uploads\/2026\/08\/28\/4-1500x2250.jpg\" decoding=\"async\" loading=\"lazy\"  \/>            <\/p>\n<p>                <img width=\"333\" height=\"500\" src=\"https:\/\/www.europesays.com\/fr\/wp-content\/uploads\/2026\/03\/dsc-3231-333x500.jpg\" class=\"attachment-gallery size-gallery\" alt=\"Temps des f\u00e9minismes BI biblioth\u00e8ques id\u00e9ales\" data-full-url=\"https:\/\/pokaa.fr\/wp-content\/uploads\/2026\/03\/23\/dsc-3231.jpg\" decoding=\"async\" loading=\"lazy\"  \/>            <\/p>\n<p>                    1. \u00a9 Cyril Pallaud \/ Document remis ; 2. \u00a9 Alban Hefti \/ Document remis<\/p>\n","protected":false},"excerpt":{"rendered":"Un salon de th\u00e9 \u00e9ph\u00e9m\u00e8re dans une chapelle du XIVe si\u00e8cle, Roberto Alagna, Anne Roumanoff, Jules C\u00e9sar, du&hellip;\n","protected":false},"author":2,"featured_media":1156208,"comment_status":"","ping_status":"","sticky":false,"template":"","format":"standard","meta":{"footnotes":"","_share_on_mastodon":"0"},"categories":[2820],"tags":[118347,1111,11,44754,4156,52811,1777,674,1011,27,775,1393,12,25,1669,640,58524],"class_list":["post-1156207","post","type-post","status-publish","format-standard","has-post-thumbnail","category-strasbourg","tag-a-strasbourg","tag-actu","tag-actualites","tag-agenda-culturel","tag-concerts","tag-eglise-saint-guillaume","tag-eu","tag-europe","tag-fr","tag-france","tag-grand-est","tag-loisirs","tag-news","tag-republique-francaise","tag-sorties","tag-strasbourg","tag-strasbourg-actualite"],"share_on_mastodon":{"url":"https:\/\/pubeurope.com\/@fr\/117181135183339314","error":""},"_links":{"self":[{"href":"https:\/\/www.europesays.com\/fr\/wp-json\/wp\/v2\/posts\/1156207","targetHints":{"allow":["GET"]}}],"collection":[{"href":"https:\/\/www.europesays.com\/fr\/wp-json\/wp\/v2\/posts"}],"about":[{"href":"https:\/\/www.europesays.com\/fr\/wp-json\/wp\/v2\/types\/post"}],"author":[{"embeddable":true,"href":"https:\/\/www.europesays.com\/fr\/wp-json\/wp\/v2\/users\/2"}],"replies":[{"embeddable":true,"href":"https:\/\/www.europesays.com\/fr\/wp-json\/wp\/v2\/comments?post=1156207"}],"version-history":[{"count":0,"href":"https:\/\/www.europesays.com\/fr\/wp-json\/wp\/v2\/posts\/1156207\/revisions"}],"wp:featuredmedia":[{"embeddable":true,"href":"https:\/\/www.europesays.com\/fr\/wp-json\/wp\/v2\/media\/1156208"}],"wp:attachment":[{"href":"https:\/\/www.europesays.com\/fr\/wp-json\/wp\/v2\/media?parent=1156207"}],"wp:term":[{"taxonomy":"category","embeddable":true,"href":"https:\/\/www.europesays.com\/fr\/wp-json\/wp\/v2\/categories?post=1156207"},{"taxonomy":"post_tag","embeddable":true,"href":"https:\/\/www.europesays.com\/fr\/wp-json\/wp\/v2\/tags?post=1156207"}],"curies":[{"name":"wp","href":"https:\/\/api.w.org\/{rel}","templated":true}]}}