{"id":1156278,"date":"2026-08-29T23:07:17","date_gmt":"2026-08-29T23:07:17","guid":{"rendered":"https:\/\/www.europesays.com\/fr\/1156278\/"},"modified":"2026-08-29T23:07:17","modified_gmt":"2026-08-29T23:07:17","slug":"the-voice-kids-2026-le-beau-geste-de-jeff-panacloc-pour-un-candidat-recale-aux-auditions-a-laveugle","status":"publish","type":"post","link":"https:\/\/www.europesays.com\/fr\/1156278\/","title":{"rendered":"The Voice Kids 2026 : Le beau geste de Jeff Panacloc pour un candidat recal\u00e9 aux auditions \u00e0 l&rsquo;aveugle"},"content":{"rendered":"<p>Ce samedi 29 ao\u00fbt, <a href=\"https:\/\/www.programme-tv.net\/news\/tv\/406981-the-voice-kids-2026-matt-pokora-porte-une-veste-en-reference-a-une-star-americaine-aux-auditions-a-l-aveugle\/\" data-api-deeplink=\"teleloisirs:\/\/news\/406981\" rel=\"nofollow noopener\" target=\"_blank\">les auditions \u00e0 l&rsquo;aveugle se sont poursuivies<\/a> dans <a href=\"https:\/\/www.programme-tv.net\/news\/tv\/406167-the-voice-kids-2026-date-de-diffusion-coachs-arrivee-de-styleto-toutes-les-infos-sur-la-saison-12\/\" data-api-deeplink=\"teleloisirs:\/\/news\/406167\" rel=\"nofollow noopener\" target=\"_blank\">The Voice Kids 2026<\/a> sur TF1. Lisandro, 12 ans, a tent\u00e9 sa chance sur Est-ce que tu m&rsquo;aimes de Gims. Et il n&rsquo;\u00e9tait pas seul. Le passionn\u00e9 de ventriloquie est venu accompagn\u00e9 de sa marionnette Gaspard. Malheureusement, aucun des <a href=\"https:\/\/www.programme-tv.net\/news\/tv\/406479-the-voice-kids-2026-quels-candidats-sont-dans-l-equipe-de-matt-pokora-santa-soprano-et-patrick-fiori-photos\/\" data-api-deeplink=\"teleloisirs:\/\/news\/406479\" rel=\"nofollow noopener\" target=\"_blank\">coachs de la saison 12<\/a> ne s&rsquo;est retourn\u00e9 lors de sa prestation.<\/p>\n<p>Lors de sa pr\u00e9sentation, le candidat originaire des Landes a r\u00e9v\u00e9l\u00e9 \u00eatre un grand fan de Jeff Panacloc. \u00ab\u00a0Mon plus grand r\u00eave serait que Jeff Panacloc me regarde sur sc\u00e8ne, <b>\u00e7a serait vraiment magique, c&rsquo;est mon idole<\/b>\u00ab\u00a0, avait-il confi\u00e9. Et il a \u00e9t\u00e9 servi. Apr\u00e8s avoir assist\u00e9 \u00e0 son audition \u00e0 l&rsquo;aveugle depuis la family room, l&rsquo;humoriste a d\u00e9barqu\u00e9 sur le plateau avec son acolyte Jean-Marc.<\/p>\n<p>Jeff Panocloc fait une belle proposition \u00e0 Lisandro (The Voice Kids) apr\u00e8s son \u00e9chec aux auditions \u00e0 l&rsquo;aveugle<\/p>\n<p>Lisandro a \u00e9t\u00e9 surpris par Jeff Panacloc sur le plateau de The Voice Kids. \u00ab\u00a0J&rsquo;ai fait ma premi\u00e8re t\u00e9l\u00e9 \u00e0 9 ans et je peux te dire que je n&rsquo;aurais pas eu ce courage-l\u00e0\u00a0\u00bb, a f\u00e9licit\u00e9 l&rsquo;humoriste. \u00ab\u00a0Est-ce que, peut-\u00eatre, \u00e7a serait envisageable sur ta future tourn\u00e9e ou lors d&rsquo;un de tes spectacles qu&rsquo;il vienne un soir avec toi ?\u00a0\u00bb, a sugg\u00e9r\u00e9 <a href=\"https:\/\/www.programme-tv.net\/biographie\/20185-fiori-patrick\/\" data-link-people=\"ffed3509-79ac-4a5a-8e29-6cd7151f71a1\" rel=\"nofollow noopener\" target=\"_blank\">Patrick Fiori<\/a>.<\/p>\n<p>L&rsquo;humoriste a imm\u00e9diatement accept\u00e9 de partager la sc\u00e8ne avec Lisandro quand l&rsquo;occasion se pr\u00e9sentera. \u00ab\u00a0Bien s\u00fbr, avec plaisir, carr\u00e9ment !\u00a0\u00bb, a-t-il r\u00e9pondu. \u00ab\u00a0<b>L\u00e0, il a tout gagn\u00e9<\/b>\u00ab\u00a0, ont comment\u00e9 ses proches tandis que Patrick Fiori a salu\u00e9 le beau geste de Jeff Panacloc : \u00ab\u00a0<b>C&rsquo;est g\u00e9n\u00e9reux de la part de Jeff<\/b>.\u00a0\u00bb<\/p>\n<p>\u00ab\u00a0On a h\u00e2te de vous retrouver tous les deux sur sc\u00e8ne\u00a0\u00bb, a repris Nikos Aliagas avant de s&rsquo;adresser \u00e0 la marionnette de Jeff Panacloc. \u00ab\u00a0Jean-Marc, tu ne seras pas jaloux sur sc\u00e8ne ?\u00a0\u00bb, a plaisant\u00e9 l&rsquo;animateur.<\/p>\n<p>Lisandro (The Voice Kids 2026) a fait une vid\u00e9o qui a g\u00e9n\u00e9r\u00e9 3 millions de vues !<\/p>\n<p>En plus de chanter, Lisandra poste des vid\u00e9os humoristiques sur les r\u00e9seaux sociaux. Sur TikTok, <a href=\"https:\/\/www.programme-tv.net\/news\/tv\/406479-the-voice-kids-2026-quels-candidats-sont-dans-l-equipe-de-matt-pokora-santa-soprano-et-patrick-fiori-photos\/\" data-api-deeplink=\"teleloisirs:\/\/news\/406479\" rel=\"nofollow noopener\" target=\"_blank\">le candidat de The Voice Kids<\/a> est suivi par plus de 95 000 personnes. Sur cette plateforme, sa reprise Est-ce que tu m&rsquo;aimes de Gims avait r\u00e9colt\u00e9 plus de 3 millions de vues !<\/p>\n<blockquote class=\"tiktok-embed\" cite=\"https:\/\/www.tiktok.com\/@lisandro.gaspard\/video\/7557018011979238678\" data-video-id=\"7557018011979238678\" data-embed-from=\"oembed\" style=\"max-width:605px; min-width:325px;\"><p>  <a target=\"_blank\" title=\"@lisandro.gaspard\" href=\"https:\/\/www.tiktok.com\/@lisandro.gaspard?refer=embed\" rel=\"nofollow noopener\">@lisandro.gaspard<\/a> <\/p>\n<p><a title=\"ventriloque\" target=\"_blank\" href=\"https:\/\/www.tiktok.com\/tag\/ventriloque?refer=embed\" rel=\"nofollow noopener\">#ventriloque<\/a> <a title=\"ventriloquie\" target=\"_blank\" href=\"https:\/\/www.tiktok.com\/tag\/ventriloquie?refer=embed\" rel=\"nofollow noopener\">#ventriloquie<\/a> <a title=\"chant\" target=\"_blank\" href=\"https:\/\/www.tiktok.com\/tag\/chant?refer=embed\" rel=\"nofollow noopener\">#chant<\/a> <a title=\"gims\" target=\"_blank\" href=\"https:\/\/www.tiktok.com\/tag\/gims?refer=embed\" rel=\"nofollow noopener\">#gims<\/a> @Gims <\/p>\n<p> <a target=\"_blank\" title=\"\u266c son original - Lisandro et Gaspard\" href=\"https:\/\/www.tiktok.com\/music\/son-original-7557018034748394262?refer=embed\" rel=\"nofollow noopener\">\u266c son original &#8211; Lisandro et Gaspard<\/a>  <\/p><\/blockquote>\n<p>    <script async src=\"\/\/www.tiktok.com\/embed.js\"><\/script><\/p>\n","protected":false},"excerpt":{"rendered":"Ce samedi 29 ao\u00fbt, les auditions \u00e0 l&rsquo;aveugle se sont poursuivies dans The Voice Kids 2026 sur TF1.&hellip;\n","protected":false},"author":2,"featured_media":1156279,"comment_status":"","ping_status":"","sticky":false,"template":"","format":"standard","meta":{"footnotes":"","_share_on_mastodon":"0"},"categories":[1356],"tags":[244,58,59,1011,27,11888,10827,252,199,10828,1364],"class_list":["post-1156278","post","type-post","status-publish","format-standard","has-post-thumbnail","category-television","tag-commentaire","tag-divertissement","tag-entertainment","tag-fr","tag-france","tag-jeff-panacloc","tag-nikos-aliagas","tag-television","tag-tf1","tag-the-voice-kids","tag-tv"],"share_on_mastodon":{"url":"https:\/\/pubeurope.com\/@fr\/117181313740070411","error":""},"_links":{"self":[{"href":"https:\/\/www.europesays.com\/fr\/wp-json\/wp\/v2\/posts\/1156278","targetHints":{"allow":["GET"]}}],"collection":[{"href":"https:\/\/www.europesays.com\/fr\/wp-json\/wp\/v2\/posts"}],"about":[{"href":"https:\/\/www.europesays.com\/fr\/wp-json\/wp\/v2\/types\/post"}],"author":[{"embeddable":true,"href":"https:\/\/www.europesays.com\/fr\/wp-json\/wp\/v2\/users\/2"}],"replies":[{"embeddable":true,"href":"https:\/\/www.europesays.com\/fr\/wp-json\/wp\/v2\/comments?post=1156278"}],"version-history":[{"count":0,"href":"https:\/\/www.europesays.com\/fr\/wp-json\/wp\/v2\/posts\/1156278\/revisions"}],"wp:featuredmedia":[{"embeddable":true,"href":"https:\/\/www.europesays.com\/fr\/wp-json\/wp\/v2\/media\/1156279"}],"wp:attachment":[{"href":"https:\/\/www.europesays.com\/fr\/wp-json\/wp\/v2\/media?parent=1156278"}],"wp:term":[{"taxonomy":"category","embeddable":true,"href":"https:\/\/www.europesays.com\/fr\/wp-json\/wp\/v2\/categories?post=1156278"},{"taxonomy":"post_tag","embeddable":true,"href":"https:\/\/www.europesays.com\/fr\/wp-json\/wp\/v2\/tags?post=1156278"}],"curies":[{"name":"wp","href":"https:\/\/api.w.org\/{rel}","templated":true}]}}