{"id":1156288,"date":"2026-08-29T23:13:20","date_gmt":"2026-08-29T23:13:20","guid":{"rendered":"https:\/\/www.europesays.com\/fr\/1156288\/"},"modified":"2026-08-29T23:13:20","modified_gmt":"2026-08-29T23:13:20","slug":"joy-the-voice-kids-2026-justifie-son-choix-de-chanson-jai-perdu-une-personne-tres-chere","status":"publish","type":"post","link":"https:\/\/www.europesays.com\/fr\/1156288\/","title":{"rendered":"Joy (The Voice Kids 2026) justifie son choix de chanson : \u00ab\u00a0J&rsquo;ai perdu une personne tr\u00e8s ch\u00e8re\u00a0\u00bb"},"content":{"rendered":"<p>La douzi\u00e8me saison de <a href=\"https:\/\/www.programme-tv.net\/news\/tv\/406167-the-voice-kids-2026-date-de-diffusion-coachs-arrivee-de-styleto-toutes-les-infos-sur-la-saison-12\/\" data-api-deeplink=\"teleloisirs:\/\/news\/406167\" rel=\"nofollow noopener\" target=\"_blank\">The Voice Kids<\/a> a d\u00e9but\u00e9 <a href=\"https:\/\/www.programme-tv.net\/news\/tv\/407031-audiences-quel-score-pour-le-lancement-de-the-voice-kids-ce-samedi-22-aout-2026-sur-tf1\/\" data-api-deeplink=\"teleloisirs:\/\/news\/407031\" rel=\"nofollow noopener\" target=\"_blank\">le samedi 22\u00a0ao\u00fbt<\/a> sur TF1. Une \u00e9dition pour laquelle la production a fait le choix de ne pas changer son quatuor de coachs\u00a0: Soprano, <a href=\"https:\/\/www.programme-tv.net\/biographie\/243465-pokora-m\/\" data-link-people=\"7e0f9812-4c6a-4475-a694-2ea3f8554a2d\" rel=\"nofollow noopener\" target=\"_blank\">M. Pokora<\/a>, Patrick Fiori et Santa. Une premi\u00e8re depuis 2019\u00a0! Cette ann\u00e9e, une soixantaine de talents \u00e2g\u00e9s de 6 \u00e0 15 ans se sont pr\u00e9sent\u00e9s sur sc\u00e8ne. Parmi eux, Joy, 10 ans, dans le deuxi\u00e8me \u00e9pisode, qui a d\u00e9j\u00e0 une carri\u00e8re bien remplie.<\/p>\n<p>Du haut de son tr\u00e8s jeune \u00e2ge, elle fait d\u00e9j\u00e0 partie de la troupe de la com\u00e9die musicale Le Roi Lion et pr\u00eate sa voix \u00e0 un film d&rsquo;animation. Ce samedi 29\u00a0ao\u00fbt, elle a conquis les quatre coachs en interpr\u00e9tant La Rivi\u00e8re de notre enfance de Michel Sardou <a href=\"https:\/\/www.programme-tv.net\/news\/tv\/406592-je-n-avais-pas-du-tout-vecu-ca-il-y-a-10-ans-matt-pokora-evoque-l-evolution-de-the-voice-kids\/\" data-api-deeplink=\"teleloisirs:\/\/news\/406592\" rel=\"nofollow noopener\" target=\"_blank\">en hommage \u00e0 un proche disparu<\/a>. Elle a fait le choix de rejoindre l&rsquo;\u00e9quipe de Patrick Fiori. Elle se livre \u00e0 T\u00e9l\u00e9-Loisirs.<\/p>\n<p>                        \u00ab\u00a0Je voulais livrer des messages forts\u00a0\u00bb\u00a0: Joy explique ce qui a motiv\u00e9 sa participation \u00e0 The Voice Kids<\/p>\n<p><b>T\u00e9l\u00e9-Loisirs<\/b><b>\u00a0: Pourquoi as-tu particip\u00e9 \u00e0 <\/b><b>The Voice Kids<\/b><b>\u00a0?<br \/>Joy<\/b>\u00a0: Je suis fan de l&rsquo;\u00e9mission depuis toute petite. Je voulais y participer parce que je voulais livrer des messages forts pour moi, de paix, d&rsquo;amour, et pour les personnes qui en ont besoin. Et aussi parce que pouvoir travailler avec des artistes qui ont autant de technique, c&rsquo;est incroyable.<\/p>\n<p><b>Comment as-tu candidat\u00e9 \u00e0 l&rsquo;\u00e9mission\u00a0?<br \/><\/b>J&rsquo;avais candidat\u00e9 l&rsquo;ann\u00e9e pr\u00e9c\u00e9dente, mais j&rsquo;habitais encore sur l&rsquo;\u00eele de La R\u00e9union et je suis arriv\u00e9e hors d\u00e9lai pour le casting. La production nous a envoy\u00e9 un message en d\u00e9cembre dernier pour demander si je voulais candidater de nouveau.<\/p>\n<p><b>Depuis quand chantes-tu\u00a0?<br \/><\/b>Depuis que je suis tout b\u00e9b\u00e9. Ma maman disait que je chantais avant de parler.<\/p>\n<p><b>\u00c9tais-tu stress\u00e9e sur la sc\u00e8ne de <\/b><b>The Voice<\/b><b>\u00a0?<br \/><\/b>Oui, vraiment, j&rsquo;\u00e9tais tr\u00e8s stress\u00e9e. On ne sait pas ce que les juges disent de nous, le public est silencieux, les lumi\u00e8res se projettent sur nous\u2026 Donc c&rsquo;est un peu stressant. Je connaissais la cam\u00e9ra, mais elle \u00e9tait tr\u00e8s proche de moi, \u00e7a rajoutait \u00e0 la tension.<\/p>\n<p><b>Tu as chant\u00e9 <\/b><b>La Rivi\u00e8re de notre enfance<\/b><b> de <\/b><a href=\"https:\/\/www.programme-tv.net\/biographie\/1525-sardou-michel\/\" data-link-people=\"d9952577-ff86-4f9d-ad22-6c8724cf2b24\" rel=\"nofollow noopener\" target=\"_blank\"><b>Michel Sardou<\/b><\/a><b>, pourquoi ce choix de chanson\u00a0?<br \/><\/b>J&rsquo;ai fait ce choix parce que j&rsquo;ai perdu une personne tr\u00e8s ch\u00e8re \u00e0 mon c\u0153ur et je voulais lui rendre hommage. C&rsquo;est ma mamie Martine qui me l&rsquo;a propos\u00e9. Et comme moi j&rsquo;aime bien reprendre d&rsquo;anciennes chansons en piano-voix, j&rsquo;ai trouv\u00e9 cette chanson tr\u00e8s jolie.<\/p>\n<p><b>Qu&rsquo;as-tu ressenti quand les quatre coachs se sont retourn\u00e9s\u00a0?<br \/><\/b>Je me suis dit\u00a0: \u00ab\u00a0\u00c7a y est, je r\u00e9alise mon r\u00eave.\u00a0\u00bb C&rsquo;est incroyable.<\/p>\n<p><b>\u00c7a t&rsquo;a d\u00e9concentr\u00e9e\u00a0?<br \/><\/b>Non, parce que je suis vraiment rest\u00e9e dans ma chanson. Je me disais\u00a0: \u00ab\u00a0Il ne faut pas se d\u00e9concentre\u00a0\u00bb, parce que c&rsquo;est CE moment-l\u00e0 et qu&rsquo;il faut vraiment rester concentr\u00e9e.<\/p>\n<p><b>Tu as eu le choix entre les quatre coachs. Pourquoi avoir rejoint l&rsquo;\u00e9quipe de Patrick Fiori\u00a0?<br \/><\/b>Je ne sais pas comment l&rsquo;expliquer, mais quelque chose en lui m&rsquo;a touch\u00e9e. J&rsquo;ai senti une vraie connexion. Je n&rsquo;avais rien en t\u00eate avant de monter sur sc\u00e8ne, je me suis d\u00e9cid\u00e9e sur le coup.<\/p>\n<p>\u00ab\u00a0\u00c7a m&rsquo;a beaucoup touch\u00e9e\u00a0\u00bb\u00a0: Joy d\u00e9voile ce que Soprano lui a dit les larmes aux yeux dans The Voice Kids<\/p>\n<p><b>Quand tu racontes ton histoire, Soprano a les larmes aux yeux. As-tu h\u00e9sit\u00e9 \u00e0 rejoindre son \u00e9quipe\u00a0?<br \/><\/b>Oui, \u00e7a m&rsquo;a beaucoup touch\u00e9e. Il m&rsquo;a dit que les gens sont comme des bougies et qu&rsquo;on n&rsquo;est pas \u00e9ternels\u00a0: la bougie va s&rsquo;\u00e9teindre au bout d&rsquo;un moment. Et il m&rsquo;a dit que moi, je l&rsquo;avais rallum\u00e9e.<\/p>\n<p><b>Tu joues Nala dans la com\u00e9die musicale <\/b><b>Le Roi Lion<\/b><b>, que t&rsquo;apprend cette exp\u00e9rience\u00a0?<br \/><\/b>J&rsquo;ai commenc\u00e9 les repr\u00e9sentations en f\u00e9vrier, c&rsquo;est trop bien d&rsquo;\u00eatre sur sc\u00e8ne. J&rsquo;apprends \u00e0 danser, chanter, faire du th\u00e9\u00e2tre, et c&rsquo;est incroyable. C&rsquo;est ce que j&rsquo;adore faire.<\/p>\n<p><b>Tu pr\u00eates aussi ta voix \u00e0 un film d&rsquo;animation qui va sortir. C&rsquo;est un tout autre domaine\u00a0?<br \/><\/b>Oui, car ce n&rsquo;est pas du doublage mais de la cr\u00e9ation de voix, donc je peux mettre l&rsquo;\u00e9motion que je veux dans le personnage.<\/p>\n<p><b>C&rsquo;est pour tous ces projets que tu as d\u00e9m\u00e9nag\u00e9 \u00e0 Paris\u00a0?<br \/><\/b>Avec ma m\u00e8re, nous habitions \u00e0 La R\u00e9union et nous sommes venues \u00e0 Paris car ma m\u00e8re avait une formation. Aussi parce que je voulais faire des choses artistiques, mais on ne s&rsquo;attendait pas \u00e0 ce que je fasse autant de choses.<\/p>\n<p><b>Quel est ton r\u00eave dans la musique\u00a0?<br \/><\/b>Mon r\u00eave, ce serait de faire de grandes sc\u00e8nes, de chanter \u00e0 l&rsquo;Accor Arena ou de faire plein d&rsquo;autres choses.<\/p>\n","protected":false},"excerpt":{"rendered":"La douzi\u00e8me saison de The Voice Kids a d\u00e9but\u00e9 le samedi 22\u00a0ao\u00fbt sur TF1. Une \u00e9dition pour laquelle&hellip;\n","protected":false},"author":2,"featured_media":1156289,"comment_status":"","ping_status":"","sticky":false,"template":"","format":"standard","meta":{"footnotes":"","_share_on_mastodon":"0"},"categories":[8],"tags":[73145,73384,1409,244,58,59,1011,27,2173,9644,10825,10826,199,10828,118395],"class_list":["post-1156288","post","type-post","status-publish","format-standard","has-post-thumbnail","category-divertissement","tag-73145","tag-73384","tag-bande-annonce","tag-commentaire","tag-divertissement","tag-entertainment","tag-fr","tag-france","tag-interview","tag-patrick-fiori","tag-santa-hyphen-hyphen","tag-soprano","tag-tf1","tag-the-voice-kids","tag-the-voice-kids-tf1-29-aou00fbt"],"share_on_mastodon":{"url":"https:\/\/pubeurope.com\/@fr\/117181337372384166","error":""},"_links":{"self":[{"href":"https:\/\/www.europesays.com\/fr\/wp-json\/wp\/v2\/posts\/1156288","targetHints":{"allow":["GET"]}}],"collection":[{"href":"https:\/\/www.europesays.com\/fr\/wp-json\/wp\/v2\/posts"}],"about":[{"href":"https:\/\/www.europesays.com\/fr\/wp-json\/wp\/v2\/types\/post"}],"author":[{"embeddable":true,"href":"https:\/\/www.europesays.com\/fr\/wp-json\/wp\/v2\/users\/2"}],"replies":[{"embeddable":true,"href":"https:\/\/www.europesays.com\/fr\/wp-json\/wp\/v2\/comments?post=1156288"}],"version-history":[{"count":0,"href":"https:\/\/www.europesays.com\/fr\/wp-json\/wp\/v2\/posts\/1156288\/revisions"}],"wp:featuredmedia":[{"embeddable":true,"href":"https:\/\/www.europesays.com\/fr\/wp-json\/wp\/v2\/media\/1156289"}],"wp:attachment":[{"href":"https:\/\/www.europesays.com\/fr\/wp-json\/wp\/v2\/media?parent=1156288"}],"wp:term":[{"taxonomy":"category","embeddable":true,"href":"https:\/\/www.europesays.com\/fr\/wp-json\/wp\/v2\/categories?post=1156288"},{"taxonomy":"post_tag","embeddable":true,"href":"https:\/\/www.europesays.com\/fr\/wp-json\/wp\/v2\/tags?post=1156288"}],"curies":[{"name":"wp","href":"https:\/\/api.w.org\/{rel}","templated":true}]}}