{"id":1156339,"date":"2026-08-29T23:51:19","date_gmt":"2026-08-29T23:51:19","guid":{"rendered":"https:\/\/www.europesays.com\/fr\/1156339\/"},"modified":"2026-08-29T23:51:19","modified_gmt":"2026-08-29T23:51:19","slug":"controverse-un-large-pont-sur-la-deule-sera-bien-construit-les-travaux-commencent-mardi","status":"publish","type":"post","link":"https:\/\/www.europesays.com\/fr\/1156339\/","title":{"rendered":"Controvers\u00e9, un large pont sur la De\u00fble sera bien construit, les travaux commencent mardi"},"content":{"rendered":"<p>\tLe chantier du pont sur la De\u00fble entre Saint-Andr\u00e9 et La Madeleine, port\u00e9 par la m\u00e9tropole de Lille, d\u00e9marre le 1er septembre. La construction de ce projet \u00e0 20\u00a0millions divise par son ampleur, sa largeur et son impact sur le trafic.<\/p>\n<p>   Article r\u00e9serv\u00e9 aux abonn\u00e9s<\/p>\n<p>                    <a href=\"https:\/\/google.com\/preferences\/source?q=lavoixdunord.fr\" target=\"_blank\" class=\"r-btn r-btn--outline-dark r-btn--google js-datalayer-click\" title=\"Ajouter sur Google\" data-clic-category=\"article\" data-clic-component=\"pr\u00e9f\u00e9rences\" data-clic-element-type=\"CTA\" data-clic-element-name=\"source\" pr=\"\" google=\"\" rel=\"nofollow noopener\"><\/p>\n<p>                      Ajouter aux sources pr\u00e9f\u00e9r\u00e9es sur Google<br \/>\n                  <\/a><\/p>\n<p>  <img decoding=\"async\" class=\"r-img lazy\" data-  src=\"https:\/\/www.europesays.com\/fr\/wp-content\/uploads\/2026\/08\/98918726.jpeg\" typeof=\"foaf:Image\" alt=\"Les travaux pr\u00e9paratoires r\u00e9alis\u00e9s sur la voirie \u00e0 Saint-Andr\u00e9 donnent une id\u00e9e de la largeur du futur pont enjambant la De\u00fble.\"\/>  <\/p>\n<p>Article<\/p>\n<p>  <img decoding=\"async\" class=\"r-img lazyloaded\" src=\"https:\/\/www.europesays.com\/fr\/wp-content\/uploads\/2026\/03\/charlesolivier_bourgeot_2.jpg\" alt=\"\"\/><\/p>\n<p>\tPubli\u00e9: 29 Ao\u00fbt 2026 \u00e0 16h00<\/p>\n<p>Temps de lecture:<br \/>\n2 min<\/p>\n<p>Le controvers\u00e9 pont sur la De\u00fble, entre Saint-Andr\u00e9 et La Madeleine, sera bien construit. Les travaux commencent.<\/p>\n<p>Un nouveau pont pour franchir la De\u00fble<\/p>\n<p>Ce futur pont sur la De\u00fble vise \u00e0 joindre les deux rives, entre la rue Sadi-Carnot \u00e0 Saint-Andr\u00e9 et la rue Gustave-Scrive \u00e0 La Madeleine, pour accompagner le d\u00e9veloppement des Bords de De\u00fble, soulager les autres ponts et absorber la hausse attendue des d\u00e9placements.<\/p>\n<p>&#13;<br \/>\n&#13;<\/p>\n<p>&#13;<br \/>\n&#13;<\/p>\n<p>  Article r\u00e9serv\u00e9 aux abonn\u00e9s<\/p>\n<p>Pour lire la suite de cet article :<\/p>\n<p><strong>Abonnez-vous \u00e0 notre offre num\u00e9rique. <\/strong><\/p>\n<p>Sans engagement de dur\u00e9e.<\/p>\n<p>    <a class=\"r-btn r-btn--secondary js-sso--url\" target=\"_self\" rel=\"nofollow noopener\" href=\"https:\/\/espace-abonnement.lavoixdunord.fr\/?int_source=site_vdn&amp;int_medium=paywall_natif&amp;int_campaign=abo_tout?backurl=[current-page:js-url]\" id=\"abonnements_boutique btn_paywall_subscribe\">S&rsquo;ABONNER<\/a><\/p>\n<p>    Vous \u00eates d\u00e9j\u00e0 abonn\u00e9 ou inscrit ?<br \/><a class=\"js-sso--url\" id=\"btn_paywall_login\" href=\"https:\/\/ssov3.lavoixdunord.fr\/product\/redirect?product_id=fr_lavoixdunord&amp;return_to=[current-page:js-url]\" rel=\"nofollow noopener\" target=\"_blank\">Se connecter<\/a><\/p>\n<p>Contenus sponsoris\u00e9s<\/p>\n<p>&#13;<br \/>\n&#13;<\/p>\n","protected":false},"excerpt":{"rendered":"Le chantier du pont sur la De\u00fble entre Saint-Andr\u00e9 et La Madeleine, port\u00e9 par la m\u00e9tropole de Lille,&hellip;\n","protected":false},"author":2,"featured_media":1156340,"comment_status":"","ping_status":"","sticky":false,"template":"","format":"standard","meta":{"footnotes":"","_share_on_mastodon":"0"},"categories":[2815],"tags":[1111,11,49121,118408,4107,1777,674,1011,27,811,21703,1307,4863,12,118407,110655,25,4113,1097,4109],"class_list":["post-1156339","post","type-post","status-publish","format-standard","has-post-thumbnail","category-lille","tag-actu","tag-actualites","tag-bhns","tag-bords-de-deule","tag-chantier","tag-eu","tag-europe","tag-fr","tag-france","tag-hauts-de-france","tag-la-madeleine","tag-lille","tag-metropole-europeenne-de-lille","tag-news","tag-pont-sur-la-deule","tag-quai-22","tag-republique-francaise","tag-saint-andre","tag-trafic","tag-tramway"],"share_on_mastodon":{"url":"https:\/\/pubeurope.com\/@fr\/117181488327210963","error":""},"_links":{"self":[{"href":"https:\/\/www.europesays.com\/fr\/wp-json\/wp\/v2\/posts\/1156339","targetHints":{"allow":["GET"]}}],"collection":[{"href":"https:\/\/www.europesays.com\/fr\/wp-json\/wp\/v2\/posts"}],"about":[{"href":"https:\/\/www.europesays.com\/fr\/wp-json\/wp\/v2\/types\/post"}],"author":[{"embeddable":true,"href":"https:\/\/www.europesays.com\/fr\/wp-json\/wp\/v2\/users\/2"}],"replies":[{"embeddable":true,"href":"https:\/\/www.europesays.com\/fr\/wp-json\/wp\/v2\/comments?post=1156339"}],"version-history":[{"count":0,"href":"https:\/\/www.europesays.com\/fr\/wp-json\/wp\/v2\/posts\/1156339\/revisions"}],"wp:featuredmedia":[{"embeddable":true,"href":"https:\/\/www.europesays.com\/fr\/wp-json\/wp\/v2\/media\/1156340"}],"wp:attachment":[{"href":"https:\/\/www.europesays.com\/fr\/wp-json\/wp\/v2\/media?parent=1156339"}],"wp:term":[{"taxonomy":"category","embeddable":true,"href":"https:\/\/www.europesays.com\/fr\/wp-json\/wp\/v2\/categories?post=1156339"},{"taxonomy":"post_tag","embeddable":true,"href":"https:\/\/www.europesays.com\/fr\/wp-json\/wp\/v2\/tags?post=1156339"}],"curies":[{"name":"wp","href":"https:\/\/api.w.org\/{rel}","templated":true}]}}