{"id":115634,"date":"2025-05-21T00:48:12","date_gmt":"2025-05-21T00:48:12","guid":{"rendered":"https:\/\/www.europesays.com\/fr\/115634\/"},"modified":"2025-05-21T00:48:12","modified_gmt":"2025-05-21T00:48:12","slug":"ultra-complet-et-ultra-cher-le-nouvel-abonnement-de-google-donne-acces-a-la-creme-de-lia-et-plus-frandroid","status":"publish","type":"post","link":"https:\/\/www.europesays.com\/fr\/115634\/","title":{"rendered":"Ultra complet et ultra cher : le nouvel abonnement de Google donne acc\u00e8s \u00e0 la cr\u00e8me de l&#039;IA et plus &#8211; Frandroid"},"content":{"rendered":"<ol>\n<li><a href=\"https:\/\/news.google.com\/rss\/articles\/CBMikAJBVV95cUxPdnEyNlc2eGxLTU42WGtYUmVQWjA5emtKdVRId3MwbGZxaTY5OVJLQ2FlWG5LNzBBQmdWc2FrUFNJMVczaFU1eTREeUFzanZBZjlWTVBwV2p2OWhHSEZ4YWl2ZEw4WjVXQWpydjVQZC0yQnlsbENxVlBXdHRxdjNCVks1Vm5aWWZfVG9IbXFEV25tOWYzUUVoTHc0UE1CbHgwYWJiVXdhTHBwVXQ1ajNZYks2cjdxTVJTQ21wQWJubGJtdEs1T1ZtbXQzX0M0azNkYWJLSTR5SXBXZW4wd2lVN2hNcG5ha0pGVldLNnJLMzQ5WmJoc3lKRHZ3clF3VUs2VkdBV3ViZVFmV1VpYmpjUg?oc=5\" target=\"_blank\" rel=\"noopener\">Ultra complet et ultra cher : le nouvel abonnement de Google donne acc\u00e8s \u00e0 la cr\u00e8me de l&rsquo;IA et plus<\/a>&nbsp;&nbsp;Frandroid<\/li>\n<li><a href=\"https:\/\/news.google.com\/rss\/articles\/CBMi-gFBVV95cUxNeWhIdDFqOThHeW5MNmJQSDFkbnhCNUc3MW56QWgzSWhTdDdYdDlHVFhsVmdjdXlrTUc2YWFZMzRldDd2Sk13NTJsNmNadUtkdUZsQm92WmRsa2pkbllpRkRVX1FyY2FwQ3FramJ4dnc0c255Wk5CaTdUNHExOVF2MVdjajVFX3pXb0diQXBWZ2E3ZDlja2VTMFBEN1AwU1hRTjJtU1JVOVNiRlFwckR5ZDdHRldmczZWWlB1LU5iYUJxOXd2ek9xc3dYMm9aRTVhV1J4Z2pCcGNPNUVMM01qWjNXUlFsTmx3ZVFwZHV3aUdPYmtiNFBDeUFB?oc=5\" target=\"_blank\" rel=\"noopener\">IA : plus personnalis\u00e9e, visuelle et proactive, comment Google voit l\u2019avenir de la recherche en ligne<\/a>&nbsp;&nbsp;Le Monde.fr<\/li>\n<li><a href=\"https:\/\/news.google.com\/rss\/articles\/CBMiigJBVV95cUxNRkFhTzlPdWtvWjdlTVZVWnNUMjR6WS1kdVZIS1VuUjd1enBTTGQ1Mk5JM2luVmtpREdqa29RcHcxOVZhY2VEaUJwYmFqaTczYXNzTElNNF9CV01oYzB1c0t5T2huczNuMXBZdVJ6OVc0MFhJYlJ3V1VBZmR2M3RCcnY0a1RuNEVkNWJDbUlkU1R1SlNFR2pvZDN3cjE2Q2U4MW5jS0lOR3pMaDJrbnZuYWgySUtRcHhKQWFudEppVnlJSEhwamNMakJpd3k0ZjRTVm1FWTJkY004cU8ya18tbmQyMFhfcHFYTzJka3JMTmhBV0lsWTc2M0xMdnd2UF9JVEhzalNPUWM5Zw?oc=5\" target=\"_blank\" rel=\"noopener\">Recherche survitamin\u00e9e, Gemini partout et agents intelligents\u2026 Cette fois, Google met le paquet sur l\u2019IA<\/a>&nbsp;&nbsp;Le Parisien<\/li>\n<li><a href=\"https:\/\/news.google.com\/rss\/articles\/CBMizgFBVV95cUxQYzlsMWdXdFNNWndST2s5Ql9Ed08xM3Q3c1lfZlkwWEc0bDBhV1kyV2F1dFJxMndJdDNVVGtQM1FTVVdrSWpJNE5HdUdJdjdlcTdMQjJXVnc5WklTQ2d0c05ORkVOaVpWbXlhUEpzVDZSSy1MZFBNeEhrWGxVNzRJYjJmUk5CZVBBTTQtV0tHaVVrelF3NlVOZ2p6cWJUQzFPcm9DNXVkMzhNdThZd2dPOGVFdldtTV95LVV3cVlBVTM4bzZ2NEVQTmdqQkU0Zw?oc=5\" target=\"_blank\" rel=\"noopener\">IA : Google lance la contre-offensive face \u00e0 la perc\u00e9e de ChatGPT<\/a>&nbsp;&nbsp;Les Echos<\/li>\n<li><a href=\"https:\/\/news.google.com\/rss\/articles\/CBMi5wFBVV95cUxQYVJjWHAtWXRJSnJiQmozbnNnRFNlX0twekJrUGZ1alI4QzdLTjVVSmtLY3daOWlZT2Y1bnNaMmFnTmdfVmdrbVZ3VF8wU2xYYUprS1dBVzV6NkNFX3NZZllnSG5ON0x4bFEyNmdPemxjRFd0Vnd0eTVNUEpBUmlvandzWGM2X2NVd1NNZHZwOFRVc1Q0VnNNU1puWVFNRTNqMGVScFRtdzBUTG9NSGxlbml0MG44WjhXdHVkUGhONHp4dzgwTEM2dzlwdm5ON1hPRHJxbjdOaUsxY1JDb3VyMl95TDJtUmc?oc=5\" target=\"_blank\" rel=\"noopener\">Des lunettes et le r\u00eave d\u2019un assistant intelligent universel : Google revient en force<\/a>&nbsp;&nbsp;Le Point<\/li>\n<\/ol>\n","protected":false},"excerpt":{"rendered":"Ultra complet et ultra cher : le nouvel abonnement de Google donne acc\u00e8s \u00e0 la cr\u00e8me de l&rsquo;IA&hellip;\n","protected":false},"author":2,"featured_media":115635,"comment_status":"","ping_status":"","sticky":false,"template":"","format":"standard","meta":{"footnotes":""},"categories":[2],"tags":[11,1011,27,23588,324,21269,12,25],"class_list":{"0":"post-115634","1":"post","2":"type-post","3":"status-publish","4":"format-standard","5":"has-post-thumbnail","7":"category-actualites","8":"tag-actualites","9":"tag-fr","10":"tag-france","11":"tag-google-ai-ultra","12":"tag-google-bard","13":"tag-google-i-o-2025","14":"tag-news","15":"tag-republique-francaise"},"share_on_mastodon":{"url":"https:\/\/pubeurope.com\/@fr\/114543073958891624","error":""},"_links":{"self":[{"href":"https:\/\/www.europesays.com\/fr\/wp-json\/wp\/v2\/posts\/115634","targetHints":{"allow":["GET"]}}],"collection":[{"href":"https:\/\/www.europesays.com\/fr\/wp-json\/wp\/v2\/posts"}],"about":[{"href":"https:\/\/www.europesays.com\/fr\/wp-json\/wp\/v2\/types\/post"}],"author":[{"embeddable":true,"href":"https:\/\/www.europesays.com\/fr\/wp-json\/wp\/v2\/users\/2"}],"replies":[{"embeddable":true,"href":"https:\/\/www.europesays.com\/fr\/wp-json\/wp\/v2\/comments?post=115634"}],"version-history":[{"count":0,"href":"https:\/\/www.europesays.com\/fr\/wp-json\/wp\/v2\/posts\/115634\/revisions"}],"wp:featuredmedia":[{"embeddable":true,"href":"https:\/\/www.europesays.com\/fr\/wp-json\/wp\/v2\/media\/115635"}],"wp:attachment":[{"href":"https:\/\/www.europesays.com\/fr\/wp-json\/wp\/v2\/media?parent=115634"}],"wp:term":[{"taxonomy":"category","embeddable":true,"href":"https:\/\/www.europesays.com\/fr\/wp-json\/wp\/v2\/categories?post=115634"},{"taxonomy":"post_tag","embeddable":true,"href":"https:\/\/www.europesays.com\/fr\/wp-json\/wp\/v2\/tags?post=115634"}],"curies":[{"name":"wp","href":"https:\/\/api.w.org\/{rel}","templated":true}]}}