{"id":1156341,"date":"2026-08-29T23:52:14","date_gmt":"2026-08-29T23:52:14","guid":{"rendered":"https:\/\/www.europesays.com\/fr\/1156341\/"},"modified":"2026-08-29T23:52:14","modified_gmt":"2026-08-29T23:52:14","slug":"ligue-des-champions-dates-horaires-decouvrez-le-calendrier-complet-de-lille-en-phase-de-ligue","status":"publish","type":"post","link":"https:\/\/www.europesays.com\/fr\/1156341\/","title":{"rendered":"Ligue des champions: dates, horaires&#8230; d\u00e9couvrez le calendrier complet de Lille en phase de ligue"},"content":{"rendered":"<p class=\"mb-4 text-lg md:leading-8 break-words\">Tout juste <a data-ylk=\"slk:tenus en \u00e9chec au bout du temps additionnel par les champions d&#039;Europe (2-2);elm:context_link;itc:0;sec:content-canvas;\" data-yga=\"{&quot;yLinkElement&quot;:&quot;link&quot;,&quot;yLinkElementType&quot;:&quot;article_link&quot;}\" href=\"https:\/\/rmcsport.bfmtv.com\/football\/ligue-1\/direct-lille-psg-suivez-le-match-d-ouverture-de-la-deuxieme-journee-de-ligue-1-entre-le-losc-et-paris-en-live_LS-202608280570.html\" rel=\"noopener noreferrer nofollow\" target=\"_blank\">tenus en \u00e9chec au bout du temps additionnel par les champions d&rsquo;Europe (2-2)<\/a> lors de la 2e journ\u00e9e de Ligue 1, vendredi, les Lillois ont pu prendre connaissance ce samedi de <a data-ylk=\"slk:leur calendrier complet lors de la phase de ligue de la Ligue des champions;elm:context_link;itc:0;sec:content-canvas;\" data-yga=\"{&quot;yLinkElement&quot;:&quot;link&quot;,&quot;yLinkElementType&quot;:&quot;article_link&quot;}\" href=\"https:\/\/rmcsport.bfmtv.com\/football\/ligue-des-champions\/ligue-des-champions-psg-lens-lille-le-calendrier-complet-des-clubs-francais-engages-en-2026-2027_AV-202608290220.html\" rel=\"noopener noreferrer nofollow\" target=\"_blank\">leur calendrier complet lors de la phase de ligue de la Ligue des champions<\/a>. Si les adversaires \u00e9taient connus, les hommes de Davide Ancelotti connaissent d\u00e9sormais les dates et les horaires qui vont rythmer leur campagne europ\u00e9enne.<\/p>\n<p>D\u00e9placement \u00e0 l&rsquo;Emirates, r\u00e9ception du Bayern Munich et dernier match \u00e0 Rome&#8230; le calendrier lillois en C1<\/p>\n<p class=\"mb-4 text-lg md:leading-8 break-words\">Cette \u00e9dition 2026-2027 commencera \u00e0 domicile pour les Dogues avec un premier match contre le Betis, le 8 septembre. Les choses tr\u00e8s s\u00e9rieuses d\u00e9buteront r\u00e9ellement un peu plus d&rsquo;un mois plus tard, le 13 octobre, avec un d\u00e9placement sur la pelouse des champions d&rsquo;Angleterre &#8211; et vice-champions d&rsquo;Europe -, <a data-ylk=\"slk:les Gunners d&#039;Arsenal;elm:context_link;itc:0;sec:content-canvas;\" data-yga=\"{&quot;yLinkElement&quot;:&quot;link&quot;,&quot;yLinkElementType&quot;:&quot;article_link&quot;}\" href=\"https:\/\/rmcsport.bfmtv.com\/replay-emissions\/after-foot\/video-arsenal-le-debut-d-une-dynastie_VN-202608270448.html\" rel=\"noopener noreferrer nofollow\" target=\"_blank\">les Gunners d&rsquo;Arsenal<\/a>. Une semaine plus tard, Benjamin Andr\u00e9 et ses partenaires recevront Galatasaray lors de la 3e journ\u00e9e.<\/p>\n<p class=\"mb-4 text-lg md:leading-8 break-words\">D\u00e9but novembre, le Losc aura un match p\u00e9rilleux sur la pelouse de Bodo\/Glimt, r\u00e9v\u00e9lation de la saison derni\u00e8re et pass\u00e9e tout proche d&rsquo;une qualification pour les quarts de finale de la comp\u00e9tition. Fin novembre cette fois, c&rsquo;est <a data-ylk=\"slk:le Bayern Munich;elm:context_link;itc:0;sec:content-canvas;\" data-yga=\"{&quot;yLinkElement&quot;:&quot;link&quot;,&quot;yLinkElementType&quot;:&quot;article_link&quot;}\" href=\"https:\/\/rmcsport.bfmtv.com\/football\/bundesliga\/bayern-deja-un-certains-temps-que-l-on-gere-ca-kompany-rassurant-apres-les-deux-malaises-de-musiala_AV-202608210421.html\" rel=\"noopener noreferrer nofollow\" target=\"_blank\">le Bayern Munich<\/a> qui viendra \u00e0 Pierre-Mauroy pour un choc au sommet.<\/p>\n<p class=\"mb-4 text-lg md:leading-8 break-words\">Enfin, les Dogues se d\u00e9placeront deux fois lors de leurs trois derniers matchs, avec un premier match \u00e0 Stuttgart en d\u00e9cembre. Ils recevront ensuite le Slovan Bratislava le 19 janvier avant de conclure leur phase de ligue contre l&rsquo;AS Roma lors du multiplex du 27 janvier.<\/p>\n<p>Les matchs de Lille en phase de ligue de la Ligue des champions:<\/p>\n<ul class=\"mb-4\">\n<li class=\"ml-4 safari:ml-6 list-disc\">\n<p class=\"mb-4 text-lg md:leading-8 break-words\">Lille-Betis : mardi 8 septembre (21 heures)<\/p>\n<\/li>\n<li class=\"ml-4 safari:ml-6 list-disc\">\n<p class=\"mb-4 text-lg md:leading-8 break-words\">Arsenal-Lille : mardi 13 octobre (21 heures)<\/p>\n<\/li>\n<li class=\"ml-4 safari:ml-6 list-disc\">\n<p class=\"mb-4 text-lg md:leading-8 break-words\">Lille-Galatasaray : mercredi 21 octobre (18h45)<\/p>\n<\/li>\n<li class=\"ml-4 safari:ml-6 list-disc\">\n<p class=\"mb-4 text-lg md:leading-8 break-words\">Bodo Glimt-Lille : mardi 3 novembre (21 heures)<\/p>\n<\/li>\n<li class=\"ml-4 safari:ml-6 list-disc\">\n<p class=\"mb-4 text-lg md:leading-8 break-words\">Lille-Bayern Munich : mercredi 25 novembre (21 heures)<\/p>\n<\/li>\n<li class=\"ml-4 safari:ml-6 list-disc\">\n<p class=\"mb-4 text-lg md:leading-8 break-words\">Stuttgart-Lille : mercredi 9 d\u00e9cembre (21 heures)<\/p>\n<\/li>\n<li class=\"ml-4 safari:ml-6 list-disc\">\n<p class=\"mb-4 text-lg md:leading-8 break-words\">Lille-Slovan Bratislava : mardi 19 janvier (21 heures)<\/p>\n<\/li>\n<li class=\"ml-4 safari:ml-6 list-disc\">\n<p class=\"mb-4 text-lg md:leading-8 break-words\">AS Roma-Lille : mercredi 27 janvier (21 heures)<\/p>\n<\/li>\n<\/ul>\n<p class=\"mb-4 text-lg md:leading-8 break-words\">Pour pr\u00e9cision, la phase \u00e0 \u00e9limination directe d\u00e9butera en f\u00e9vrier avec les barrages (16-17 et 23-24 f\u00e9vrier). Les 8es de finale sont attendus les 9-10 et 16-17 mars, les quarts de finale les 6-7 et 13-14 avril, les demi-finales les 27-28 avril et 4-5 mai et la grande finale aura lieu le 5 juin 2027 \u00e0 l&rsquo;Estadio Metropolitano \u00e0 Madrid.<\/p>\n<p class=\"mb-4 text-lg md:leading-8 break-words\"><a data-ylk=\"slk:Article original publi\u00e9 sur RMC Sport;elm:context_link;itc:0;sec:content-canvas;\" data-yga=\"{&quot;yLinkElement&quot;:&quot;link&quot;,&quot;yLinkElementType&quot;:&quot;article_link&quot;}\" href=\"https:\/\/rmcsport.bfmtv.com\/football\/ligue-des-champions\/ligue-des-champions-dates-horaires-decouvrez-le-calendrier-complet-de-lille-en-phase-de-ligue_AV-202608290247.html#xtor=AL-68\" rel=\"noopener noreferrer nofollow\" target=\"_blank\">Article original publi\u00e9 sur RMC Sport<\/a><\/p>\n","protected":false},"excerpt":{"rendered":"Tout juste tenus en \u00e9chec au bout du temps additionnel par les champions d&rsquo;Europe (2-2) lors de la&hellip;\n","protected":false},"author":2,"featured_media":1156342,"comment_status":"","ping_status":"","sticky":false,"template":"","format":"standard","meta":{"footnotes":"","_share_on_mastodon":"0"},"categories":[2815],"tags":[1111,11,4782,1777,674,1011,27,811,151,1307,118188,118189,12,25],"class_list":["post-1156341","post","type-post","status-publish","format-standard","has-post-thumbnail","category-lille","tag-actu","tag-actualites","tag-bayern-munich","tag-eu","tag-europe","tag-fr","tag-france","tag-hauts-de-france","tag-les","tag-lille","tag-lille-bayern-munich","tag-lille-slovan","tag-news","tag-republique-francaise"],"share_on_mastodon":{"url":"https:\/\/pubeurope.com\/@fr\/117181490365792747","error":""},"_links":{"self":[{"href":"https:\/\/www.europesays.com\/fr\/wp-json\/wp\/v2\/posts\/1156341","targetHints":{"allow":["GET"]}}],"collection":[{"href":"https:\/\/www.europesays.com\/fr\/wp-json\/wp\/v2\/posts"}],"about":[{"href":"https:\/\/www.europesays.com\/fr\/wp-json\/wp\/v2\/types\/post"}],"author":[{"embeddable":true,"href":"https:\/\/www.europesays.com\/fr\/wp-json\/wp\/v2\/users\/2"}],"replies":[{"embeddable":true,"href":"https:\/\/www.europesays.com\/fr\/wp-json\/wp\/v2\/comments?post=1156341"}],"version-history":[{"count":0,"href":"https:\/\/www.europesays.com\/fr\/wp-json\/wp\/v2\/posts\/1156341\/revisions"}],"wp:featuredmedia":[{"embeddable":true,"href":"https:\/\/www.europesays.com\/fr\/wp-json\/wp\/v2\/media\/1156342"}],"wp:attachment":[{"href":"https:\/\/www.europesays.com\/fr\/wp-json\/wp\/v2\/media?parent=1156341"}],"wp:term":[{"taxonomy":"category","embeddable":true,"href":"https:\/\/www.europesays.com\/fr\/wp-json\/wp\/v2\/categories?post=1156341"},{"taxonomy":"post_tag","embeddable":true,"href":"https:\/\/www.europesays.com\/fr\/wp-json\/wp\/v2\/tags?post=1156341"}],"curies":[{"name":"wp","href":"https:\/\/api.w.org\/{rel}","templated":true}]}}