{"id":1156402,"date":"2026-08-30T00:34:20","date_gmt":"2026-08-30T00:34:20","guid":{"rendered":"https:\/\/www.europesays.com\/fr\/1156402\/"},"modified":"2026-08-30T00:34:20","modified_gmt":"2026-08-30T00:34:20","slug":"cest-un-ami-de-longue-date-celine-baudrand-familles-nombreuses-fait-une-mise-au-point-apres-lannonce-de-son-divorce","status":"publish","type":"post","link":"https:\/\/www.europesays.com\/fr\/1156402\/","title":{"rendered":"\u201cC\u2019est un ami de longue date\u201d : C\u00e9line Baudrand (Familles nombreuses) fait une mise au point apr\u00e8s l\u2019annonce de son divorce"},"content":{"rendered":"<p>Quelques jours apr\u00e8s avoir annonc\u00e9 son divorce avec Cl\u00e9ment, C\u00e9line Baudrand commence \u00e0 pr\u00e9parer son installation dans une nouvelle maison. C\u2019est dans ce contexte que la participante de Familles nombreuses, la vie en XXL a fait une mise au point sur sa vie priv\u00e9e ce samedi 29 ao\u00fbt 2026.<\/p>\n<p>\u201cMerci pour cette danse qui aura dur\u00e9 14 ann\u00e9es. <a href=\"https:\/\/www.programme-tv.net\/news\/tele-realite\/407191-celine-et-clement-baudrand-familles-nombreuses-se-separent-apres-2-ans-de-mariage-et-14-ans-d-amour-notre-histoire-se-termine\/\" data-api-deeplink=\"teleloisirs:\/\/news\/407191\" rel=\"nofollow noopener\" target=\"_blank\">Notre histoire se termine<\/a>.\u201d C\u2019est par ces mots que C\u00e9line Baudrand a annonc\u00e9 son divorce avec Cl\u00e9ment sur Instagram le 26 ao\u00fbt 2026. \u201cLa suite s\u2019\u00e9crira diff\u00e9remment chacun de son c\u00f4t\u00e9, mais toujours avec respect\u201d, avait-elle ajout\u00e9. Avant de conclure : \u201cMerci pour votre bienveillance et de respecter notre vie priv\u00e9e.\u201d Le texte a \u00e9galement \u00e9t\u00e9 partag\u00e9 par l\u2019homme qu\u2019elle avait \u00e9pous\u00e9 en 2024.<\/p>\n<p>Mais malheureusement, <a href=\"https:\/\/www.programme-tv.net\/news\/tele-realite\/405003-changement-de-vie-pour-celine-baudrand-familles-nombreuses-elle-arrete-son-metier-daesh\/\" data-api-deeplink=\"teleloisirs:\/\/news\/405003\" rel=\"nofollow noopener\" target=\"_blank\">la participante de Familles nombreuses, la vie en XXL<\/a> a pu mesurer que ce respect de sa vie priv\u00e9e n\u2019\u00e9tait pas toujours respect\u00e9. Aussi, <a href=\"https:\/\/www.programme-tv.net\/news\/tele-realite\/406835-les-baudrand-familles-nombreuses-devoilent-leur-solution-pour-economiser-entre-400-et-450-euros-d-electricite-par-mois\/\" data-api-deeplink=\"teleloisirs:\/\/news\/406835\" rel=\"nofollow noopener\" target=\"_blank\">la maman de tripl\u00e9es<\/a> a tenu \u00e0 mettre les choses au clair ce samedi 29 ao\u00fbt au d\u00e9tour d\u2019une story Instagram concernant sa nouvelle maison. Cela lui a permis d\u2019alerter ses 118 000 abonn\u00e9s sur le sujet.<\/p>\n<p>                        Cet homme vu avec C\u00e9line Baudrand (Familles nombreuses) est un ami de longue date<\/p>\n<p>Elle a post\u00e9 la photo d\u2019une camionnette avec un homme en train de charger d\u2019immenses cartons provenant d\u2019un c\u00e9l\u00e8bre magasin de meubles. Mais qui est cet homme ? \u201cJe pr\u00e9cise pour les supers d\u00e9tectives sur ma vie priv\u00e9e, c\u2019est un ami de longue date\u201d, a-t-elle indiqu\u00e9.<\/p>\n<p>Car sur les r\u00e9seaux sociaux, certains se demandent d\u00e9j\u00e0 si C\u00e9line Baudrand n\u2019a pas trouv\u00e9 un successeur \u00e0 Cl\u00e9ment. Avec humour, elle a donc souhait\u00e9 couper court \u00e0 toute possible rumeur sur sa vie sentimentale en pr\u00e9cisant que la relation avec l\u2019homme venu l\u2019aider n\u2019\u00e9tait qu\u2019amicale.<\/p>\n<p>Familles nombreuses : Qui sont les enfants des Baudrand ?<\/p>\n<p>Cette s\u00e9paration est un choc pour le public, mais aussi pour les enfants de cette famille nombreuse. Avant d\u2019avoir leurs tripl\u00e9es Jade, Grace et Molly, n\u00e9es en 2020, C\u00e9line Baudrand \u00e9tait d\u00e9j\u00e0 maman de trois enfants : Lina et les jumeaux Loan et Ma\u00e9. Il faut ajouter Brice et Julia, les enfants de Cl\u00e9ment.<\/p>\n<p>Peut-\u00eatre que chacun de leur c\u00f4t\u00e9, donc, C\u00e9line et Cl\u00e9ment retrouveront l\u2019amour, mais cela ne semble donc pas \u00e0 l\u2019ordre du jour pour le moment. Chaque chose en son temps&#8230;<\/p>\n<p>Article \u00e9crit en collaboration avec 6Medias<\/p>\n","protected":false},"excerpt":{"rendered":"Quelques jours apr\u00e8s avoir annonc\u00e9 son divorce avec Cl\u00e9ment, C\u00e9line Baudrand commence \u00e0 pr\u00e9parer son installation dans une&hellip;\n","protected":false},"author":2,"featured_media":1156403,"comment_status":"","ping_status":"","sticky":false,"template":"","format":"standard","meta":{"footnotes":"","_share_on_mastodon":"0"},"categories":[8],"tags":[244,58,7681,59,118435,4980,1011,27,2440,2175],"class_list":["post-1156402","post","type-post","status-publish","format-standard","has-post-thumbnail","category-divertissement","tag-commentaire","tag-divertissement","tag-divorce","tag-entertainment","tag-famille-baudrand","tag-familles-nombreuses-la-vie-en-xxl","tag-fr","tag-france","tag-instagram","tag-tl-story"],"share_on_mastodon":{"url":"https:\/\/pubeurope.com\/@fr\/117181655534562228","error":""},"_links":{"self":[{"href":"https:\/\/www.europesays.com\/fr\/wp-json\/wp\/v2\/posts\/1156402","targetHints":{"allow":["GET"]}}],"collection":[{"href":"https:\/\/www.europesays.com\/fr\/wp-json\/wp\/v2\/posts"}],"about":[{"href":"https:\/\/www.europesays.com\/fr\/wp-json\/wp\/v2\/types\/post"}],"author":[{"embeddable":true,"href":"https:\/\/www.europesays.com\/fr\/wp-json\/wp\/v2\/users\/2"}],"replies":[{"embeddable":true,"href":"https:\/\/www.europesays.com\/fr\/wp-json\/wp\/v2\/comments?post=1156402"}],"version-history":[{"count":0,"href":"https:\/\/www.europesays.com\/fr\/wp-json\/wp\/v2\/posts\/1156402\/revisions"}],"wp:featuredmedia":[{"embeddable":true,"href":"https:\/\/www.europesays.com\/fr\/wp-json\/wp\/v2\/media\/1156403"}],"wp:attachment":[{"href":"https:\/\/www.europesays.com\/fr\/wp-json\/wp\/v2\/media?parent=1156402"}],"wp:term":[{"taxonomy":"category","embeddable":true,"href":"https:\/\/www.europesays.com\/fr\/wp-json\/wp\/v2\/categories?post=1156402"},{"taxonomy":"post_tag","embeddable":true,"href":"https:\/\/www.europesays.com\/fr\/wp-json\/wp\/v2\/tags?post=1156402"}],"curies":[{"name":"wp","href":"https:\/\/api.w.org\/{rel}","templated":true}]}}