{"id":1156452,"date":"2026-08-30T01:17:54","date_gmt":"2026-08-30T01:17:54","guid":{"rendered":"https:\/\/www.europesays.com\/fr\/1156452\/"},"modified":"2026-08-30T01:17:54","modified_gmt":"2026-08-30T01:17:54","slug":"perturbation-du-meeting-lfi-de-faches%e2%80%90thumesnil-les-militants-de-nouvelle-droite-nient-toute-violence-devant-la-justice","status":"publish","type":"post","link":"https:\/\/www.europesays.com\/fr\/1156452\/","title":{"rendered":"Perturbation du meeting LFI de Faches\u2010Thumesnil : les militants de Nouvelle droite nient toute violence devant la justice"},"content":{"rendered":"<p>Le tribunal de Lille jugeait, mercredi 26 ao\u00fbt, huit militants d\u2019ultradroite suspect\u00e9s d\u2019avoir perturb\u00e9 un meeting de l\u2019<a href=\"https:\/\/www.mediacites.fr\/decryptage\/lille\/2026\/03\/23\/a-faches-thumesnil-lfi-perd-son-premier-laboratoire-municipal\/\" rel=\"nofollow noopener\" target=\"_blank\">ancien maire (LFI) de Faches\u2010Thumesnil, Patrick Proisy<\/a>, projetant de la farine au visage de ce dernier et d\u00e9versant du faux sang dans la salle communale au milieu d\u2019une centaine de sympathisants. Un geste qualifi\u00e9 par la justice de \u00ab\u202fviolences et d\u00e9gradations commises en r\u00e9union \u00e0 l\u2019encontre d\u2019\u00e9lus\u202f\u00bb.<\/p>\n<p>Le 6 mars, dix jours avant le premier tour des municipales, se tient le dernier meeting de Patrick Proisy, en compagnie du d\u00e9put\u00e9 insoumis du Nord, Aur\u00e9lien Le Coq et de son adjoint, Christopher Li\u00e9nard. Une dizaine de personnes, dont certaines avec le visage dissimul\u00e9, parviennent \u00e0 p\u00e9n\u00e9trer de force au d\u00e9but du meeting, munies de pancartes portant les messages \u00ab\u202fLFI hors de nos mairies\u202f\u00bb et \u00ab\u202fJustice pour Quentin\u202f\u00bb, en r\u00e9f\u00e9rence au militant d\u2019extr\u00eame droite, <a href=\"https:\/\/www.mediacites.fr\/decryptage\/lyon\/2026\/02\/17\/a-lyon-les-municipales-percutees-par-la-mort-du-militant-identitaire-quentin-deranque\/\" rel=\"nofollow noopener\" target=\"_blank\">Quentin Deranque, tu\u00e9 en f\u00e9vrier \u00e0 Lyon<\/a>.<\/p>\n<p>L\u2019action, qui n\u2019a fait aucun bless\u00e9, sera rapidement revendiqu\u00e9e sur les r\u00e9seaux sociaux par le mouvement Nouvelle Droite, un groupuscule lillois d\u2019ultra droite identitaire et nationaliste form\u00e9 en 2023 sur la d\u00e9pouille de l\u2019association Citadelle, alors dissoute par le minist\u00e8re de l\u2019Int\u00e9rieur, comme l\u2019a document\u00e9 Mediacit\u00e9s dans un <a href=\"https:\/\/www.mediacites.fr\/enquete\/lille\/2026\/05\/15\/plongee-au-coeur-de-nouvelle-droite-reincarnation-du-groupuscule-identitaire-lillois-la-citadelle\/\" rel=\"nofollow noopener\" target=\"_blank\">article<\/a> paru\u00a0en\u00a0\u2026<\/p>\n<p>Nous vous offrons l\u2019acc\u00e8s \u00e0 cet article<\/p>\n<p>Et \u00e0 toutes nos enqu\u00eates pendant deux jours\u00a0\u00a0! <br \/>Oui, on est g\u00e9n\u00e9reux \ud83d\ude09 Mais pensez aussi \u00e0 <a href=\"https:\/\/www.mediacites.fr\/sabonner\/\" target=\"_blank\" style=\"color:#fff\" rel=\"nofollow noopener\">vous abonner<\/a>\u00a0\u00a0!<\/p>\n<p>\t\tEn renseignant votre adresse, vous acceptez nos <a href=\"https:\/\/www.mediacites.fr\/conditions-generales-d-utilisation\/\" target=\"_blank\" rel=\"nofollow noopener\">conditions g\u00e9n\u00e9rales d\u2019utilisation<\/a>. <br \/>Mediacit\u00e9s s\u2019engage \u00e0 ne pas c\u00e9der votre adresse \u00e0 des tiers. En cas d\u2019\u00e9chec, \u00e9crivez \u00e0 <a href=\"https:\/\/www.mediacites.fr\/reportage\/lille\/2026\/08\/27\/perturbation-du-meeting-lfi-de-faches-thumesnil-les-militants-de-nouvelle-droite-nient-toute-violence-devant-la-justice\/mailto:contact@mediacites.fr\" rel=\"nofollow noopener\" target=\"_blank\">contact@mediacites.fr<\/a><\/p>\n<ul>\n<li>J\u2019acc\u00e8de aux 4 \u00e9ditions de Mediacit\u00e9s (Lille, Lyon, Nantes et Toulouse)<\/li>\n<li>Je d\u00e9couvre un m\u00e9dia 100 % ind\u00e9pendant, avec 0 % de publicit\u00e9<\/li>\n<\/ul>\n<p>Envie de lire la\u00a0suite\u202f?<\/p>\n<p>Depuis neuf ans, Mediacit\u00e9s enqu\u00eate en toute ind\u00e9pendance dans votre ville. Gr\u00e2ce \u00e0 ses lecteurs\u202f! Abonnez\u2010vous pour ne rien manquer de nos enqu\u00eates, suivre les \u00e9lections municipales et soutenir un journal local d\u2019investigation.<\/p>\n<ul>\n<li>Acc\u00e8s aux 4 \u00e9ditions de Mediacit\u00e9s (Lille, Lyon, Nantes et Toulouse)<\/li>\n<li>100 % ind\u00e9pendant, avec 0 % de publicit\u00e9<\/li>\n<li>R\u00e9siliation facile \u00e0 tout moment<\/li>\n<\/ul>\n<p>Mediacit\u00e9s offre l\u2019acc\u00e8s \u00e0 cet article aux lecteurs de News2Com<\/p>\n<p>Et \u00e0 toutes nos enqu\u00eates pendant deux jours\u00a0\u00a0! <br \/>Oui, on est g\u00e9n\u00e9reux \ud83d\ude09 Mais pensez aussi \u00e0 <a href=\"https:\/\/www.mediacites.fr\/sabonner\/\" target=\"_blank\" style=\"color:#fff\" rel=\"nofollow noopener\">vous abonner<\/a>\u00a0\u00a0!<\/p>\n<p>\t\tEn renseignant votre adresse, vous acceptez nos <a href=\"https:\/\/www.mediacites.fr\/conditions-generales-d-utilisation\/\" target=\"_blank\" rel=\"nofollow noopener\">conditions g\u00e9n\u00e9rales d\u2019utilisation<\/a>. <br \/>Mediacit\u00e9s s\u2019engage \u00e0 ne pas c\u00e9der votre adresse \u00e0 des tiers. En cas d\u2019\u00e9chec, \u00e9crivez \u00e0 <a href=\"https:\/\/www.mediacites.fr\/reportage\/lille\/2026\/08\/27\/perturbation-du-meeting-lfi-de-faches-thumesnil-les-militants-de-nouvelle-droite-nient-toute-violence-devant-la-justice\/mailto:contact@mediacites.fr\" rel=\"nofollow noopener\" target=\"_blank\">contact@mediacites.fr<\/a><\/p>\n<ul>\n<li>J\u2019acc\u00e8de aux 4 \u00e9ditions de Mediacit\u00e9s (Lille, Lyon, Nantes et Toulouse)<\/li>\n<li>Je d\u00e9couvre un m\u00e9dia 100 % ind\u00e9pendant, avec 0 % de publicit\u00e9<\/li>\n<\/ul>\n","protected":false},"excerpt":{"rendered":"Le tribunal de Lille jugeait, mercredi 26 ao\u00fbt, huit militants d\u2019ultradroite suspect\u00e9s d\u2019avoir perturb\u00e9 un meeting de l\u2019ancien&hellip;\n","protected":false},"author":2,"featured_media":1156453,"comment_status":"","ping_status":"","sticky":false,"template":"","format":"standard","meta":{"footnotes":"","_share_on_mastodon":"0"},"categories":[2815],"tags":[1111,11,118437,1777,674,1076,1011,27,811,83691,303,780,1307,12,118438,118439,2687,25],"class_list":["post-1156452","post","type-post","status-publish","format-standard","has-post-thumbnail","category-lille","tag-actu","tag-actualites","tag-aurelien-le-coq","tag-eu","tag-europe","tag-extreme-droite","tag-fr","tag-france","tag-hauts-de-france","tag-identitaires","tag-justice","tag-lfi","tag-lille","tag-news","tag-nouvelle-droite","tag-patrick-proisy","tag-reportage","tag-republique-francaise"],"share_on_mastodon":{"url":"https:\/\/pubeurope.com\/@fr\/117181828736632530","error":""},"_links":{"self":[{"href":"https:\/\/www.europesays.com\/fr\/wp-json\/wp\/v2\/posts\/1156452","targetHints":{"allow":["GET"]}}],"collection":[{"href":"https:\/\/www.europesays.com\/fr\/wp-json\/wp\/v2\/posts"}],"about":[{"href":"https:\/\/www.europesays.com\/fr\/wp-json\/wp\/v2\/types\/post"}],"author":[{"embeddable":true,"href":"https:\/\/www.europesays.com\/fr\/wp-json\/wp\/v2\/users\/2"}],"replies":[{"embeddable":true,"href":"https:\/\/www.europesays.com\/fr\/wp-json\/wp\/v2\/comments?post=1156452"}],"version-history":[{"count":0,"href":"https:\/\/www.europesays.com\/fr\/wp-json\/wp\/v2\/posts\/1156452\/revisions"}],"wp:featuredmedia":[{"embeddable":true,"href":"https:\/\/www.europesays.com\/fr\/wp-json\/wp\/v2\/media\/1156453"}],"wp:attachment":[{"href":"https:\/\/www.europesays.com\/fr\/wp-json\/wp\/v2\/media?parent=1156452"}],"wp:term":[{"taxonomy":"category","embeddable":true,"href":"https:\/\/www.europesays.com\/fr\/wp-json\/wp\/v2\/categories?post=1156452"},{"taxonomy":"post_tag","embeddable":true,"href":"https:\/\/www.europesays.com\/fr\/wp-json\/wp\/v2\/tags?post=1156452"}],"curies":[{"name":"wp","href":"https:\/\/api.w.org\/{rel}","templated":true}]}}