{"id":1156485,"date":"2026-08-30T01:39:50","date_gmt":"2026-08-30T01:39:50","guid":{"rendered":"https:\/\/www.europesays.com\/fr\/1156485\/"},"modified":"2026-08-30T01:39:50","modified_gmt":"2026-08-30T01:39:50","slug":"referendum-en-islande-les-islandais-se-demandent-sils-doivent-integrer-lue-pour-se-premunir-de-donald-trump-invite-international","status":"publish","type":"post","link":"https:\/\/www.europesays.com\/fr\/1156485\/","title":{"rendered":"R\u00e9f\u00e9rendum en Islande: \u00abLes Islandais se demandent s&rsquo;ils doivent int\u00e9grer l&rsquo;UE pour se pr\u00e9munir de Donald Trump\u00bb &#8211; Invit\u00e9 international"},"content":{"rendered":"<p class=\"t-content__chapo\">\n                                                Faut-il reprendre les n\u00e9gociations d&rsquo;adh\u00e9sion \u00e0 l&rsquo;Union europ\u00e9enne ? Voici la question \u00e0 laquelle doivent r\u00e9pondre les \u00e9lecteurs islandais. Un r\u00e9f\u00e9rendum qui s&rsquo;annonce tr\u00e8s serr\u00e9. Treize ans apr\u00e8s la suspension du processus, les sondages donnent les deux camps au coude \u00e0 coude. \u00c9clairage de Mikaa Blugeon-Mered, chercheur sur les enjeux arctiques, g\u00e9opolitiques et sur le march\u00e9 de l&rsquo;hydrog\u00e8ne \u00e0 l&rsquo;universit\u00e9 du Qu\u00e9bec \u00e0 Trois-Rivi\u00e8res, auteur du livre Les mondes polaires, aux Presses universitaires de France.\u00a0                    <\/p>\n<p><img fetchpriority=\"low\" decoding=\"async\" src=\"https:\/\/www.europesays.com\/fr\/wp-content\/uploads\/2026\/08\/AP26239720367397.jpg\"   width=\"1024\" height=\"576\" alt=\"Des personnes \u00e9coutent les orateurs lors d'un rassemblement intitul\u00e9 \u00ab Afram Island \u00bb et \u00ab Forward, Iceland \u00bb, organis\u00e9 pour s'opposer \u00e0 la reprise des n\u00e9gociations d'adh\u00e9sion \u00e0 l'Union europ\u00e9enne, \u00e0 Austurvollur, \u00e0 Reykjavik, en Islande, le jeudi 27 ao\u00fbt 2026.\" loading=\"eager\" class=\"a-img \"\/><\/p>\n<p>                Des personnes \u00e9coutent les orateurs lors d&rsquo;un rassemblement intitul\u00e9 \u00ab Afram Island \u00bb et \u00ab Forward, Iceland \u00bb, organis\u00e9 pour s&rsquo;opposer \u00e0 la reprise des n\u00e9gociations d&rsquo;adh\u00e9sion \u00e0 l&rsquo;Union europ\u00e9enne, \u00e0 Austurvollur, \u00e0 Reykjavik, en Islande, le jeudi 27 ao\u00fbt 2026.        AP Photo\/Marco Di Marco &#8211; Marco Di Marco                                        <\/p>\n<p class=\"a-read-more\">\u00c0 lire aussi<a target=\"_self\" href=\"https:\/\/www.rfi.fr\/fr\/europe\/20260829-r\u00e9f\u00e9rendum-islande-p\u00eache-ligne-rouge-au-c\u0153ur-du-d\u00e9bat-sur-l-union-europ\u00e9enne\" class=\"a-read-more__link\" rel=\"nofollow noopener\">R\u00e9f\u00e9rendum en Islande: la p\u00eache, ligne rouge au c\u0153ur du d\u00e9bat sur l\u2019Union europ\u00e9enne<\/a><\/p>\n","protected":false},"excerpt":{"rendered":"Faut-il reprendre les n\u00e9gociations d&rsquo;adh\u00e9sion \u00e0 l&rsquo;Union europ\u00e9enne ? Voici la question \u00e0 laquelle doivent r\u00e9pondre les \u00e9lecteurs&hellip;\n","protected":false},"author":2,"featured_media":1156486,"comment_status":"","ping_status":"","sticky":false,"template":"","format":"standard","meta":{"footnotes":"","_share_on_mastodon":"0"},"categories":[1586],"tags":[11,1777,674,1779,1011,27,3535,5653,12528,12,25,1778,364],"class_list":["post-1156485","post","type-post","status-publish","format-standard","has-post-thumbnail","category-europe","tag-actualites","tag-eu","tag-europe","tag-european-union","tag-fr","tag-france","tag-geopolitique","tag-invite-international","tag-islande","tag-news","tag-republique-francaise","tag-ue","tag-union-europeenne"],"share_on_mastodon":{"url":"https:\/\/pubeurope.com\/@fr\/117181916761988139","error":""},"_links":{"self":[{"href":"https:\/\/www.europesays.com\/fr\/wp-json\/wp\/v2\/posts\/1156485","targetHints":{"allow":["GET"]}}],"collection":[{"href":"https:\/\/www.europesays.com\/fr\/wp-json\/wp\/v2\/posts"}],"about":[{"href":"https:\/\/www.europesays.com\/fr\/wp-json\/wp\/v2\/types\/post"}],"author":[{"embeddable":true,"href":"https:\/\/www.europesays.com\/fr\/wp-json\/wp\/v2\/users\/2"}],"replies":[{"embeddable":true,"href":"https:\/\/www.europesays.com\/fr\/wp-json\/wp\/v2\/comments?post=1156485"}],"version-history":[{"count":0,"href":"https:\/\/www.europesays.com\/fr\/wp-json\/wp\/v2\/posts\/1156485\/revisions"}],"wp:featuredmedia":[{"embeddable":true,"href":"https:\/\/www.europesays.com\/fr\/wp-json\/wp\/v2\/media\/1156486"}],"wp:attachment":[{"href":"https:\/\/www.europesays.com\/fr\/wp-json\/wp\/v2\/media?parent=1156485"}],"wp:term":[{"taxonomy":"category","embeddable":true,"href":"https:\/\/www.europesays.com\/fr\/wp-json\/wp\/v2\/categories?post=1156485"},{"taxonomy":"post_tag","embeddable":true,"href":"https:\/\/www.europesays.com\/fr\/wp-json\/wp\/v2\/tags?post=1156485"}],"curies":[{"name":"wp","href":"https:\/\/api.w.org\/{rel}","templated":true}]}}