{"id":1156501,"date":"2026-08-30T01:58:16","date_gmt":"2026-08-30T01:58:16","guid":{"rendered":"https:\/\/www.europesays.com\/fr\/1156501\/"},"modified":"2026-08-30T01:58:16","modified_gmt":"2026-08-30T01:58:16","slug":"ladji-doucoure-nous-raconte-le-tournage-de-fort-boyard-on-aurait-voulu-tout-recommencer-et-doubler-la-mise","status":"publish","type":"post","link":"https:\/\/www.europesays.com\/fr\/1156501\/","title":{"rendered":"Ladji Doucour\u00e9 nous raconte le tournage de Fort Boyard : \u00ab\u00a0On aurait voulu tout recommencer et doubler la mise\u00a0\u00bb"},"content":{"rendered":"<p>Ce samedi 29\u00a0ao\u00fbt, France 2 diffusait le neuvi\u00e8me \u00e9pisode de <a href=\"https:\/\/www.programme-tv.net\/news\/tv\/403931-fort-boyard-2026-plus-d-argent-a-gagner-nouvelles-epreuves-personnages-ce-qui-vous-attend-dans-le-jeu-desormais-anime-par-cyril-feraud\/\" data-api-deeplink=\"teleloisirs:\/\/news\/403931\" rel=\"nofollow noopener\" target=\"_blank\">la saison 2026 de Fort Boyard<\/a> pr\u00e9sent\u00e9e par Cyril F\u00e9raud. Six candidats sont venus se frotter aux \u00e9nigmes du <a href=\"https:\/\/www.programme-tv.net\/news\/tv\/386294-je-ne-ferai-rien-de-particulier-olivier-minne-revele-pourquoi-yann-le-gac-le-pere-fouras-a-refuse-le-happening-propose-par-la-production-pour-sa-derniere-dans-fort-boyard\/\" data-api-deeplink=\"teleloisirs:\/\/news\/386294\" rel=\"nofollow noopener\" target=\"_blank\">P\u00e8re Fouras<\/a> et aux nombreuses \u00e9preuves propos\u00e9es, du Ch\u00e2teau Boyard \u00e0 la planche instable, en passant par le restaurant de Willy ou \u00e0 la cellule de haute tension. Pour cette aventure autour de <a href=\"https:\/\/www.programme-tv.net\/biographie\/360610-inshape-tibo\/\" data-link-people=\"0c532b8e-f2a5-44b7-8fb6-63fef51c0dcd\" rel=\"nofollow noopener\" target=\"_blank\">Tibo InShape<\/a>, Ladji Doucour\u00e9 est revenu pour la troisi\u00e8me fois pour s&rsquo;y tester avec succ\u00e8s.<\/p>\n<p>Ladji Doucour\u00e9\u00a0: \u00ab\u00a0Je r\u00eavais comme beaucoup de gamins de tester Fort Boyard\u00a0\u00bb<\/p>\n<p><b>T\u00e9l\u00e9-Loisirs<\/b><b>\u00a0: Vous \u00eates d\u00e9j\u00e0 venu en\u00a02020 et\u00a02021. Qu\u2019est-ce qui vous pousse \u00e0 revenir\u00a0?<br \/>Ladji Doucour\u00e9\u00a0:<\/b> J\u2019ai grandi avec l\u2019\u00e9mission. Je suis un enfant de Fort Boyard. C\u2019\u00e9tait un rendez-vous avec la famille durant l\u2019\u00e9t\u00e9. J\u2019ai 43 ans aujourd&rsquo;hui, et je suis tr\u00e8s admiratif de\u00a0cette \u00e9mission, c&rsquo;est pour \u00e7a que je suis revenu. Je fais aussi d\u00e9couvrir Fort Boyard \u00e0 ma fille, qui regarde avec moi.<\/p>\n<p><b>Avez-vous h\u00e9sit\u00e9\u00a0?<br \/><\/b>On a forc\u00e9ment peur\u00a0quand on arrive, mais on sait tr\u00e8s bien qu&rsquo;on sort avec plein de\u00a0bonnes choses. La premi\u00e8re\u00a0fois, c&rsquo;\u00e9tait super, <b>je r\u00eavais comme beaucoup de gamins de tester le Fort.<\/b> Et maintenant, d\u00e8s qu\u2019on m\u2019appelle, je viens car je kiffe et que \u00e7a fait partie de ma vie. Pour \u00eatre appel\u00e9, il faut \u00eatre bon ou au moins courageux et surtout disponible aux dates propos\u00e9es.<\/p>\n<p><b>Vous avez connu <\/b><a href=\"https:\/\/www.programme-tv.net\/biographie\/527-minne-olivier\/\" data-link-people=\"d2947cdb-e80b-4454-b58f-a90a824ca361\" rel=\"nofollow noopener\" target=\"_blank\"><b>Olivier Minne<\/b><\/a><b> et Cyril F\u00e9raud. Qu\u2019est-ce qui les diff\u00e9rencie\u00a0?<br \/><\/b>Ce sont deux bons animateurs qui remplissent votre quotidien parce qu&rsquo;ils font aussi d&rsquo;autres \u00e9missions. Vous avez l&rsquo;impression que ce sont vos potes, qu\u2019ils font partie de votre famille.\u00a0Chacun est diff\u00e9rent, am\u00e8ne les choses avec bienveillance.<\/p>\n<p>Lorsque je suis venu en tant que guerrier myst\u00e8re, Cyril jouait le personnage de Cyril Gossbo. Et \u00e7a a fait la m\u00eame chose avec Olivier. Au bout de deux \u00e9missions, j&rsquo;avais l&rsquo;impression que je le connaissais plus que le pr\u00e9sentateur\u00a0qui est \u00e0 travers la t\u00e9l\u00e9.<\/p>\n<p>Avec Cyril j&rsquo;ai trouv\u00e9 \u00e7a fluide. <b>J&rsquo;ai l&rsquo;impression que \u00e7a faisait des ann\u00e9es qu&rsquo;il le faisait d\u00e9j\u00e0<\/b>. Il nous a mis \u00e0 l&rsquo;aise, prenait le temps de nous parler, de nous rappeler que nous \u00e9tions l\u00e0 pour les associations. Au final, nous avions plus l\u2019impression de nous faire un kiff entre potes que de tourner une \u00e9mission t\u00e9l\u00e9.<\/p>\n<p>Ladji Doucour\u00e9 se livre sur l&rsquo;\u00e9preuve la plus dure de Fort Boyard : \u00ab\u00a0J\u2019ai un peu paniqu\u00e9\u00a0\u00bb<\/p>\n<p><b>Quelle \u00e9preuve vous a demand\u00e9 d\u2019aller au-del\u00e0 de vos peurs\u00a0?<br \/><\/b>L\u2019\u00e9preuve de la glace m&rsquo;a fait peur parce que je suis un peu claustrophobe. Et il fallait rentrer dans l&rsquo;eau, nager. Je ne suis pas forc\u00e9ment \u00e0 l&rsquo;aise.\u00a0\u00c0 un moment, j&rsquo;ai ouvert mes yeux dans l&rsquo;eau parce que je ne savais pas o\u00f9 j&rsquo;\u00e9tais. C\u2019est pour \u00e7a, je crois, que <b>j\u2019ai un peu paniqu\u00e9. <\/b>Derri\u00e8re, je tape comme un bourrin pour casser la vitre, car j&rsquo;ai l&rsquo;impression d\u2019avoir perdu du temps avant.<\/p>\n<p>M\u00eame si j&rsquo;ai \u00e9chou\u00e9, j&rsquo;\u00e9tais content de sortir de ma zone de confort. Et sinon, les b\u00eates ce n\u2019est pas mon truc. J\u2019ai aid\u00e9 Tibo \u00e0 monter sur le lit bancal, mais je n\u2019\u00e9tais pas serein. Pareil quand \u00c9lodie \u00e9tait dans la cabine abandonn\u00e9e, je lui disais \u00ab\u00a0\u00c7a va aller, super, \u00c9lodie. Tu es trop forte\u00a0\u00bb.\u00a0Mais j&rsquo;ai eu du mal \u00e0 aller lui enlever les blattes.<\/p>\n<p><b>En connaissiez-vous certains avant le tournage\u00a0?<br \/><\/b><a href=\"https:\/\/www.programme-tv.net\/biographie\/375075-riou-yoann\/\" data-link-people=\"5aeca1b5-8ee9-4991-9938-071884426d01\" rel=\"nofollow noopener\" target=\"_blank\">Yoann Riou<\/a>, avec qui j\u2019avais fait Danse avec les stars. <b>Nous \u00e9tions rest\u00e9s en contact<\/b>. J\u2019ai fait un cours de sport avec Tibo InShape sur la Star Academy et on s\u2019\u00e9tait bien entendus. \u00c9lodie Clouvel, je la vois au quotidien \u00e0 l\u2019INSEP. On \u00e9volue dans la m\u00eame salle donc on se voit souvent et c\u2019\u00e9tait marrant d\u2019\u00eatre ensemble dans un autre contexte.<\/p>\n<p>Julie Bourges et Major Mouvement, je ne les connaissais pas, m\u00eame si j\u2019avais entendu parler d\u2019eux. Et maintenant, je les suis sur les r\u00e9seaux et je regarde ce qu\u2019ils font avec un autre \u0153il. C\u2019est aussi le but de l\u2019\u00e9mission. D\u00e9couvrir des gens que vous ne connaissez pas forc\u00e9ment et que vous n\u2019auriez pas crois\u00e9s autrement. Tr\u00e8s vite, l&rsquo;alchimie s&rsquo;est faite dans l&rsquo;\u00e9quipe.<\/p>\n<p><b>Vous avez remport\u00e9 15\u00a0453\u00a0euros pour les deux associations. Est-ce une fiert\u00e9\u00a0?<br \/><\/b>Vous savez, on n&rsquo;est jamais satisfait de nos r\u00e9sultats, on veut toujours plus, mais il faut savoir\u00a0ne pas trop \u00eatre gourmand. On aurait voulu tout recommencer et doubler la mise.\u00a0C&rsquo;est s\u00fbr que sur le papier, quand on a 3 minutes, <b>on se dit qu\u2019on peut ramener un peu plus d&rsquo;argent.<\/b><\/p>\n<p>Apr\u00e8s, on ne peut pas se comporter comme si on venait \u00e0 titre individuel car dans ce cas, tu te surpasses et tu donnes le meilleur de toi-m\u00eame avec le risque d\u2019\u00e9chouer. L\u00e0, tu viens pour deux associations. Tu te dois de rester terre \u00e0 terre. On se serait senti mal de ne sortir qu\u2019avec des d\u00e9faites. Avec le recul, on se dit quand m\u00eame \u00ab\u00a0Ah, j&rsquo;aurais pu en faire un peu plus.\u00a0\u00bb Mais c&rsquo;est le jeu.<\/p>\n","protected":false},"excerpt":{"rendered":"Ce samedi 29\u00a0ao\u00fbt, France 2 diffusait le neuvi\u00e8me \u00e9pisode de la saison 2026 de Fort Boyard pr\u00e9sent\u00e9e par&hellip;\n","protected":false},"author":2,"featured_media":1156502,"comment_status":"","ping_status":"","sticky":false,"template":"","format":"standard","meta":{"footnotes":"","_share_on_mastodon":"0"},"categories":[1356],"tags":[244,12119,58,59,15745,1011,27,594,2173,67834,252,1364],"class_list":["post-1156501","post","type-post","status-publish","format-standard","has-post-thumbnail","category-television","tag-commentaire","tag-cyril-fu00e9raud","tag-divertissement","tag-entertainment","tag-fort-boyard","tag-fr","tag-france","tag-france-2","tag-interview","tag-ladji-doucouru00e9","tag-television","tag-tv"],"share_on_mastodon":{"url":"https:\/\/pubeurope.com\/@fr\/117181986046707889","error":""},"_links":{"self":[{"href":"https:\/\/www.europesays.com\/fr\/wp-json\/wp\/v2\/posts\/1156501","targetHints":{"allow":["GET"]}}],"collection":[{"href":"https:\/\/www.europesays.com\/fr\/wp-json\/wp\/v2\/posts"}],"about":[{"href":"https:\/\/www.europesays.com\/fr\/wp-json\/wp\/v2\/types\/post"}],"author":[{"embeddable":true,"href":"https:\/\/www.europesays.com\/fr\/wp-json\/wp\/v2\/users\/2"}],"replies":[{"embeddable":true,"href":"https:\/\/www.europesays.com\/fr\/wp-json\/wp\/v2\/comments?post=1156501"}],"version-history":[{"count":0,"href":"https:\/\/www.europesays.com\/fr\/wp-json\/wp\/v2\/posts\/1156501\/revisions"}],"wp:featuredmedia":[{"embeddable":true,"href":"https:\/\/www.europesays.com\/fr\/wp-json\/wp\/v2\/media\/1156502"}],"wp:attachment":[{"href":"https:\/\/www.europesays.com\/fr\/wp-json\/wp\/v2\/media?parent=1156501"}],"wp:term":[{"taxonomy":"category","embeddable":true,"href":"https:\/\/www.europesays.com\/fr\/wp-json\/wp\/v2\/categories?post=1156501"},{"taxonomy":"post_tag","embeddable":true,"href":"https:\/\/www.europesays.com\/fr\/wp-json\/wp\/v2\/tags?post=1156501"}],"curies":[{"name":"wp","href":"https:\/\/api.w.org\/{rel}","templated":true}]}}