{"id":115654,"date":"2025-05-21T01:03:12","date_gmt":"2025-05-21T01:03:12","guid":{"rendered":"https:\/\/www.europesays.com\/fr\/115654\/"},"modified":"2025-05-21T01:03:12","modified_gmt":"2025-05-21T01:03:12","slug":"jonathan-dassin-evoque-la-place-de-son-pere-dans-sa-carriere-musicale","status":"publish","type":"post","link":"https:\/\/www.europesays.com\/fr\/115654\/","title":{"rendered":"Jonathan Dassin \u00e9voque la place de son p\u00e8re dans sa carri\u00e8re musicale"},"content":{"rendered":"<p><strong>VID\u00c9O &#8211; <\/strong>Ce mardi 20 mai, le fils de Joe Dassin \u00e9tait l\u2019invit\u00e9 du \u00abBuzz TV\u00bb. L\u2019occasion pour lui d\u2019\u00e9voquer son m\u00e9tier de chanteur, et l\u2019impact de l\u2019h\u00e9ritage de son p\u00e8re sur ce dernier.<\/p>\n<p class=\"fig-paragraph\">Dans les yeux d\u2019Emilie, L\u2019\u00e9t\u00e9 indien, Siffler sur la colline&#8230; Ce mardi 20 mai, ce n\u2019\u00e9tait pas\u00a0<a href=\"http:\/\/www.lefigaro.fr\/politique\/aux-cotes-d-etudiants-suedois-emmanuel-macron-fredonne-les-champs-elysees-de-joe-dassin-20240131\" target=\"_blank\" data-fig-type=\"NewsFlash\" rel=\"noopener nofollow\" data-gtm-custom-categorie=\"navigation\" data-gtm-custom-action=\"crossclick\" data-gtm-custom-label=\"Contextuel\" data-gtm-event=\"customEventSPE\" data-fig-domain=\"LEFIGARO\">Joe Dassin<\/a>\u00a0qui \u00e9tait l\u2019invit\u00e9 du \u00abBuzz TV\u00bb mais bien son fils, Jonathan Dassin. Le fils a\u00een\u00e9 de l\u2019artiste l\u00e9gendaire de la vari\u00e9t\u00e9 fran\u00e7aise en a profit\u00e9 pour \u00e9voquer la place que l\u2019h\u00e9ritage de son p\u00e8re occupe dans son quotidien, mais surtout dans sa carri\u00e8re de chanteur.<\/p>\n<p class=\"fig-paragraph\">Les adeptes de vari\u00e9t\u00e9 fran\u00e7aise lui soulignent-ils souvent sa ressemblance avec son p\u00e8re\u00a0? \u00abAvec le temps, de plus en plus, surtout maintenant\u00bb, avoue Jonathan Dassin. \u00abQuand j\u2019\u00e9tais jeune, je voulais chanter diff\u00e9remment, dans une autre tessiture, pour justement ne pas trop lui ressembler. Et je chante beaucoup mieux depuis que j\u2019ai assum\u00e9 cette ressemblance vocale\u00a0! Dans cette famille, on a cette voix. Mon grand-p\u00e8re l\u2019avait, mon p\u00e8re l\u2019avait, et j\u2019en ai h\u00e9rit\u00e9 aussi.\u00bb<\/p>\n<p class=\"fig-body-link\">\n            \u00c0 lire aussi<br \/>\n        <a class=\"fig-body-link__link\" href=\"http:\/\/tvmag.lefigaro.fr\/programme-tv\/people\/c-est-un-chiffre-a-6-zeros-claude-francois-junior-revele-ce-que-rapporte-la-chanson-comme-d-habitude-dans-le-monde-20240409\" target=\"_blank\" data-fig-type=\"Article\" rel=\"noopener nofollow\" data-gtm-custom-categorie=\"navigation\" data-gtm-custom-action=\"crossclick\" data-gtm-custom-label=\"Contextuel\" data-gtm-event=\"customEventSPE\" data-fig-domain=\"TVMAG\">\u00abC\u2019est un chiffre \u00e0 6 z\u00e9ros\u00bb\u00a0: Claude Fran\u00e7ois Junior r\u00e9v\u00e8le ce que rapporte la chanson Comme d\u2019habitude de son p\u00e8re<br \/>\n    <\/a>\n<\/p>\n<p class=\"fig-paragraph\">Il poursuit, \u00e9voquant le surnom de son p\u00e8re, dont il a \u00e9galement h\u00e9rit\u00e9\u00a0: \u00abJ\u2019ai quelques amis qui m\u2019appellent Jo, et ils se reprennent mais effectivement, il y a cette tradition familiale de choisir un pr\u00e9nom en \u2019\u2019J\u2019\u2019 depuis mon grand-p\u00e8re qui s\u2019appelait Jules. Il a appel\u00e9 son fils Joseph, et mes enfants s\u2019appellent Jana et Jahlil&#8230; J\u2019ai suivi la tradition\u00a0!\u00bb<\/p>\n<p>\u00a0\u00bb<br \/>\n        data-script=\u00a0\u00bbhttps:\/\/static.lefigaro.fr\/widget-video\/short-ttl\/video\/index.js\u00a0\u00bb<br \/>\n    &gt;<\/p>\n<p>L\u2019\u00e9t\u00e9 indien, version 2025<\/p>\n<p class=\"fig-paragraph\">Celui qui a suivi les traces de son p\u00e8re en devenant chanteur \u00e9voque sa reprise de L\u2019\u00e9t\u00e9 indien, sortie pour l\u2019anniversaire des 50 ans de la chanson de\u00a0<a href=\"http:\/\/www.lefigaro.fr\/musique\/dans-les-yeux-d-emilie-de-joe-dassin-nouvel-hymne-des-supporters-lors-de-la-coupe-du-monde-de-rugby-20230908\" target=\"_blank\" data-fig-type=\"Article\" rel=\"noopener nofollow\" data-gtm-custom-categorie=\"navigation\" data-gtm-custom-action=\"crossclick\" data-gtm-custom-label=\"Contextuel\" data-gtm-event=\"customEventSPE\" data-fig-domain=\"LEFIGARO\">Joe Dassin<\/a>, le 6 juin prochain. \u00abQuand j\u2019\u00e9tais petit, c\u2019\u00e9tait ma pr\u00e9f\u00e9r\u00e9e\u00bb, livre-t-il. \u00abDepuis, il y en a d\u2019autres que j\u2019aime aussi, mais elle fait vraiment partie de mon top de mes chansons pr\u00e9f\u00e9r\u00e9es de mon p\u00e8re. Aujourd\u2019hui, c\u2019est Ton c\u00f4t\u00e9 du lit. C\u2019est une musique d\u2019Alice Dona et sur des paroles de Claude Lemesle, et je trouve qu\u2019ils ont tous deux donn\u00e9 le meilleur d\u2019eux-m\u00eames, et papa l\u2019a interpr\u00e9t\u00e9e merveilleusement bien.\u00bb<\/p>\n<p class=\"fig-paragraph\">Il poursuit, \u00e9voquant la revisite de L\u2019\u00e9t\u00e9 indien qu\u2019il propose, aux sonorit\u00e9s plus \u00e9lectros qu\u2019a l\u2019\u00e9poque : \u00abIl faut y toucher avec pr\u00e9caution, on a r\u00e9ussi \u00e0 garder ce truc \u00e9l\u00e9gant, je l\u2019ai fait avec des gens que je connais depuis tr\u00e8s longtemps. C\u2019\u00e9tait tr\u00e8s important pour moi de faire quelque chose d\u2019\u00e9l\u00e9gant. Je ne pense pas que je suis \u00e0 l\u2019abri des commentaires et des r\u00e9flexions, mais pour l\u2019instant il y a de tr\u00e8s bons retours sur cette version.\u00bb<\/p>\n<p class=\"fig-paragraph\">Y aurait-il des chansons, au contraire, qu\u2019il ne pourrait plus entendre\u00a0? \u00abDans les tubes comme dans celles qui ont eu moins de succ\u00e8s, il y en a que j\u2019aime moins que d\u2019autres\u00bb, assure Jonathan Dassin. \u00abLe caf\u00e9 des trois colombes, par exemple. Ce n\u2019est pas ma pr\u00e9f\u00e9r\u00e9e, et pourtant c\u2019est une des chansons qu\u2019on me demande souvent de chanter en concert et ce n\u2019est pas celle que je pr\u00e9f\u00e8re. Mais il y a des chansons que je peux proposer qui sont moins connues.\u00bb<\/p>\n<blockquote class=\"fig-quote&#10;    \">\n<p class=\"fig-quote__text\">\u00ab Effectivement, nous avons des probl\u00e9matiques en commun, (&#8230;) et \u00e7a nous rassemble mais on parle de tout et de rien\u00a0!\u00a0\u00bb<\/p>\n<p>            Jonathan Dassin \u00e0 propos de Claude Fran\u00e7ois Jr.\n    <\/p><\/blockquote>\n<p class=\"fig-paragraph\">Invit\u00e9 d\u2019honneur sur La Croisi\u00e8re de Claude Fran\u00e7ois, qui aura lieu du 11 au 18 octobre, Jonathan Dassin se confie sur sa rencontre avec\u00a0<a href=\"https:\/\/www.lefigaro.fr\/musique\/2018\/02\/15\/03006-20180215ARTFIG00236-affaires-d-heritage-comment-marc-et-claude-francois-jr-ont-gere-la-succession-de-leur-pere.php\" target=\"_blank\" data-fig-type=\"Article\" rel=\"noopener nofollow\" data-gtm-custom-categorie=\"navigation\" data-gtm-custom-action=\"crossclick\" data-gtm-custom-label=\"Contextuel\" data-gtm-event=\"customEventSPE\" data-fig-domain=\"LEFIGARO\">Claude Fran\u00e7ois Jr.<\/a>\u00a0\u00abJ\u2019ai rencontr\u00e9 Claude il n\u2019y a pas si longtemps que \u00e7a, c\u2019\u00e9tait \u00e0 Lisbonne et il est venu me voir en concert l\u00e0-bas\u00bb, confie le chanteur. \u00abOn s\u2019est rencontr\u00e9s \u00e0 cette occasion-l\u00e0 et on s\u2019est beaucoup appr\u00e9ci\u00e9s. On s\u2019est revus et petit \u00e0 petit, il m\u2019a propos\u00e9 de venir et d\u2019\u00eatre l\u2019invit\u00e9 d\u2019honneur de la croisi\u00e8re pour chanter du Joe Dassin.\u00bb<\/p>\n<p class=\"fig-paragraph\">Une rencontre tardive, malgr\u00e9 leurs chemins de vie similaires, que Jonathan Dassin n\u2019explique pas. \u00abJe veux bien concevoir effectivement, qu\u2019on imagine qu\u2019entre \u201cfils de\u201d, on fait une esp\u00e8ce de clan et tout \u00e7a. Mais non, pas du tout\u00bb, assure-t-il. \u00abJe n\u2019ai pas connu grand monde, j\u2019ai \u00e9t\u00e9 \u00e9lev\u00e9 par ma maman et je n\u2019ai pas beaucoup c\u00f4toy\u00e9 le monde artistique. Et il me semble que nos deux p\u00e8res ne se connaissaient pas. (&#8230;) Effectivement, nous avons des probl\u00e9matiques en commun, (&#8230;) et \u00e7a nous rassemble mais on parle de tout et de rien\u00a0!\u00bb<\/p>\n","protected":false},"excerpt":{"rendered":"VID\u00c9O &#8211; Ce mardi 20 mai, le fils de Joe Dassin \u00e9tait l\u2019invit\u00e9 du \u00abBuzz TV\u00bb. L\u2019occasion pour&hellip;\n","protected":false},"author":2,"featured_media":115655,"comment_status":"","ping_status":"","sticky":false,"template":"","format":"standard","meta":{"footnotes":""},"categories":[1355],"tags":[6399,6394,6396,6398,6397,6395,58,59,1011,27,1361,873,6401,6402,252,6400],"class_list":{"0":"post-115654","1":"post","2":"type-post","3":"status-publish","4":"format-standard","5":"has-post-thumbnail","7":"category-musique","8":"tag-ce-soir-a-la-tele","9":"tag-ce-soir-tv","10":"tag-ce-soir-tv-canal","11":"tag-ce-soir-tv-canalsat","12":"tag-ce-soir-tv-orange","13":"tag-ce-soir-tv-tnt","14":"tag-divertissement","15":"tag-entertainment","16":"tag-fr","17":"tag-france","18":"tag-music","19":"tag-musique","20":"tag-programme-tele-ce-soir","21":"tag-programme-tv-ce-soir","22":"tag-television","23":"tag-tv-ce-soir-programme-tv"},"share_on_mastodon":{"url":"https:\/\/pubeurope.com\/@fr\/114543132983854793","error":""},"_links":{"self":[{"href":"https:\/\/www.europesays.com\/fr\/wp-json\/wp\/v2\/posts\/115654","targetHints":{"allow":["GET"]}}],"collection":[{"href":"https:\/\/www.europesays.com\/fr\/wp-json\/wp\/v2\/posts"}],"about":[{"href":"https:\/\/www.europesays.com\/fr\/wp-json\/wp\/v2\/types\/post"}],"author":[{"embeddable":true,"href":"https:\/\/www.europesays.com\/fr\/wp-json\/wp\/v2\/users\/2"}],"replies":[{"embeddable":true,"href":"https:\/\/www.europesays.com\/fr\/wp-json\/wp\/v2\/comments?post=115654"}],"version-history":[{"count":0,"href":"https:\/\/www.europesays.com\/fr\/wp-json\/wp\/v2\/posts\/115654\/revisions"}],"wp:featuredmedia":[{"embeddable":true,"href":"https:\/\/www.europesays.com\/fr\/wp-json\/wp\/v2\/media\/115655"}],"wp:attachment":[{"href":"https:\/\/www.europesays.com\/fr\/wp-json\/wp\/v2\/media?parent=115654"}],"wp:term":[{"taxonomy":"category","embeddable":true,"href":"https:\/\/www.europesays.com\/fr\/wp-json\/wp\/v2\/categories?post=115654"},{"taxonomy":"post_tag","embeddable":true,"href":"https:\/\/www.europesays.com\/fr\/wp-json\/wp\/v2\/tags?post=115654"}],"curies":[{"name":"wp","href":"https:\/\/api.w.org\/{rel}","templated":true}]}}