{"id":1156543,"date":"2026-08-30T02:33:36","date_gmt":"2026-08-30T02:33:36","guid":{"rendered":"https:\/\/www.europesays.com\/fr\/1156543\/"},"modified":"2026-08-30T02:33:36","modified_gmt":"2026-08-30T02:33:36","slug":"ligue-europa-pierre-sage-reviendra-au-parc-ol-le-15-octobre","status":"publish","type":"post","link":"https:\/\/www.europesays.com\/fr\/1156543\/","title":{"rendered":"Ligue Europa : Pierre Sage reviendra au Parc OL le 15 octobre"},"content":{"rendered":"<p>                            <img width=\"770\" height=\"433\" src=\"https:\/\/www.europesays.com\/fr\/wp-content\/uploads\/2026\/08\/AFP__20260227__999D624__v1__HighRes__FblFraLigue1StrasbourgLens-770x433.jpg\" class=\"attachment-article size-article wp-post-image\" alt=\"Pierre Sage lors de Strasbourg - Lens\" decoding=\"async\" fetchpriority=\"high\"  \/><\/p>\n<p>Pierre Sage lors de Strasbourg \u2013 Lens (Photo by Frederick FLORIN \/ AFP)<\/p>\n<p>En amont du match de la deuxi\u00e8me journ\u00e9e de Ligue 1, l&rsquo;OL a eu vent de son calendrier pour la Ligue Europa. Apr\u00e8s avoir d\u00e9but\u00e9 du c\u00f4t\u00e9 d&rsquo;Anderlecht le 16 septembre prochain, les Lyonnais recevront notamment Pierre Sage et Crystal Palace le 15 octobre \u00e0 D\u00e9cines.<\/p>\n<p class=\"wp-block-paragraph\">C&rsquo;est une information dont les joueurs n&rsquo;auront vent qu&rsquo;apr\u00e8s la rencontre. Car oui, l&rsquo;UEFA a eu la bonne id\u00e9e de d\u00e9voiler le calendrier de la Ligue Europa ce samedi, quinze minutes avant OL &#8211; Le Havre. En amont de cette rencontre de la deuxi\u00e8me journ\u00e9e de Ligue 1, le club lyonnais a pris connaissance de son calendrier europ\u00e9en pour les semaines et mois \u00e0 venir. Au lendemain du tirage qui l&rsquo;a vu h\u00e9rit\u00e9 du Bayer Leverkusen, de Crystal Palace ou encore de la Real Sociedad, l&rsquo;OL d\u00e9butera sa campagne en Belgique avec un d\u00e9placement \u00e0 Anderlecht le mercredi 16 septembre \u00e0 21h. La formation rhodanienne retrouvera ensuite Pierre Sage qui reviendra donc \u00e0 D\u00e9cines le 15 octobre (18h45). Cette phase de ligue se cl\u00f4turera au Parc OL avec la r\u00e9ception du Bayer Leverkusen le 28 janvier \u00e0 21h. L&rsquo;heure des retrouvailles avec Afonso Moreira.<\/p>\n<p class=\"wp-block-paragraph\"><strong>Le calendrier de l&rsquo;OL :<\/strong><\/p>\n<p class=\"wp-block-paragraph\">16 septembre (21h) : d\u00e9placement \u00e0 Anderlecht<\/p>\n<p class=\"wp-block-paragraph\">15 octobre (18h45) : r\u00e9ception de Crystal Palace<\/p>\n<p class=\"wp-block-paragraph\">22 octobre (21h) : d\u00e9placement \u00e0 Hoffeinheim<\/p>\n<p class=\"wp-block-paragraph\">5 novembre (21h) : d\u00e9placement \u00e0 la Real Sociedad<\/p>\n<p class=\"wp-block-paragraph\">26 novembre (21h) : r\u00e9ception de Lillestrom<\/p>\n<p class=\"wp-block-paragraph\">10 d\u00e9cembre (21h) : r\u00e9ception d&rsquo;Union Saint-Gilloise<\/p>\n<p class=\"wp-block-paragraph\">21 janvier (18h45) : d\u00e9placement \u00e0 Jagiellonia<\/p>\n<p class=\"wp-block-paragraph\">28 janvier (21h) : r\u00e9ception du Bayer Leverkusen<\/p>\n","protected":false},"excerpt":{"rendered":"Pierre Sage lors de Strasbourg \u2013 Lens (Photo by Frederick FLORIN \/ AFP) En amont du match de&hellip;\n","protected":false},"author":2,"featured_media":1156544,"comment_status":"","ping_status":"","sticky":false,"template":"","format":"standard","meta":{"footnotes":"","_share_on_mastodon":"0"},"categories":[2820],"tags":[1111,11,1777,674,1011,27,775,12,241,978,25,640],"class_list":["post-1156543","post","type-post","status-publish","format-standard","has-post-thumbnail","category-strasbourg","tag-actu","tag-actualites","tag-eu","tag-europe","tag-fr","tag-france","tag-grand-est","tag-news","tag-ol","tag-olympique-lyonnais","tag-republique-francaise","tag-strasbourg"],"share_on_mastodon":{"url":"https:\/\/pubeurope.com\/@fr\/117182124819910445","error":""},"_links":{"self":[{"href":"https:\/\/www.europesays.com\/fr\/wp-json\/wp\/v2\/posts\/1156543","targetHints":{"allow":["GET"]}}],"collection":[{"href":"https:\/\/www.europesays.com\/fr\/wp-json\/wp\/v2\/posts"}],"about":[{"href":"https:\/\/www.europesays.com\/fr\/wp-json\/wp\/v2\/types\/post"}],"author":[{"embeddable":true,"href":"https:\/\/www.europesays.com\/fr\/wp-json\/wp\/v2\/users\/2"}],"replies":[{"embeddable":true,"href":"https:\/\/www.europesays.com\/fr\/wp-json\/wp\/v2\/comments?post=1156543"}],"version-history":[{"count":0,"href":"https:\/\/www.europesays.com\/fr\/wp-json\/wp\/v2\/posts\/1156543\/revisions"}],"wp:featuredmedia":[{"embeddable":true,"href":"https:\/\/www.europesays.com\/fr\/wp-json\/wp\/v2\/media\/1156544"}],"wp:attachment":[{"href":"https:\/\/www.europesays.com\/fr\/wp-json\/wp\/v2\/media?parent=1156543"}],"wp:term":[{"taxonomy":"category","embeddable":true,"href":"https:\/\/www.europesays.com\/fr\/wp-json\/wp\/v2\/categories?post=1156543"},{"taxonomy":"post_tag","embeddable":true,"href":"https:\/\/www.europesays.com\/fr\/wp-json\/wp\/v2\/tags?post=1156543"}],"curies":[{"name":"wp","href":"https:\/\/api.w.org\/{rel}","templated":true}]}}