{"id":1156577,"date":"2026-08-30T02:52:37","date_gmt":"2026-08-30T02:52:37","guid":{"rendered":"https:\/\/www.europesays.com\/fr\/1156577\/"},"modified":"2026-08-30T02:52:37","modified_gmt":"2026-08-30T02:52:37","slug":"transports-a-paris-rer-transiliens-tramways-quelles-sont-les-perturbations-attendues-jusquau-6-septembre","status":"publish","type":"post","link":"https:\/\/www.europesays.com\/fr\/1156577\/","title":{"rendered":"Transports \u00e0 Paris : RER, transiliens, tramways&#8230; Quelles sont les perturbations attendues jusqu&rsquo;au 6 septembre ?"},"content":{"rendered":"<p class=\"dm_article-chapeau\">Des perturbations \u00e0 Paris et en \u00cele-de-France sur le r\u00e9seau SNCF et RATP sont \u00e0 pr\u00e9voir jusqu&rsquo;au dimanche 6 septembre, en raison de travaux. Voici tout ce qu&rsquo;il faut savoir.<\/p>\n<p>La rentr\u00e9e va bient\u00f4t d\u00e9buter, mais les travaux continuent. Les r\u00e9seaux <a href=\"https:\/\/www.cnews.fr\/sncf\" target=\"_blank\" rel=\"nofollow noopener\">SNCF<\/a> et <a href=\"https:\/\/www.cnews.fr\/ratp\" rel=\"nofollow noopener\" target=\"_blank\">RATP<\/a> sont toujours perturb\u00e9s en raison de la r\u00e9alisation de chantiers cruciaux. Tous visent \u00e0 perfectionner les lignes, les moderniser ou encore en accueillir de nouvelles. Voici les perturbations auxquelles vous pourriez faire face jusqu&rsquo;au 6 septembre prochain.<\/p>\n<p>RER B<\/p>\n<p>Du 31 ao\u00fbt au 9 septembre inclus, du lundi au vendredi d\u00e8s 22h45, le trafic sera interrompu entre Ch\u00e2telet\u2006\u2013\u2006Les Halles et A\u00e9roport Charles de Gaulle 2\u2006\u2013\u2006TGV et Ch\u00e2telet\u2006\u2013\u2006Les Halles et Mitry\u2006\u2013\u2006Claye en raison de travaux. Des navettes de remplacement sont mises en place.\u00a0<\/p>\n<p>RER C<\/p>\n<p>Plusieurs perturbations auront lieu jusqu&rsquo;au 4 septembre inclus, du lundi au vendredi d\u00e8s 23h15. Le trafic est interrompu entre Saint-Quentin en Yvelines et Montigny-le-Bretonneux et Javel, et entre Versailles Ch\u00e2teau Rive Gauche et Javel en raison de travaux.\u00a0<\/p>\n<p>Jusqu&rsquo;au 4 septembre inclus, du lundi au vendredi d\u00e8s 23h, le trafic est interrompu entre Saint-Martin d&rsquo;\u00c9tampes et Br\u00e9tigny en raison de travaux. Dans les deux cas, des bus de remplacement sont pr\u00e9vus.<\/p>\n<p>RER D<\/p>\n<p>Du 31 ao\u00fbt au 18 septembre inclus, du lundi au vendredi d\u00e8s 19h50, le trafic sera interrompu entre Melun et Combs-la-Ville et Quincy en raison de travaux.\u00a0<\/p>\n<p>Du 31 ao\u00fbt au 18 septembre inclus, du lundi au vendredi d\u00e8s 23h15, le trafic sera interrompu entre Gare du Nord et Gare de Lyon en raison de travaux.\u00a0<\/p>\n<p>Du 31 ao\u00fbt au 18 septembre inclus, du lundi au vendredi d\u00e8s 23h50, le trafic sera interrompu entre Juvisy et Corbeil-Essonnes via Ris-Orangis en raison de travaux.\u00a0<\/p>\n<p>Du 31 ao\u00fbt au 25 septembre inclus, du lundi au vendredi d\u00e8s 23h35, le trafic sera interrompu entre Creil et Gare du Nord en raison de travaux. Dans les quatre cas, des bus de remplacement sont pr\u00e9vus.<\/p>\n<p>RER E<\/p>\n<p>Plusieurs perturbations sur cette ligne de RER. Jusqu&rsquo;au 4 septembre inclus, du lundi au vendredi d\u00e8s 22h45, le trafic est interrompu entre Nanterre-La-Folie et Chelles &#8211; Gournay en raison de travaux. Du 29 ao\u00fbt au 6 septembre, pas de circulation apr\u00e8s 22H45 sur la partie entre Nanterre-la-Folie et Chelles &#8211; Gournay. Des bus seront l\u00e0 pour compenser.<\/p>\n<p>TRAIN H<\/p>\n<p>Du 31 ao\u00fbt au 18 septembre inclus, du lundi au vendredi d\u00e8s 23h35, le trafic sera interrompu entre Ermont &#8211; Eaubonne et Pontoise pour des travaux sur le r\u00e9seau ferroviaire<\/p>\n<p>Jusqu&rsquo;au 9 octobre inclus, du lundi au vendredi d\u00e8s 21h00, le trafic est interrompu entre Sarcelles &#8211; Saint-Brice et Luzarches mais aussi entre Sarcelles &#8211; Saint-Brice et Persan &#8211; Beaumont en raison de travaux. Des bus de remplacement sont pr\u00e9vus.<\/p>\n<p>TRAIN J<\/p>\n<p>Jusqu&rsquo;au 4 septembre inclus, du lundi au vendredi d\u00e8s 21h45, le trafic est interrompu entre Ermont &#8211; Eaubonne et Gare Saint-Lazare en raison de travaux.\u00a0<\/p>\n<p>Jusqu&rsquo;au 4 septembre inclus, du lundi au vendredi de 22h40 \u00e0 03h00, le trafic est interrompu entre Gare Saint-Lazare et Conflans-Sainte-Honorine en raison de travaux.\u00a0<\/p>\n<p>Jusqu&rsquo;au 4 septembre inclus, du lundi au vendredi de 21h40 \u00e0 03h00, le trafic est interrompu entre Gare Saint-Lazare et Mantes-la-Jolie, et entre Gare Saint-Lazare et Conflans-Sainte-Honorine en raison de travaux.<\/p>\n<p>Depuis le vendredi 28 ao\u00fbt jusqu&rsquo;au 6 septembre inclus, le week-end, le trafic sera interrompu entre Conflans-Sainte-Honorine et Mantes-la-Jolie en raison de travaux. Des bus de remplacement sont pr\u00e9vus dans les quatre cas.<\/p>\n<p>TRAIN L<\/p>\n<p>Jusqu&rsquo;au 11 septembre inclus, du lundi au vendredi de 22h45 \u00e0 03h00, le trafic est interrompu entre B\u00e9con les Bruy\u00e8res et Maisons-Laffitte en raison de travaux.<\/p>\n<p>TRAIN N<\/p>\n<p>Du 31 ao\u00fbt au 4 septembre inclus, du lundi au vendredi d\u00e8s 21h55, le trafic sera interrompu entre Gare Montparnasse et Dreux en raison de travaux.\u00a0<\/p>\n<p>Du 31 ao\u00fbt au 4 septembre inclus, du lundi au vendredi d\u00e8s 22h00, le trafic sera interrompu entre Gare Montparnasse et Mantes-la-Jolie en raison de travaux.\u00a0<\/p>\n<p>Du 31 ao\u00fbt au 4 septembre inclus, du lundi au vendredi d\u00e8s 22h30, le trafic sera interrompu entre Gare Montparnasse et Rambouillet en raison de travaux.\u00a0<\/p>\n<p>Du 31 ao\u00fbt au 4 septembre inclus, du lundi au vendredi d\u00e8s 23:30, le trafic sera interrompu de Gare Montparnasse vers Versailles Chantiers en raison de travaux. B<\/p>\n<p>Du 1er septembre au 25 septembre inclus, du lundi au vendredi d\u00e8s 22:41, le trafic sera interrompu entre Gare Montparnasse et Plaisir &#8211; Grignon en raison de travaux. Dans les deux cas, des bus de remplacement sont mis en place.<\/p>\n<p>TRAIN P<\/p>\n<p>Jusqu&rsquo;au 6 septembre inclus, le week-end de 22h30 \u00e0 02h00, le trafic est interrompu entre Gare de l&rsquo;Est et Ch\u00e2teau-Thierry en raison de travaux.\u00a0<\/p>\n<p>Jusqu&rsquo;au 4 septembre inclus, du lundi au vendredi d\u00e8s 20h10, le trafic est interrompu entre Gare de l&rsquo;Est et Coulommiers en raison de travaux.<\/p>\n<p>Jusqu&rsquo;au 4 septembre inclus, du lundi au vendredi d\u00e8s 21:45, le trafic est interrompu entre Gare de l&rsquo;Est et Provins en raison de travaux.\u00a0<\/p>\n<p>Du 31 ao\u00fbt au 16 octobre inclus, du lundi au vendredi d\u00e8s 21h30, le trafic sera interrompu entre Gare de l&rsquo;Est et Ch\u00e2teau-Thierry en raison de travaux.\u00a0<\/p>\n<p>Du 31 ao\u00fbt au 18 septembre inclus, du lundi au vendredi d\u00e8s 21h50, le trafic sera interrompu entre Gare de l&rsquo;Est et Meaux en raison de travaux.\u00a0<\/p>\n<p>Du 5 septembre au 6 septembre jusqu&rsquo;\u00e0 16:30, le trafic sera interrompu entre Lagny &#8211; Thorigny et Meaux en raison de travaux. Des navettes de remplacement sont mises en place pour les six interruptions de trafic.<\/p>\n<p>TRAIN r<\/p>\n<p>Du 31 ao\u00fbt au 4 septembre inclus, du lundi au vendredi de 10:30 \u00e0 15:30, le trafic sera interrompu entre Melun et Montereau via H\u00e9ricy en raison de travaux.\u00a0<\/p>\n<p>Du 31 ao\u00fbt au 18 septembre inclus, du lundi au vendredi d\u00e8s 22:00, le trafic sera interrompu entre Melun et Montargis en raison de travaux.\u00a0<\/p>\n<p>Du 5 septembre au 13 septembre inclus, le week-end, le trafic sera interrompu entre Melun et Montargis en raison de travaux.<\/p>\n<p>Des bus de remplacement sont pr\u00e9vus.<\/p>\n<p>TRAIN U<\/p>\n<p>Du 1er septembre au 4 septembre inclus, du lundi au vendredi d\u00e8s 21:20, le trafic sera interrompu entre La D\u00e9fense et La Verri\u00e8re en raison de travaux. Des bus de remplacement sont mis en place.<\/p>\n<p>T1<\/p>\n<p>Ce samedi 31 ao\u00fbt inclus, le trafic est interrompu entre Gare de Noisy-le-Sec et Bobigny &#8211; Pablo Picasso pour des travaux de modernisation.<\/p>\n<p>T4<\/p>\n<p>Jusqu&rsquo;au 21 octobre inclus, le trafic est interrompu sur toute la ligne, le mardi de 21h15 \u00e0 05h00. Des bus de remplacement sont mis en place.<\/p>\n<p>M\u00c9TRO 6<\/p>\n<p>Le 6 septembre, le trafic sera interrompu sur toute la ligne en raison de travaux de modernisation.<\/p>\n<p>M\u00e9tro 8<\/p>\n<p>Jusqu&rsquo;au 22 avril 2027 inclus, l&rsquo;arr\u00eat R\u00e9publique n&rsquo;est pas desservi afin de r\u00e9nover la station.\u00a0<\/p>\n","protected":false},"excerpt":{"rendered":"Des perturbations \u00e0 Paris et en \u00cele-de-France sur le r\u00e9seau SNCF et RATP sont \u00e0 pr\u00e9voir jusqu&rsquo;au dimanche&hellip;\n","protected":false},"author":2,"featured_media":1156578,"comment_status":"","ping_status":"","sticky":false,"template":"","format":"standard","meta":{"footnotes":"","_share_on_mastodon":"0"},"categories":[1888],"tags":[11,1777,674,1011,27,16077,12,626,25,12396,4109,12443,2216],"class_list":["post-1156577","post","type-post","status-publish","format-standard","has-post-thumbnail","category-paris","tag-actualites","tag-eu","tag-europe","tag-fr","tag-france","tag-mu00e9tro","tag-news","tag-paris","tag-republique-francaise","tag-rer","tag-tramway","tag-transilien","tag-transports-en-commun"],"share_on_mastodon":{"url":"https:\/\/pubeurope.com\/@fr\/117182198321408162","error":""},"_links":{"self":[{"href":"https:\/\/www.europesays.com\/fr\/wp-json\/wp\/v2\/posts\/1156577","targetHints":{"allow":["GET"]}}],"collection":[{"href":"https:\/\/www.europesays.com\/fr\/wp-json\/wp\/v2\/posts"}],"about":[{"href":"https:\/\/www.europesays.com\/fr\/wp-json\/wp\/v2\/types\/post"}],"author":[{"embeddable":true,"href":"https:\/\/www.europesays.com\/fr\/wp-json\/wp\/v2\/users\/2"}],"replies":[{"embeddable":true,"href":"https:\/\/www.europesays.com\/fr\/wp-json\/wp\/v2\/comments?post=1156577"}],"version-history":[{"count":0,"href":"https:\/\/www.europesays.com\/fr\/wp-json\/wp\/v2\/posts\/1156577\/revisions"}],"wp:featuredmedia":[{"embeddable":true,"href":"https:\/\/www.europesays.com\/fr\/wp-json\/wp\/v2\/media\/1156578"}],"wp:attachment":[{"href":"https:\/\/www.europesays.com\/fr\/wp-json\/wp\/v2\/media?parent=1156577"}],"wp:term":[{"taxonomy":"category","embeddable":true,"href":"https:\/\/www.europesays.com\/fr\/wp-json\/wp\/v2\/categories?post=1156577"},{"taxonomy":"post_tag","embeddable":true,"href":"https:\/\/www.europesays.com\/fr\/wp-json\/wp\/v2\/tags?post=1156577"}],"curies":[{"name":"wp","href":"https:\/\/api.w.org\/{rel}","templated":true}]}}