{"id":1156584,"date":"2026-08-30T02:58:23","date_gmt":"2026-08-30T02:58:23","guid":{"rendered":"https:\/\/www.europesays.com\/fr\/1156584\/"},"modified":"2026-08-30T02:58:23","modified_gmt":"2026-08-30T02:58:23","slug":"aucune-option-nest-exclue-washington-menace-londres-de-ne-plus-soutenir-sa-souverainete-aux-malouines-les-depenses-de-defense-en-question","status":"publish","type":"post","link":"https:\/\/www.europesays.com\/fr\/1156584\/","title":{"rendered":"\u00abAucune option n\u2019est exclue\u00bb : Washington menace Londres de ne plus soutenir sa souverainet\u00e9 aux Malouines, les d\u00e9penses de d\u00e9fense en question"},"content":{"rendered":"<p>\n    Selon le quotidien britannique The Telegraph, le pr\u00e9sident des \u00c9tats-Unis chercherait ainsi \u00e0 pousser le nouveau premier ministre britannique Andy Burnham \u00e0 augmenter son budget de d\u00e9fense.<\/p>\n<p class=\"fig-paragraph\">Des responsables du\u00a0<a href=\"http:\/\/www.lefigaro.fr\/international\/la-guerre-de-donald-trump-en-iran-met-le-pentagone-sous-pression-financiere-20260721\" data-fig-type=\"Article\" data-gtm-custom-categorie=\"navigation\" data-gtm-custom-action=\"crossclick\" data-gtm-custom-label=\"Contextuel\" data-gtm-event=\"customEventSPE\" data-fig-domain=\"LEFIGARO\" rel=\"nofollow noopener\" target=\"_blank\">Pentagone<\/a>\u00a0menacent le\u00a0<a href=\"http:\/\/www.lefigaro.fr\/conjoncture\/crise-climatique-menace-d-etats-hostiles-le-royaume-uni-va-inciter-sa-population-a-faire-des-reserves-d-eau-et-de-conserves-20260828\" data-fig-type=\"NewsFlash\" data-gtm-custom-categorie=\"navigation\" data-gtm-custom-action=\"crossclick\" data-gtm-custom-label=\"Contextuel\" data-gtm-event=\"customEventSPE\" data-fig-domain=\"LEFIGARO\" rel=\"nofollow noopener\" target=\"_blank\">Royaume-Uni<\/a>\u00a0de ne plus soutenir sa souverainet\u00e9 sur les<a href=\"http:\/\/www.lefigaro.fr\/sports\/football\/coupe-du-monde\/coupe-du-monde-2026-la-fifa-ouvre-une-enquete-contre-l-argentine-suite-a-la-banderole-brandie-apres-la-demi-finale-face-a-l-angleterre-20260729\" data-fig-type=\"NewsFlash\" data-gtm-custom-categorie=\"navigation\" data-gtm-custom-action=\"crossclick\" data-gtm-custom-label=\"Contextuel\" data-gtm-event=\"customEventSPE\" data-fig-domain=\"LEFIGARO\" rel=\"nofollow noopener\" target=\"_blank\">\u00a0\u00eeles Malouines<\/a>\u00a0si le premier ministre britannique,\u00a0<a href=\"http:\/\/www.lefigaro.fr\/international\/emmanuel-macron-va-se-rendre-a-londres-la-semaine-prochaine-pour-rencontrer-le-nouveau-premier-ministre-britannique-andy-burnham-20260827\" data-fig-type=\"NewsFlash\" data-gtm-custom-categorie=\"navigation\" data-gtm-custom-action=\"crossclick\" data-gtm-custom-label=\"Contextuel\" data-gtm-event=\"customEventSPE\" data-fig-domain=\"LEFIGARO\" rel=\"nofollow noopener\" target=\"_blank\">Andy Burnham<\/a>, n\u2019augmente pas les d\u00e9penses consacr\u00e9es \u00e0 la d\u00e9fense, affirme\u00a0<a href=\"https:\/\/www.telegraph.co.uk\/world-news\/2026\/08\/28\/us-uk-boost-defence-spending-lose-falklands-support\/\" target=\"_blank\" rel=\"nofollow noopener\" data-gtm-custom-categorie=\"navigation\" data-gtm-custom-action=\"crossclick\" data-gtm-custom-label=\"Contextuel\" data-gtm-event=\"customEventSPE\">The Telegraph<\/a> .<\/p>\n<p class=\"fig-paragraph\">Selon le quotidien britannique,\u00a0l\u2019administration Trump aurait insist\u00e9 sur ce point afin d\u2019inciter le Royaume-Uni &#8211; mais aussi les autres membres de\u00a0<a href=\"http:\/\/www.lefigaro.fr\/flash-actu\/vladimir-poutine-ne-va-pas-attaquer-un-territoire-de-l-otan-assure-donald-trump-20260827\" data-fig-type=\"NewsFlash\" data-gtm-custom-categorie=\"navigation\" data-gtm-custom-action=\"crossclick\" data-gtm-custom-label=\"Contextuel\" data-gtm-event=\"customEventSPE\" data-fig-domain=\"LEFIGARO\" rel=\"nofollow noopener\" target=\"_blank\">l\u2019Otan<\/a>\u00a0qui selon Donald Trump ne respectent pas leurs engagements &#8211; \u00e0 consacrer 5% de leur PIB aux d\u00e9penses li\u00e9es \u00e0 la d\u00e9fense.<\/p>\n<p>                                            <a class=\"fig-a11y-skip\" href=\"#fig-a11y-skip-main-inarticle\" is=\"fig-a11y-skip\" data-trigger-mode=\"visible-once\"><br \/>\n    Passer la publicit\u00e9<br \/>\n<\/a>            <\/p>\n<p class=\"fig-paragraph\">Dans ce contexte, le Royaume-Uni ferait l\u2019objet d\u2019une \u00abattention particuli\u00e8re\u00bb, en raison de \u00abson immense potentiel\u00bb a d\u00e9clar\u00e9 un haut responsable am\u00e9ricain au Telegraph. \u00abNous poursuivrons nos efforts pour inciter et permettre au Royaume-Uni de s\u2019impliquer davantage\u00bb, a-t-il ajout\u00e9.<\/p>\n<p>                                            \u00abLes discussions sont franches\u00bb<\/p>\n<p class=\"fig-paragraph\">Les \u00eeles Malouines pourraient donc bien se trouver au c\u0153ur des n\u00e9gociations. Cette m\u00eame source aurait en ce sens d\u00e9clar\u00e9 au quotidien britannique que \u00ables discussions sont franches et qu\u2019aucune option n\u2019est exclue pour encourager le partage des responsabilit\u00e9s que nous recherchons\u00bb.<\/p>\n<p class=\"fig-paragraph\">Le Telegraph souligne par ailleurs qu\u2019en avril dernier, une note interne du Pentagone ayant fuit\u00e9 dans la presse\u00a0<a href=\"http:\/\/www.lefigaro.fr\/international\/washington-envisage-de-reexaminer-sa-position-sur-les-iles-malouines-londres-reaffirme-que-la-souverainete-appartient-au-royaume-uni-20260424\" data-fig-type=\"NewsFlash\" data-gtm-custom-categorie=\"navigation\" data-gtm-custom-action=\"crossclick\" data-gtm-custom-label=\"Contextuel\" data-gtm-event=\"customEventSPE\" data-fig-domain=\"LEFIGARO\" rel=\"nofollow noopener\" target=\"_blank\">sugg\u00e9rait que les \u00c9tats-Unis pourraient revoir leur position sur les \u00eeles Malouines<\/a>\u00a0afin de faire pression sur le Royaume-Uni, auquel il reprochait un manque d\u2019implication dans la guerre en Iran.<\/p>\n<p class=\"fig-paragraph\">Cette perspective avait \u00e9t\u00e9 salu\u00e9e par le pr\u00e9sident argentin\u00a0<a href=\"http:\/\/www.lefigaro.fr\/international\/presidentielle-au-bresil-javier-milei-superstar-de-la-droite-latino-americaine-apporte-son-soutien-a-flavio-bolsonaro-20260726\" data-fig-type=\"Article\" data-gtm-custom-categorie=\"navigation\" data-gtm-custom-action=\"crossclick\" data-gtm-custom-label=\"Contextuel\" data-gtm-event=\"customEventSPE\" data-fig-domain=\"LEFIGARO\" rel=\"nofollow noopener\" target=\"_blank\">Javier Milei<\/a>, alli\u00e9 de Donald Trump, c\u00e9l\u00e9brant la nouvelle dans un entretien radiophonique.\u00a0\u00abNous faisons tout ce qui est humainement possible pour que les Malouines argentines (&#8230;) reviennent entre les mains de l\u2019Argentine. Nous progressons comme jamais auparavant\u00bb, avait-il soulign\u00e9.<\/p>\n","protected":false},"excerpt":{"rendered":"Selon le quotidien britannique The Telegraph, le pr\u00e9sident des \u00c9tats-Unis chercherait ainsi \u00e0 pousser le nouveau premier ministre&hellip;\n","protected":false},"author":2,"featured_media":1156585,"comment_status":"","ping_status":"","sticky":false,"template":"","format":"standard","meta":{"footnotes":"","_share_on_mastodon":"0"},"categories":[1588],"tags":[11,554,10692,1777,674,4534,66251,12,473,1853,1851,1850,1852,2744],"class_list":["post-1156584","post","type-post","status-publish","format-standard","has-post-thumbnail","category-royaume-uni","tag-actualites","tag-defense","tag-depenses","tag-eu","tag-europe","tag-londres","tag-malouines","tag-news","tag-royaume-uni","tag-royaume-uni-de-grande-bretagne-et-dirlande-du-nord","tag-uk","tag-united-kingdom","tag-united-kingdom-of-great-britain-and-northern-ireland","tag-washington"],"share_on_mastodon":{"url":"https:\/\/pubeurope.com\/@fr\/117182222260196377","error":""},"_links":{"self":[{"href":"https:\/\/www.europesays.com\/fr\/wp-json\/wp\/v2\/posts\/1156584","targetHints":{"allow":["GET"]}}],"collection":[{"href":"https:\/\/www.europesays.com\/fr\/wp-json\/wp\/v2\/posts"}],"about":[{"href":"https:\/\/www.europesays.com\/fr\/wp-json\/wp\/v2\/types\/post"}],"author":[{"embeddable":true,"href":"https:\/\/www.europesays.com\/fr\/wp-json\/wp\/v2\/users\/2"}],"replies":[{"embeddable":true,"href":"https:\/\/www.europesays.com\/fr\/wp-json\/wp\/v2\/comments?post=1156584"}],"version-history":[{"count":0,"href":"https:\/\/www.europesays.com\/fr\/wp-json\/wp\/v2\/posts\/1156584\/revisions"}],"wp:featuredmedia":[{"embeddable":true,"href":"https:\/\/www.europesays.com\/fr\/wp-json\/wp\/v2\/media\/1156585"}],"wp:attachment":[{"href":"https:\/\/www.europesays.com\/fr\/wp-json\/wp\/v2\/media?parent=1156584"}],"wp:term":[{"taxonomy":"category","embeddable":true,"href":"https:\/\/www.europesays.com\/fr\/wp-json\/wp\/v2\/categories?post=1156584"},{"taxonomy":"post_tag","embeddable":true,"href":"https:\/\/www.europesays.com\/fr\/wp-json\/wp\/v2\/tags?post=1156584"}],"curies":[{"name":"wp","href":"https:\/\/api.w.org\/{rel}","templated":true}]}}