{"id":1156608,"date":"2026-08-30T03:20:19","date_gmt":"2026-08-30T03:20:19","guid":{"rendered":"https:\/\/www.europesays.com\/fr\/1156608\/"},"modified":"2026-08-30T03:20:19","modified_gmt":"2026-08-30T03:20:19","slug":"the-voice-kids-apres-kylian-mbappe-zinedine-zidane-est-venu-preter-main-forte-aux-coachs","status":"publish","type":"post","link":"https:\/\/www.europesays.com\/fr\/1156608\/","title":{"rendered":"\u00ab\u00a0The Voice Kids\u00a0\u00bb : apr\u00e8s Kylian Mbapp\u00e9, Zin\u00e9dine Zidane est venu pr\u00eater main-forte aux coachs"},"content":{"rendered":"<ul class=\"jsx-25100651 ArticleChapo__List\">\n<li class=\"jsx-25100651 ArticleChapo__List_Item flex\">Le nouveau s\u00e9lectionneur des Bleus s&rsquo;est \u00e0 son tour invit\u00e9 dans \u00ab\u00a0The Voice Kids\u00a0\u00bb ce samedi.<\/li>\n<li class=\"jsx-25100651 ArticleChapo__List_Item flex\">Le champion du monde de football a r\u00e9pondu \u00e0 l&rsquo;appel de Soprano afin de convaincre un talent passionn\u00e9 de ballon rond de rejoindre son \u00e9quipe.<\/li>\n<li class=\"jsx-25100651 ArticleChapo__List_Item flex\">L&rsquo;apparition de Zizou sur le plateau est \u00e0 (re)voir sur TF1+.<\/li>\n<\/ul>\n<p><a href=\"https:\/\/www.tf1info.fr\/actualite\/programme-tv-musique-emission-divertissement-sur-tf1-the-voice-kids-2026-14567\/\" rel=\"nofollow noopener\" class=\"jsx-2067374227 Link jsx-2275206292 jsx-1605624915\" target=\"_blank\"><\/p>\n<p style=\"font-weight:400\" class=\"jsx-3580589320\">Suivez la couverture compl\u00e8te<\/p>\n<p style=\"font-weight:800\" class=\"jsx-3580589320\">The Voice Kids 2026<\/p>\n<p><\/a><a href=\"https:\/\/www.google.com\/preferences\/source?q=tf1info.fr\" class=\"jsx-2150648137 jsx-976369737 ActionButton ActionButton--withBorder\" rel=\"nofollow noopener\" target=\"_blank\"><\/p>\n<p> Ajoutez TF1info \u00e0 vos sources sur Google <\/p>\n<p><\/a><\/p>\n<p id=\"body-_R_17t7pm_-block-6\" data-module=\"article-paragraph\" class=\"jsx-2921227388 Paragraph Paragraph__End\">Quand elle chante, elle est \u00ab\u00a0dans sa bulle comme si elle \u00e9tait dans un stade\u00a0\u00bb. Azure est all\u00e9e droit au but lors de son audition \u00e0 l\u2019aveugle de \u00ab\u00a0The Voice Kids\u00a0\u00bb, diffus\u00e9e ce samedi sur TF1. La Francilienne de 9 ans a fait se retourner les quatre coachs avec sa reprise de \u00ab\u00a0Don\u2019t Speak\u00a0\u00bb du groupe No Doubt, sans se douter de la suite. Qui dit quatre coachs, dit quatre mani\u00e8res de tenter de la convaincre. Matt Pokora promet \u00e0 cette fan de ballon rond de \u00ab\u00a0jouer au foot entre les sessions de coaching\u00a0\u00bb. Santa bloque carr\u00e9ment Patrick Fiori.<\/p>\n<p id=\"body-_R_17t7pm_-block-8\" data-module=\"article-paragraph\" class=\"jsx-2921227388 Paragraph Paragraph__End\">Soprano fait encore mieux. \u00ab\u00a0C\u2019\u00e9tait vraiment magnifique !\u00a0\u00bb, lance-t-il \u00e0 Azure. \u00ab\u00a0Chaque fois qu\u2019un fauteuil se retournait, c\u2019\u00e9tait comme si on te faisait un cadeau. L\u00e0, j\u2019ai envie de te faire un cadeau\u00a0\u00bb, poursuit-il en l\u2019invitant \u00e0 se retourner \u00e0 son tour vers l\u2019\u00e9cran dans son dos. Perruque blonde sur la t\u00eate, le rappeur se transforme en \u00ab\u00a0Brice de Mars\u00a0\u00bb dans une vid\u00e9o. \u00ab\u00a0Soprano, c\u2019est le best ! Quoi ? \u00c7a marche pas ? Lui le dira mieux\u00a0\u00bb, dit son double d\u00e9guis\u00e9 avant de c\u00e9der la parole \u00e0 un invit\u00e9 tr\u00e8s sp\u00e9cial.<\/p>\n<blockquote class=\"jsx-1755845245 Quote__Text\"><p> Je te souhaite une belle aventure, de profiter surtout de ce que tu vas faire<\/p><\/blockquote>\n<p>Zin\u00e9dine Zidane<\/p>\n<p id=\"body-_R_17t7pm_-block-11\" data-module=\"article-paragraph\" class=\"jsx-2921227388 Paragraph\">Azure ne cache pas sa surprise en d\u00e9couvrant Zin\u00e9dine Zidane, nomm\u00e9 depuis l\u2019enregistrement de l\u2019\u00e9mission <a href=\"https:\/\/www.tf1info.fr\/sport\/je-ne-me-suis-pas-tourne-les-pouces-qu-a-fait-zinedine-zidane-nouveau-selectionneur-des-bleus-ces-5-dernieres-annees-2455500.html\" rel=\"nofollow noopener\" target=\"_blank\">au poste de s\u00e9lectionneur de l\u2019\u00e9quipe de France de football<\/a>. \u00ab\u00a0Salut mon amie, c\u2019est Zizou ! Sans h\u00e9sitation \u00e0 avoir, tu peux choisir Soprano. Il va t\u2019emmener au bout\u00a0\u00bb, lui assure le champion du monde 98, originaire lui aussi de Marseille. \u00ab\u00a0Il a un grand c\u0153ur, il va bien s\u2019occuper de toi. Je te souhaite une belle aventure, de profiter surtout de ce que tu vas faire. Je vous embrasse tous les deux\u00a0\u00bb, conclut-il.<\/p>\n<p data-module=\"article-paragraph\" class=\"jsx-2921227388 Paragraph\">Les coachs aussi restent bouche b\u00e9e, en particulier Santa. \u00ab\u00a0C\u2019est toi que j\u2019aurais d\u00fb bloquer !\u00a0\u00bb, l\u00e2che-t-elle \u00e0 son camarade. Mais ses mots \u00e0 Azure seront finalement plus forts que ceux de Zin\u00e9dine Zidane car la fillette choisit de rejoindre son \u00e9quipe. \u00ab\u00a0Est-ce que je n\u2019aurais pas battu Zizou ? Est-ce que je ne serais pas le nouveau num\u00e9ro 10 ?\u00a0\u00bb, s\u2019interroge la chanteuse.\u00a0<\/p>\n<p data-module=\"article-paragraph\" class=\"jsx-2921227388 Paragraph Paragraph__End\">De quoi rappeler que c&rsquo;est<a href=\"https:\/\/www.tf1info.fr\/culture\/programme-tv-tf1-the-voice-kids-2026-que-faisaient-kylian-mbappe-lara-fabian-et-philippe-lacheau-dans-l-emission-2459351.html\" rel=\"nofollow noopener\" target=\"_blank\"> Kylian Mbapp\u00e9 qui a fait une apparition inattendue dans \u00ab\u00a0The Voice Kids\u00a0\u00bb<\/a> la semaine derni\u00e8re pour \u00e9pauler son ami Matt Pokora.<\/p>\n<p><a href=\"https:\/\/www.tf1info.fr\/culture\/programme-tv-tf1-the-voice-kids-2026-que-faisaient-kylian-mbappe-lara-fabian-et-philippe-lacheau-dans-l-emission-2459351.html\" rel=\"nofollow noopener\" class=\"jsx-958316424 Link flex\" target=\"_blank\"><img decoding=\"async\" src=\"https:\/\/www.europesays.com\/fr\/wp-content\/uploads\/2026\/08\/mbappe-the-voice-22-aout-2026-083a7e-0@1x.jpeg\" alt=\"Kylian Mbapp\u00e9 dans &quot;The Voice Kids&quot;, le 22 ao\u00fbt 2026\" loading=\"lazy\" importance=\"low\" fetchpriority=\"low\" class=\"\" copyright=\"TF1\" aria-hidden=\"true\"\/><\/p>\n<p class=\"jsx-4054529586 ReadMoreArticle__Title\">Lire aussi<\/p>\n<p class=\"jsx-4054529586\">\u00ab\u00a0The Voice Kids\u00a0\u00bb : que faisaient Kylian Mbapp\u00e9, Lara Fabian et Philippe Lacheau dans l&rsquo;\u00e9mission ?<\/p>\n<p><\/a><\/p>\n<p id=\"body-_R_17t7pm_-block-13\" data-module=\"article-paragraph\" class=\"jsx-2921227388 Paragraph Paragraph__End\"><strong>&gt;&gt; \u00ab\u00a0The Voice Kids\u00a0\u00bb \u2013 toutes les prestations de la saison sont \u00e0 retrouver sur TF1<\/strong><\/p>\n<p>Delphine DE FREITAS<\/p>\n","protected":false},"excerpt":{"rendered":"Le nouveau s\u00e9lectionneur des Bleus s&rsquo;est \u00e0 son tour invit\u00e9 dans \u00ab\u00a0The Voice Kids\u00a0\u00bb ce samedi. Le champion&hellip;\n","protected":false},"author":2,"featured_media":1156609,"comment_status":"","ping_status":"","sticky":false,"template":"","format":"standard","meta":{"footnotes":"","_share_on_mastodon":"0"},"categories":[1356],"tags":[1111,11,1921,58,59,1011,27,1922,6477,2886,2041,873,9644,10826,252,199,3074,118470,1364,133,2040,24863],"class_list":["post-1156608","post","type-post","status-publish","format-standard","has-post-thumbnail","category-television","tag-actu","tag-actualites","tag-article-video","tag-divertissement","tag-entertainment","tag-fr","tag-france","tag-info","tag-kylian-mbappe","tag-matt-pokora","tag-medias-et-divertissement","tag-musique","tag-patrick-fiori","tag-soprano","tag-television","tag-tf1","tag-the-voice","tag-the-voice-kids-2026","tag-tv","tag-video","tag-video-culture","tag-zinedine-zidane"],"share_on_mastodon":{"url":"https:\/\/pubeurope.com\/@fr\/117182309911361323","error":""},"_links":{"self":[{"href":"https:\/\/www.europesays.com\/fr\/wp-json\/wp\/v2\/posts\/1156608","targetHints":{"allow":["GET"]}}],"collection":[{"href":"https:\/\/www.europesays.com\/fr\/wp-json\/wp\/v2\/posts"}],"about":[{"href":"https:\/\/www.europesays.com\/fr\/wp-json\/wp\/v2\/types\/post"}],"author":[{"embeddable":true,"href":"https:\/\/www.europesays.com\/fr\/wp-json\/wp\/v2\/users\/2"}],"replies":[{"embeddable":true,"href":"https:\/\/www.europesays.com\/fr\/wp-json\/wp\/v2\/comments?post=1156608"}],"version-history":[{"count":0,"href":"https:\/\/www.europesays.com\/fr\/wp-json\/wp\/v2\/posts\/1156608\/revisions"}],"wp:featuredmedia":[{"embeddable":true,"href":"https:\/\/www.europesays.com\/fr\/wp-json\/wp\/v2\/media\/1156609"}],"wp:attachment":[{"href":"https:\/\/www.europesays.com\/fr\/wp-json\/wp\/v2\/media?parent=1156608"}],"wp:term":[{"taxonomy":"category","embeddable":true,"href":"https:\/\/www.europesays.com\/fr\/wp-json\/wp\/v2\/categories?post=1156608"},{"taxonomy":"post_tag","embeddable":true,"href":"https:\/\/www.europesays.com\/fr\/wp-json\/wp\/v2\/tags?post=1156608"}],"curies":[{"name":"wp","href":"https:\/\/api.w.org\/{rel}","templated":true}]}}