{"id":1156616,"date":"2026-08-30T03:25:14","date_gmt":"2026-08-30T03:25:14","guid":{"rendered":"https:\/\/www.europesays.com\/fr\/1156616\/"},"modified":"2026-08-30T03:25:14","modified_gmt":"2026-08-30T03:25:14","slug":"trois-cadres-voudraient-quitter-tottenham-angleterre-tottenham","status":"publish","type":"post","link":"https:\/\/www.europesays.com\/fr\/1156616\/","title":{"rendered":"Trois cadres voudraient quitter Tottenham &#8211; Angleterre &#8211; Tottenham"},"content":{"rendered":"<p>Tout va Tottenmal. Manque d\u2019\u00e2me, de colonne vert\u00e9brale, de direction et : \u00e0 Tottenham, tout part \u00e0 vau l\u2019eau. Contre <a target=\"_blank\" href=\"https:\/\/www.sofoot.com\/breves\/elanga-et-newcastle-infligent-a-tottenham-une-deuxieme-defaite-cette-saison-en-premier-league\" rel=\"nofollow noopener\">Newcastle ce samedi<\/a> apr\u00e8s-midi, le club a enregistr\u00e9 sa deuxi\u00e8me d\u00e9faite en autant de matchs de Premier League. Au-del\u00e0 de ce mauvais d\u00e9part, c\u2019est surtout la t\u00e2che de Roberto de Zerbi qui semble immense. En effet, malgr\u00e9 les <a target=\"_blank\" href=\"https:\/\/www.sofoot.com\/articles\/apres-un-ete-tres-depensier-il-est-enfin-lheure-pour-tottenham-et-de-zerbi-dobtenir-des-resultats\" rel=\"nofollow noopener\">350 millions d\u2019euros d\u00e9pens\u00e9s cet \u00e9t\u00e9 en transferts<\/a>, l\u2019ancien coach de l\u2019OM a assum\u00e9 que son \u00e9quipe n\u2019\u00e9tait pas encore pr\u00eate. \u00ab\u202fLe plus gros probl\u00e8me, le plus grand d\u00e9fi et l\u2019objectif principal, c\u2019est de trouver le bon \u00e9tat d\u2019esprit, a objectiv\u00e9 Roberto De Zerbi en conf\u00e9rence de presse d\u2019<a target=\"_blank\" href=\"https:\/\/www.lequipe.fr\/Football\/Video\/Ligue-1-tottenham-avec-moi-ou-un-autre-entraineur-roberto-de-zerbi-refuse-d-accabler-ses-joueurs-malgre-un-debut-de-saison-delicat\/20240249\" rel=\"nofollow noopener\">apr\u00e8s-match<\/a>. Avec moi ou un autre entra\u00eeneur\u2026\u202f\u00bb<\/p>\n<p><a target=\"_blank\" href=\"https:\/\/x.com\/hashtag\/PremierLeague?src=hash&amp;ref_src=twsrc%5Etfw\" data-type=\"embed\" data-code=\"PGJsb2NrcXVvdGUgY2xhc3M9InR3aXR0ZXItdHdlZXQiIGRhdGEtbWVkaWEtbWF4LXdpZHRoPSI1NjAiPjxwIGxhbmc9ImZyIiBkaXI9Imx0ciI+8J+HrPCfh6cgPGEgaHJlZj0iaHR0cHM6Ly94LmNvbS9oYXNodGFnL1ByZW1pZXJMZWFndWU\/c3JjPWhhc2gmYW1wO3JlZl9zcmM9dHdzcmMlNUV0ZnciPiNQcmVtaWVyTGVhZ3VlPC9hPjxicj7wn46ZIFJvYmVydG8gRGUgWmVyYmkgOiDigJxBdmVjIG1vaSBvdSB1biBhdXRyZSBlbnRyYcOubmV1cuKApuKAnSA8YSBocmVmPSJodHRwczovL3QuY28vZEJkNnhVdEtuSyI+cGljLnR3aXR0ZXIuY29tL2RCZDZ4VXRLbks8L2E+PC9wPiZtZGFzaDsgYmVJTiBTUE9SVFMgKEBiZWluc3BvcnRzX0ZSKSA8YSBocmVmPSJodHRwczovL3guY29tL2JlaW5zcG9ydHNfRlIvc3RhdHVzLzIwOTM3OTc2NDA3NDM5MDMzNTk\/cmVmX3NyYz10d3NyYyU1RXRmdyI+QXVndXN0IDI5LCAyMDI2PC9hPjwvYmxvY2txdW90ZT4gPHNjcmlwdCBhc3luYyBzcmM9Imh0dHBzOi8vcGxhdGZvcm0ueC5jb20vd2lkZ2V0cy5qcyIgY2hhcnNldD0idXRmLTgiPjwvc2NyaXB0Pg==\" rel=\"nofollow\">Embed x.com<\/a><\/p>\n<p>Pire : certains joueurs voudraient faire leur valise. Comme le rapportent plusieurs m\u00e9dias anglais, Richarlison, Kevin Danso et Pape Matar Sarr auraient manifest\u00e9 leurs envies d\u2019ailleurs. Tous les trois ne figuraient pas sur la feuille de match contre Newcastle. \u00ab\u202fRicharlison, je ne sais pas. Il a r\u00e9p\u00e9t\u00e9 plusieurs fois qu\u2019il voulait partir. Danso est venu me voir il y a deux jours et m\u2019a dit qu\u2019il voulait partir. Pape Sarr a dit la m\u00eame chose, a confirm\u00e9 RDZ. Pour le moment, on n\u2019est pas encore pr\u00eats.\u202f\u00bb<\/p>\n<p>Et cette ann\u00e9e, Aston Villa et Newcastle ont remport\u00e9 plus de matchs au Tottenham Hotspur Stadium que Tottenham.<\/p>\n<p>\t\t\t\t\t\t\t\t\t\t<a class=\"lien-connexe\" href=\"https:\/\/www.sofoot.com\/breves\/elanga-et-newcastle-infligent-a-tottenham-une-deuxieme-defaite-cette-saison-en-premier-league\" rel=\"nofollow noopener\" target=\"_blank\">Tottenham perd pour la 2e fois cette saison<\/a>\t\t\t\t\t <\/p>\n<p>\t\t\t\t\t\t\tCommentaires<br \/>\n\t\t\t\t\t\t\t\tLes membres ont post\u00e9<br \/>\n\t\t\t\t\t\t\t\t19 commentaires<br \/>\n\t\t\t\t\t\t\t\tsur cet article.<br \/>\n\t\t\t\t\t\t\t\tParticipez \u00e0 la discussion<br \/>\n\t\t\t\t\t\t\t\t\t<a href=\"http:\/\/www.sofoot.com\/compte?back=https:\/\/www.sofoot.com\/breves\/richarlison-danso-et-sarr-veulent-quitter-tottenham\" rel=\"nofollow noopener\" target=\"_blank\"><br \/>\n\t\t\t\t\t\t\t\t\t\t<b>en vous connectant<\/b><br \/>\n\t\t\t\t\t\t\t\t\t<\/a>.<\/p>\n<p>\t\t\t\t\t\t\t\tVoir les<br \/>\n\t\t\t\t\t\t\t\t\t\t\t\t\t\t\t\t\t19<br \/>\n\t\t\t\t\t\t\t\t\t\t\t\t\t\t\t\tcommentaires<\/p>\n","protected":false},"excerpt":{"rendered":"Tout va Tottenmal. Manque d\u2019\u00e2me, de colonne vert\u00e9brale, de direction et : \u00e0 Tottenham, tout part \u00e0 vau&hellip;\n","protected":false},"author":2,"featured_media":1156617,"comment_status":"","ping_status":"","sticky":false,"template":"","format":"standard","meta":{"footnotes":"","_share_on_mastodon":"0"},"categories":[9],"tags":[47,61,69,65,64,63,1011,27,68,66,62,70,67,60],"class_list":["post-1156616","post","type-post","status-publish","format-standard","has-post-thumbnail","category-sports","tag-actualite","tag-actus-football","tag-bundesliga","tag-championnats-europeens","tag-equipe-de-france","tag-football","tag-fr","tag-france","tag-ligua","tag-ligue-1","tag-news-foot","tag-premier-league","tag-serie-a","tag-sports"],"share_on_mastodon":{"url":"","error":""},"_links":{"self":[{"href":"https:\/\/www.europesays.com\/fr\/wp-json\/wp\/v2\/posts\/1156616","targetHints":{"allow":["GET"]}}],"collection":[{"href":"https:\/\/www.europesays.com\/fr\/wp-json\/wp\/v2\/posts"}],"about":[{"href":"https:\/\/www.europesays.com\/fr\/wp-json\/wp\/v2\/types\/post"}],"author":[{"embeddable":true,"href":"https:\/\/www.europesays.com\/fr\/wp-json\/wp\/v2\/users\/2"}],"replies":[{"embeddable":true,"href":"https:\/\/www.europesays.com\/fr\/wp-json\/wp\/v2\/comments?post=1156616"}],"version-history":[{"count":0,"href":"https:\/\/www.europesays.com\/fr\/wp-json\/wp\/v2\/posts\/1156616\/revisions"}],"wp:featuredmedia":[{"embeddable":true,"href":"https:\/\/www.europesays.com\/fr\/wp-json\/wp\/v2\/media\/1156617"}],"wp:attachment":[{"href":"https:\/\/www.europesays.com\/fr\/wp-json\/wp\/v2\/media?parent=1156616"}],"wp:term":[{"taxonomy":"category","embeddable":true,"href":"https:\/\/www.europesays.com\/fr\/wp-json\/wp\/v2\/categories?post=1156616"},{"taxonomy":"post_tag","embeddable":true,"href":"https:\/\/www.europesays.com\/fr\/wp-json\/wp\/v2\/tags?post=1156616"}],"curies":[{"name":"wp","href":"https:\/\/api.w.org\/{rel}","templated":true}]}}