{"id":1156618,"date":"2026-08-30T03:26:20","date_gmt":"2026-08-30T03:26:20","guid":{"rendered":"https:\/\/www.europesays.com\/fr\/1156618\/"},"modified":"2026-08-30T03:26:20","modified_gmt":"2026-08-30T03:26:20","slug":"weeken-la-base-solide-du-quinte-de-ce-dimanche-30-aout-equidia","status":"publish","type":"post","link":"https:\/\/www.europesays.com\/fr\/1156618\/","title":{"rendered":"Weeken, la base solide du Quint\u00e9+ de ce dimanche 30 ao\u00fbt &#8211; Equidia"},"content":{"rendered":"<ol>\n<li><a href=\"https:\/\/news.google.com\/rss\/articles\/CBMinAFBVV95cUxOQkFjVFRQVnItNFE0UHhRbHRtcGVQM01Ld0lza1RXbTRQYjZYMzVsUjRlaWd6WEZvcllmdEU2OEtIbjNNRFZfc25LNUwtT3BNX1NzcG1kTE1Bc3JhclMyMEtoNkxpMkJfd0hNNC1uUEl4SUZIdE1pLWVrS0tsb0lTSDR0OEg2RVowTElBZXR6eG5fdG1pWWJvbERfUXY?oc=5\" target=\"_blank\" rel=\"nofollow noopener\">Weeken, la base solide du Quint\u00e9+ de ce dimanche 30 ao\u00fbt<\/a>&nbsp;&nbsp;Equidia<\/li>\n<li><a href=\"https:\/\/news.google.com\/rss\/articles\/CBMiwgFBVV95cUxPRlQ1bWhMRHA1aDhnUVVPS2wzUnJhU1V0YU5MOXdkZUUyeWt6OWNYNTFnaTZXdHpKcDNLdFVQa3FlbXRxMFdHbjNrNkVhQWUzWGJtenBxNkc1T0JJdGgzTkhVV0Y2SGNyTUZmek9FQ2JJcTVMMURrRk0wM3Z1X0NJV2l2Yll4Z2dGbzVycEFHcmYyb0NBMDJiN25saHJmMTJJam83UEstazNlYlZyMlVELVVYbUJxVjJhMGFveWsyRUdGZw?oc=5\" target=\"_blank\" rel=\"nofollow noopener\">Tierc\u00e9. Les pronostics de \u00ab L&rsquo;Alsace \u00bb pour dimanche 30 ao\u00fbt &#8211; Prix H\u00f4tel Barri\u00e8re le Normandy<\/a>&nbsp;&nbsp;L&rsquo;Alsace<\/li>\n<li><a href=\"https:\/\/news.google.com\/rss\/articles\/CBMirAFBVV95cUxOS0s4ZTRQWHVRTjZlYWpkTTNjVGxrcUJPV2R5aHpJR3JsVG5Zbmp6RkNPZkpMUFBJVWQtNnBDWUJHUmNaQmlxbWh5WVVVdGx4R0FJeVdjR1RyVXQ1bVVHYTdISlBRUXg2MDZKY044S0dxX2xJMzREMk0wRGZIZ2JOMVlncF9MZGN6elNBSUdFRWZDcUFpU28tWmZRYWdkSUNNb3kyd3lRaHlRd25R?oc=5\" target=\"_blank\" rel=\"nofollow noopener\">Les pronos hippiques du dimanche 30 ao\u00fbt 2026<\/a>&nbsp;&nbsp;RMC Sport<\/li>\n<li><a href=\"https:\/\/news.google.com\/rss\/articles\/CBMixwJBVV95cUxONVlqS2plT3pYWFFGc0pwR0xpU1pmcUlnaFRRaXlSWmhRcExVZEk2N2hTLWdTamNwX0RSQWJfZDFqM0FjdFZ1OGUzQm1IaVBMYUxzUUxZV1J3TDFHMDhpOVVMWWpKbVlyR3VlbTZhR01hRGFCdDV1OEdRcncwaFE5cGd4d2xUT2JzMUlRMlVWM1RaMEF6V25GRnBJUWhEN1BIUXdTeG1obDY3Y1pWV3MtVUs5UTMyYW5IS3k0ZFFPRWNVcDlVN1lCc3pPYWpkbk5OTWo1Vk1oMzRtVFBWc1ZlSkFCaVFScThvX0lKQmt1ZzFhZ3VMRDZROTFsRjV2OWtwZlVvanpMTGQwcklST0xCN1BENk5yNlF4RDMwS0pHcm80cmJFQl9lRG1SMTBGNjNqbUdnLTJCOEo1MmRZOC1LUlJ2T1N3UDA?oc=5\" target=\"_blank\" rel=\"nofollow noopener\">Quint\u00e9 du dimanche 30 ao\u00fbt \u00e0 Deauville : \u00ab Sa r\u00e9ussite est m\u00e9rit\u00e9e \u00bb, Steve Burggraf, propri\u00e9taire de Freerider, d\u00e9niche aussi les talents hippiques<\/a>&nbsp;&nbsp;Le Parisien<\/li>\n<li><a href=\"https:\/\/news.google.com\/rss\/articles\/CBMiqwFBVV95cUxPaXFpU2tBbFRvdkUtOFhfY0kzQ1BUeTIxdVltSVAyZEdwby14TXNFRTM5SkNWdnF4c2FiTG9JTU9oMG9NeWRmX3Nlek01Xy1kSE1NWFhrREYzdE03YjR3XzdkMkZzUUZITFpENE1lb0tIaUwyakx5NEtSeERBLUlqX3hEOTlZbFNrZ3RKR3N1V2NIWDFhWE9ONUNjb2V3b0o3dENOTklxZVZ6M0U?oc=5\" target=\"_blank\" rel=\"nofollow noopener\">Quint\u00e9 Week-End : Analyse du Quint\u00e9+ du dimanche 30 ao\u00fbt \u00e0 Deauville<\/a>&nbsp;&nbsp;Equidia<\/li>\n<\/ol>\n","protected":false},"excerpt":{"rendered":"Weeken, la base solide du Quint\u00e9+ de ce dimanche 30 ao\u00fbt&nbsp;&nbsp;Equidia Tierc\u00e9. Les pronostics de \u00ab L&rsquo;Alsace \u00bb&hellip;\n","protected":false},"author":2,"featured_media":1156619,"comment_status":"","ping_status":"","sticky":false,"template":"","format":"standard","meta":{"footnotes":"","_share_on_mastodon":"0"},"categories":[8],"tags":[58,59,1011,27,25851,3016],"class_list":["post-1156618","post","type-post","status-publish","format-standard","has-post-thumbnail","category-divertissement","tag-divertissement","tag-entertainment","tag-fr","tag-france","tag-la-base-solide","tag-plat"],"share_on_mastodon":{"url":"https:\/\/pubeurope.com\/@fr\/117182331939295990","error":""},"_links":{"self":[{"href":"https:\/\/www.europesays.com\/fr\/wp-json\/wp\/v2\/posts\/1156618","targetHints":{"allow":["GET"]}}],"collection":[{"href":"https:\/\/www.europesays.com\/fr\/wp-json\/wp\/v2\/posts"}],"about":[{"href":"https:\/\/www.europesays.com\/fr\/wp-json\/wp\/v2\/types\/post"}],"author":[{"embeddable":true,"href":"https:\/\/www.europesays.com\/fr\/wp-json\/wp\/v2\/users\/2"}],"replies":[{"embeddable":true,"href":"https:\/\/www.europesays.com\/fr\/wp-json\/wp\/v2\/comments?post=1156618"}],"version-history":[{"count":0,"href":"https:\/\/www.europesays.com\/fr\/wp-json\/wp\/v2\/posts\/1156618\/revisions"}],"wp:featuredmedia":[{"embeddable":true,"href":"https:\/\/www.europesays.com\/fr\/wp-json\/wp\/v2\/media\/1156619"}],"wp:attachment":[{"href":"https:\/\/www.europesays.com\/fr\/wp-json\/wp\/v2\/media?parent=1156618"}],"wp:term":[{"taxonomy":"category","embeddable":true,"href":"https:\/\/www.europesays.com\/fr\/wp-json\/wp\/v2\/categories?post=1156618"},{"taxonomy":"post_tag","embeddable":true,"href":"https:\/\/www.europesays.com\/fr\/wp-json\/wp\/v2\/tags?post=1156618"}],"curies":[{"name":"wp","href":"https:\/\/api.w.org\/{rel}","templated":true}]}}