{"id":1156620,"date":"2026-08-30T03:27:16","date_gmt":"2026-08-30T03:27:16","guid":{"rendered":"https:\/\/www.europesays.com\/fr\/1156620\/"},"modified":"2026-08-30T03:27:16","modified_gmt":"2026-08-30T03:27:16","slug":"en-senduisant-le-corps-docre-rouge-quand-le-ciel-sest-ouvert-aux-radiations-sapiens-a-litteralement-pris-une-longueur-davance-sur-neandertal","status":"publish","type":"post","link":"https:\/\/www.europesays.com\/fr\/1156620\/","title":{"rendered":"En s&rsquo;enduisant le corps d&rsquo;ocre rouge quand le ciel s&rsquo;est ouvert aux radiations, Sapiens a litt\u00e9ralement pris une longueur d&rsquo;avance sur N\u00e9andertal"},"content":{"rendered":"<p class=\"gpsb-badge__text\">Vous aimez notre contenu ?<\/p>\n<p><a class=\"gpsb-badge__link no-adv\" data-ad-skip=\"true\" href=\"https:\/\/google.com\/preferences\/source?q=sciencepost.fr\" target=\"_blank\" rel=\"noopener sponsored nofollow\" aria-label=\"Ajoutez-nous \u00e0 vos favoris Google\">Ajoutez-nous \u00e0 vos<br \/>favoris Google<\/a><\/p>\n<p class=\"\" data-start=\"275\" data-end=\"705\"><strong>Il y a environ 40 000 ans, l\u2019Europe et l\u2019Asie du Nord furent le th\u00e9\u00e2tre d\u2019un ph\u00e9nom\u00e8ne aussi silencieux qu\u2019inqui\u00e9tant : l\u2019effondrement du champ magn\u00e9tique terrestre. Pendant quelques si\u00e8cles, notre plan\u00e8te s\u2019est retrouv\u00e9e partiellement expos\u00e9e aux radiations venues de l\u2019espace. R\u00e9sultat ? Une mont\u00e9e dramatique des rayons ultraviolets atteignant le sol, avec des cons\u00e9quences potentiellement d\u00e9vastatrices pour les \u00eatres vivants. Pourtant, au c\u0153ur de ce cataclysme invisible, une esp\u00e8ce a su tirer son \u00e9pingle du jeu : Homo sapiens. Tandis que les <a href=\"https:\/\/sciencepost.fr\/neandertaliens-decouverte-remet-en-question-origine\/\" target=\"_blank\" rel=\"noopener nofollow\">N\u00e9andertaliens<\/a> disparaissaient, nos anc\u00eatres ont surv\u00e9cu. La raison ? Peut-\u00eatre gr\u00e2ce \u00e0 une invention aussi simple qu\u2019ing\u00e9nieuse : une cr\u00e8me solaire naturelle \u00e0 base d\u2019ocre rouge.<\/strong><\/p>\n<p>L\u2019excursion de Laschamps : une Terre sans bouclier<\/p>\n<p class=\"\" data-start=\"1077\" data-end=\"1542\">Ce bouleversement g\u00e9omagn\u00e9tique est connu sous le nom d\u2019excursion de Laschamps. Il s\u2019agit d\u2019un \u00e9v\u00e9nement rare o\u00f9 le champ magn\u00e9tique terrestre, sans aller jusqu\u2019\u00e0 s\u2019inverser compl\u00e8tement, s\u2019affaiblit drastiquement pendant une p\u00e9riode limit\u00e9e \u2014 environ 300 ans dans ce cas. Cet affaiblissement, survenu il y a environ 41 000 ans, a r\u00e9duit l\u2019intensit\u00e9 du champ de pr\u00e8s de 90 %, laissant la Terre bien plus vuln\u00e9rable face aux radiations cosmiques et solaires.<\/p>\n<p class=\"\" data-start=\"1544\" data-end=\"1897\">Les cons\u00e9quences d\u2019un tel \u00e9v\u00e9nement vont bien au-del\u00e0 de simples aurores bor\u00e9ales visibles \u00e0 des latitudes inhabituelles. L\u2019\u00e9tude dirig\u00e9e par le Dr Agnit Mukhopadhyay (Universit\u00e9 du Michigan) montre que l\u2019alt\u00e9ration du champ magn\u00e9tique aurait compromis la couche d\u2019ozone, laissant passer des niveaux anormalement \u00e9lev\u00e9s de rayonnements ultraviolets.<\/p>\n<p class=\"\" data-start=\"1899\" data-end=\"2262\">Or, une surexposition aux UV ne provoque pas uniquement des coups de soleil : elle est li\u00e9e \u00e0 un affaiblissement du syst\u00e8me immunitaire, \u00e0 la d\u00e9gradation des folates (essentiels \u00e0 la reproduction) et \u00e0 une hausse des cancers de la peau. Un v\u00e9ritable cocktail de menaces pour toute population expos\u00e9e durablement\u2026 sauf si elle trouve un moyen de s\u2019en prot\u00e9ger.<\/p>\n<p>L\u2019ocre rouge : bien plus qu\u2019un pigment rituel<\/p>\n<p class=\"\" data-start=\"2322\" data-end=\"2690\">C\u2019est ici qu\u2019intervient l\u2019ocre rouge, ce pigment d\u2019origine min\u00e9rale riche en oxyde de fer. Largement utilis\u00e9 par Homo sapiens \u00e0 cette \u00e9poque, il est surtout connu pour ses usages artistiques : peintures pari\u00e9tales, d\u00e9coration corporelle, rituels fun\u00e9raires\u2026 Mais selon plusieurs chercheurs, ces pratiques auraient aussi eu un avantage biologique d\u00e9terminant.<\/p>\n<p class=\"\" data-start=\"2692\" data-end=\"3046\">Lorsqu\u2019il est appliqu\u00e9 sur la peau, l\u2019ocre forme une couche protectrice capable d\u2019att\u00e9nuer les effets des UV, \u00e0 la mani\u00e8re d\u2019un \u00e9cran solaire min\u00e9ral. Des pratiques similaires sont encore observ\u00e9es aujourd\u2019hui chez certaines populations autochtones, en Afrique, en Australie ou en Inde, qui utilisent des pigments naturels pour se pr\u00e9munir du soleil.<\/p>\n<p class=\"\" data-start=\"3048\" data-end=\"3421\">Les <a href=\"https:\/\/www.science.org\/doi\/10.1126\/sciadv.adq7275\" target=\"_blank\" rel=\"noopener nofollow\">mod\u00e9lisations faites<\/a> par Mukhopadhyay et ses coll\u00e8gues r\u00e9v\u00e8lent une corr\u00e9lation frappante entre les zones d\u2019irradiation maximale et celles o\u00f9 Homo sapiens utilisait l\u2019ocre et se r\u00e9fugiait dans les grottes. Ces comportements, loin d\u2019\u00eatre anecdotiques, pourraient donc bien avoir constitu\u00e9 une r\u00e9ponse adaptative directe \u00e0 un environnement devenu brutalement hostile.<\/p>\n<p><img loading=\"lazy\" decoding=\"async\" class=\"size-full wp-image-308928\" src=\"https:\/\/www.europesays.com\/fr\/wp-content\/uploads\/2026\/08\/cave-1.jpg\" alt=\"Sapiens Neandertal cr\u00e8me solaire\" width=\"1920\" height=\"1280\"  \/>Cr\u00e9dit : CC0 Domaine publicSource: DRCr\u00e9dit : CC0 Domaine public<br \/>\nL\u2019avantage culturel d\u2019Homo sapiens<\/p>\n<p class=\"\" data-start=\"4309\" data-end=\"4612\">Les N\u00e9andertaliens, bien qu\u2019adapt\u00e9s au froid, n\u2019auraient pas adopt\u00e9 ces solutions avec la m\u00eame efficacit\u00e9. Leur disparition, longtemps attribu\u00e9e \u00e0 la concurrence directe avec Homo sapiens, pourrait aussi s\u2019expliquer par un manque d\u2019adaptations culturelles face \u00e0 une crise environnementale majeure.<\/p>\n<p class=\"\" data-start=\"4614\" data-end=\"4948\">Car c\u2019est peut-\u00eatre l\u00e0 la plus grande force de notre esp\u00e8ce : la capacit\u00e9 d\u2019innover rapidement, de transmettre le savoir, d\u2019adapter ses pratiques face \u00e0 l\u2019inconnu. L\u2019ocre rouge et les v\u00eatements cousus ne sont pas de simples artefacts culturels : ils sont les t\u00e9moins d\u2019une r\u00e9volution comportementale face \u00e0 une menace globale.<\/p>\n<p>Une histoire \u00e0 m\u00e9diter<\/p>\n<p class=\"\" data-start=\"4985\" data-end=\"5426\">Aujourd\u2019hui, le champ magn\u00e9tique terrestre continue \u00e0 \u00e9voluer. Il se d\u00e9place, se d\u00e9forme, et certains chercheurs \u00e9voquent la possibilit\u00e9 d\u2019un nouvel affaiblissement dans les mill\u00e9naires \u00e0 venir. Si un ph\u00e9nom\u00e8ne semblable \u00e0 l\u2019excursion de Laschamps devait se produire, les cons\u00e9quences sur notre monde technologique seraient \u00e9normes : pannes de satellites, perturbations des communications, voire de l\u2019aviation ou des r\u00e9seaux \u00e9lectriques.<\/p>\n<p class=\"\" data-start=\"5428\" data-end=\"5664\">Mais cette histoire ancienne nous rappelle une chose essentielle : notre survie, en tant qu\u2019esp\u00e8ce, n\u2019a jamais repos\u00e9 uniquement sur la force brute ou l\u2019endurance physique. Elle repose sur l\u2019ing\u00e9niosit\u00e9, la cr\u00e9ativit\u00e9, l\u2019adaptation.<\/p>\n<p class=\"\" data-start=\"5666\" data-end=\"5958\">Homo sapiens n\u2019a pas simplement surv\u00e9cu \u00e0 la temp\u00eate solaire de l\u2019\u00e2ge glaciaire. Il a invent\u00e9, 40 000 ans avant les tubes de cr\u00e8me en pharmacie, une protection solaire artisanale. Et ce faisant, il a peut-\u00eatre \u00e9crit l\u2019un des premiers chapitres de la science appliqu\u00e9e \u00e0 la survie humaine.<\/p>\n","protected":false},"excerpt":{"rendered":"Vous aimez notre contenu ? Ajoutez-nous \u00e0 vosfavoris Google Il y a environ 40 000 ans, l\u2019Europe et&hellip;\n","protected":false},"author":2,"featured_media":1156621,"comment_status":"","ping_status":"","sticky":false,"template":"","format":"standard","meta":{"footnotes":"","_share_on_mastodon":"0"},"categories":[7],"tags":[1011,27,56,43,40,41,39,42,44],"class_list":["post-1156620","post","type-post","status-publish","format-standard","has-post-thumbnail","category-sciences-et-technologies","tag-fr","tag-france","tag-push","tag-science","tag-science-and-technology","tag-sciences","tag-sciences-et-technologies","tag-technologies","tag-technology"],"share_on_mastodon":{"url":"https:\/\/pubeurope.com\/@fr\/117182337358670410","error":""},"_links":{"self":[{"href":"https:\/\/www.europesays.com\/fr\/wp-json\/wp\/v2\/posts\/1156620","targetHints":{"allow":["GET"]}}],"collection":[{"href":"https:\/\/www.europesays.com\/fr\/wp-json\/wp\/v2\/posts"}],"about":[{"href":"https:\/\/www.europesays.com\/fr\/wp-json\/wp\/v2\/types\/post"}],"author":[{"embeddable":true,"href":"https:\/\/www.europesays.com\/fr\/wp-json\/wp\/v2\/users\/2"}],"replies":[{"embeddable":true,"href":"https:\/\/www.europesays.com\/fr\/wp-json\/wp\/v2\/comments?post=1156620"}],"version-history":[{"count":0,"href":"https:\/\/www.europesays.com\/fr\/wp-json\/wp\/v2\/posts\/1156620\/revisions"}],"wp:featuredmedia":[{"embeddable":true,"href":"https:\/\/www.europesays.com\/fr\/wp-json\/wp\/v2\/media\/1156621"}],"wp:attachment":[{"href":"https:\/\/www.europesays.com\/fr\/wp-json\/wp\/v2\/media?parent=1156620"}],"wp:term":[{"taxonomy":"category","embeddable":true,"href":"https:\/\/www.europesays.com\/fr\/wp-json\/wp\/v2\/categories?post=1156620"},{"taxonomy":"post_tag","embeddable":true,"href":"https:\/\/www.europesays.com\/fr\/wp-json\/wp\/v2\/tags?post=1156620"}],"curies":[{"name":"wp","href":"https:\/\/api.w.org\/{rel}","templated":true}]}}