{"id":1156647,"date":"2026-08-30T03:50:24","date_gmt":"2026-08-30T03:50:24","guid":{"rendered":"https:\/\/www.europesays.com\/fr\/1156647\/"},"modified":"2026-08-30T03:50:24","modified_gmt":"2026-08-30T03:50:24","slug":"juge-pour-le-viol-dune-femme-sans-domicile-fixe-a-rennes-il-est-condamne-a-douze-ans-de-reclusion-criminelle","status":"publish","type":"post","link":"https:\/\/www.europesays.com\/fr\/1156647\/","title":{"rendered":"Jug\u00e9 pour le viol d\u2019une femme sans domicile fixe \u00e0 Rennes, il est condamn\u00e9 \u00e0 douze ans de r\u00e9clusion criminelle"},"content":{"rendered":"<p>\n                Article premium,<br \/>\n                    R\u00e9serv\u00e9 aux\u00a0abonn\u00e9s\n            <\/p>\n<p class=\"su-standfirst chapeau\">Le verdict est tomb\u00e9 pour Neji ben Jaouach, ce vendredi 28\u00a0ao\u00fbt 2026, apr\u00e8s deux jours de proc\u00e8s \u00e0 la cour criminelle d\u00e9partementale, \u00e0 Rennes\u00a0(Ille-et-Vilaine). Poursuivi pour le viol d\u2019une femme SDF en juillet\u00a02024, l\u2019homme de nationalit\u00e9 tunisienne a \u00e9t\u00e9 condamn\u00e9 \u00e0 douze ans de r\u00e9clusion criminelle et une interdiction d\u00e9finitive du territoire fran\u00e7ais.<\/p>\n<p>                                        <img decoding=\"async\" class=\"su-media\" src=\"https:\/\/media.ouest-france.fr\/v1\/pictures\/MjAyNjA4NWExYzBiODI3MzY5M2JlMTFjZjE4OTM1OTY1YzlmOTk?width=630&amp;height=354&amp;focuspoint=50%2C25&amp;cropresize=1&amp;client_id=bpeditorial&amp;sign=e99a1c705fb01cf5cf146aea0136c6337524def0d472734413368159eb16cc9d\" alt=\"Un homme a \u00e9t\u00e9 condamn\u00e9 \u00e0 douze ans de r\u00e9clusion criminelle, pour viol sur personne vuln\u00e9rable. Photo d\u2019illustration.\"  \/><\/p>\n<p>                            Un homme a \u00e9t\u00e9 condamn\u00e9 \u00e0 douze ans de r\u00e9clusion criminelle, pour viol sur personne vuln\u00e9rable. Photo d\u2019illustration. | EDDY LEMAISTRE \/ ARCHIVES OUEST-FRANCE<\/p>\n<p>                            fermer<\/p>\n<ul class=\"su-row su-carrousel-container su-not-list\" data-suswipe=\"{\" rambo=\"\" .carrousel-nav-bas=\"\" .item=\"\">\n<li class=\"su-col-xs-6 su-col-md-24 carrousel-contenu su-carrousel-item\" data-ofvwidth=\"{\" mobileonly=\"\"><img decoding=\"async\" data-ofmaxheight=\"\" class=\"su-media lazyload\" alt=\"Un homme a \u00e9t\u00e9 condamn\u00e9 \u00e0 douze ans de r\u00e9clusion criminelle, pour viol sur personne vuln\u00e9rable. Photo d\u2019illustration.\" src=\"data:image\/png;base64,iVBORw0KGgoAAAANSUhEUgAAABAAAAAJCAYAAAA7KqwyAAAAGXRFWHRTb2Z0d2FyZQBBZG9iZSBJbWFnZVJlYWR5ccllPAAAABhJREFUeNpi\/P\/\/PwMlgHHUgFEDgAAgwAD+lBrvy+NcxAAAAABJRU5ErkJggg==\" data-oflazyload=\"{&quot;srcset&quot;:&quot;https:\/\/media.ouest-france.fr\/v1\/pictures\/MjAyNjA4NWExYzBiODI3MzY5M2JlMTFjZjE4OTM1OTY1YzlmOTk?width=320&amp;focuspoint=50%2C25&amp;cropresize=1&amp;client_id=bpeditorial&amp;sign=3346b4aeab0acd8903da532c8e02df3f694d21738e152c7aeb4eccce7acb5339 320w,https:\/\/media.ouest-france.fr\/v1\/pictures\/MjAyNjA4NWExYzBiODI3MzY5M2JlMTFjZjE4OTM1OTY1YzlmOTk?width=375&amp;focuspoint=50%2C25&amp;cropresize=1&amp;client_id=bpeditorial&amp;sign=8736034f385d90b62d82cd50e4385f079df0fba2788e52b0ae2ac72e0823cbed 360w,https:\/\/media.ouest-france.fr\/v1\/pictures\/MjAyNjA4NWExYzBiODI3MzY5M2JlMTFjZjE4OTM1OTY1YzlmOTk?width=480&amp;focuspoint=50%2C25&amp;cropresize=1&amp;client_id=bpeditorial&amp;sign=5648ccc5eb93dfb777af4f7f1a5482ade387b9d1d3dae0e4a6e5add6ade11cf9 480w,https:\/\/media.ouest-france.fr\/v1\/pictures\/MjAyNjA4NWExYzBiODI3MzY5M2JlMTFjZjE4OTM1OTY1YzlmOTk?width=630&amp;focuspoint=50%2C25&amp;cropresize=1&amp;client_id=bpeditorial&amp;sign=4d9aaab237f0372bc1824c25784fc6170f43e3ea8582dbc2bc951cb193212433 630w,https:\/\/media.ouest-france.fr\/v1\/pictures\/MjAyNjA4NWExYzBiODI3MzY5M2JlMTFjZjE4OTM1OTY1YzlmOTk?width=940&amp;focuspoint=50%2C25&amp;cropresize=1&amp;client_id=bpeditorial&amp;sign=97e1cb8b3e68df62671fe7f883edd1706c8450516e9bac8f31ddc4627eaef88a 940w,https:\/\/media.ouest-france.fr\/v1\/pictures\/MjAyNjA4NWExYzBiODI3MzY5M2JlMTFjZjE4OTM1OTY1YzlmOTk?width=1260&amp;focuspoint=50%2C25&amp;cropresize=1&amp;client_id=bpeditorial&amp;sign=e5c314dc818d24ac9563d3a5a45c26c584f64a23cca7eea8710027030aa32802 1260w&quot;}\"\/>Un homme a \u00e9t\u00e9 condamn\u00e9 \u00e0 douze ans de r\u00e9clusion criminelle, pour viol sur personne vuln\u00e9rable. Photo d\u2019illustration. | EDDY LEMAISTRE \/ ARCHIVES OUEST-FRANCE<\/li>\n<\/ul>\n<p data-ofstats-scroll=\"read_depth_40\">Accus\u00e9 d\u2019avoir viol\u00e9 une femme, sans domicile fixe, comme lui, Neji Ben Jaouach a \u00e9t\u00e9 condamn\u00e9 \u00e0 douze ans de r\u00e9clusion criminelle, ce vendredi 28\u00a0ao\u00fbt 2026, par la cour criminelle d\u00e9partementale, \u00e0 Rennes\u00a0(Ille-et-Vilaine). De nationalit\u00e9 tunisienne, il \u00e9cope aussi d\u2019une interdiction d\u00e9finitive du territoire fran\u00e7ais et l\u2019inscription au Fichier des auteurs d\u2019infractions sexuelles ou violentes. <a href=\"https:\/\/www.ouest-france.fr\/societe\/justice\/cetait-une-situation-horrible-ce-temoin-joue-un-role-cle-dans-ce-proces-pour-viol-a-rennes-9d956340-a234-11f1-bba4-fb5ac80a227f\" target=\"_blank\" rel=\"nofollow noopener\">Un verdict qui tombe apr\u00e8s deux jours de proc\u00e8s.<\/a><\/p>\n<p>Les faits remontent au soir&#8230;<\/p>\n<p style=\"text-align: center; background-color: #dbbe4d; padding-top: 5px; padding-bottom: 5px; font-size: 14px;\"><strong>D\u00e9j\u00e0 abonn\u00e9 ? <\/strong><a data-trkartmonet=\"Identification\" data-trk-sipa=\"{\" blockcategory=\"\" paywall=\"\" href=\"http:\/\/www.ouest-france.fr\/login?redirect=https:\/\/www.ouest-france.fr\/faits-divers\/violence-sexuelle\/viol\/juge-pour-le-viol-dune-femme-sans-domicile-fixe-a-rennes-il-est-condamne-a-douze-ans-de-reclusion-criminelle-eaabe73e-a307-11f1-94d9-ff4da0548a19\" rel=\"nofollow noopener\" title=\"Se connecter \u00e0 Ouest-France\" class=\"su-link-light\" target=\"_blank\">Connectez-vous<\/a><\/p>\n<p style=\"text-align: center; padding-top: 15px; padding-bottom: 8px; vertical-align: bottom;\">bloqu\u00e9<strong> Pour lire la suite, abonnez-vous<\/strong><\/p>\n<p style=\"text-align: center;\"><strong>1er mois \u00e0 1\u20ac<\/strong><\/p>\n<p style=\"text-align: center; margin-top: -5px;\">Annulable \u00e0 tout moment<\/p>\n<p style=\"text-align: center;\">\u00a0<\/p>\n<p style=\"text-align: center;\"><a data-ida=\"\" data-trkartmonet=\"Tunnel OF+\" data-trk-sipa=\"{&#010;\" blockcategory=\"\" paywall=\"\" :=\"\" m=\"\" of=\"\" class=\"su-button su-subscription\" data-trk-bloc=\"paywall\" href=\"https:\/\/abonnement.ouest-france.fr\/tunnel\/pack-essentiel-article\/122096117101?int_medium=lien&amp;int_campaign=PWFR0225-OF&amp;int_content=page-article-payant_boutonjaune-paywall&amp;marquesource=OF&amp;rt=https:\/\/www.ouest-france.fr\/faits-divers\/violence-sexuelle\/viol\/juge-pour-le-viol-dune-femme-sans-domicile-fixe-a-rennes-il-est-condamne-a-douze-ans-de-reclusion-criminelle-eaabe73e-a307-11f1-94d9-ff4da0548a19\" rel=\"nofollow noopener\" target=\"_blank\"><strong>Je m&rsquo;abonne<\/strong><\/a><\/p>\n<p style=\"text-align: center; padding-top: 10px; padding-bottom: 10px;\"><img decoding=\"async\" src=\"https:\/\/media.ouest-france.fr\/v1\/fonts\/be7723fcee3f1866f1ce99184077fc6f-carte-bancaire.svg?height=36\" alt=\"CB\"\/>\u00a0\u00a0<img decoding=\"async\" src=\"https:\/\/media.ouest-france.fr\/v1\/fonts\/1819d54c599d8afa64539cfba4ac9dde-rib.svg?height=36\" alt=\"RIB\"\/>\u00a0\u00a0<img decoding=\"async\" src=\"https:\/\/media.ouest-france.fr\/v1\/fonts\/065fc80d7b6a03d14a834c224ce723e1-paypal.svg?height=36\" alt=\"PAYPAL\"\/><\/p>\n","protected":false},"excerpt":{"rendered":"Article premium, R\u00e9serv\u00e9 aux\u00a0abonn\u00e9s Le verdict est tomb\u00e9 pour Neji ben Jaouach, ce vendredi 28\u00a0ao\u00fbt 2026, apr\u00e8s deux&hellip;\n","protected":false},"author":2,"featured_media":1156648,"comment_status":"","ping_status":"","sticky":false,"template":"","format":"standard","meta":{"footnotes":"","_share_on_mastodon":"0"},"categories":[2821],"tags":[1111,11,829,1777,674,118,1011,27,12,584,25,1265,48217],"class_list":["post-1156647","post","type-post","status-publish","format-standard","has-post-thumbnail","category-rennes","tag-actu","tag-actualites","tag-bretagne","tag-eu","tag-europe","tag-faits-divers","tag-fr","tag-france","tag-news","tag-rennes","tag-republique-francaise","tag-viol","tag-violence-sexuelle"],"share_on_mastodon":{"url":"https:\/\/pubeurope.com\/@fr\/117182428612523246","error":""},"_links":{"self":[{"href":"https:\/\/www.europesays.com\/fr\/wp-json\/wp\/v2\/posts\/1156647","targetHints":{"allow":["GET"]}}],"collection":[{"href":"https:\/\/www.europesays.com\/fr\/wp-json\/wp\/v2\/posts"}],"about":[{"href":"https:\/\/www.europesays.com\/fr\/wp-json\/wp\/v2\/types\/post"}],"author":[{"embeddable":true,"href":"https:\/\/www.europesays.com\/fr\/wp-json\/wp\/v2\/users\/2"}],"replies":[{"embeddable":true,"href":"https:\/\/www.europesays.com\/fr\/wp-json\/wp\/v2\/comments?post=1156647"}],"version-history":[{"count":0,"href":"https:\/\/www.europesays.com\/fr\/wp-json\/wp\/v2\/posts\/1156647\/revisions"}],"wp:featuredmedia":[{"embeddable":true,"href":"https:\/\/www.europesays.com\/fr\/wp-json\/wp\/v2\/media\/1156648"}],"wp:attachment":[{"href":"https:\/\/www.europesays.com\/fr\/wp-json\/wp\/v2\/media?parent=1156647"}],"wp:term":[{"taxonomy":"category","embeddable":true,"href":"https:\/\/www.europesays.com\/fr\/wp-json\/wp\/v2\/categories?post=1156647"},{"taxonomy":"post_tag","embeddable":true,"href":"https:\/\/www.europesays.com\/fr\/wp-json\/wp\/v2\/tags?post=1156647"}],"curies":[{"name":"wp","href":"https:\/\/api.w.org\/{rel}","templated":true}]}}