{"id":1156655,"date":"2026-08-30T03:57:57","date_gmt":"2026-08-30T03:57:57","guid":{"rendered":"https:\/\/www.europesays.com\/fr\/1156655\/"},"modified":"2026-08-30T03:57:57","modified_gmt":"2026-08-30T03:57:57","slug":"cette-commune-de-loire-atlantique-et-ses-elus-accueillent-les-arrivants-avec-un-cinema-en-plein","status":"publish","type":"post","link":"https:\/\/www.europesays.com\/fr\/1156655\/","title":{"rendered":"Cette commune de Loire-Atlantique et ses \u00e9lus accueillent les arrivants avec un cin\u00e9ma en plein"},"content":{"rendered":"<tr wp_automatic_readability=\"2.9328358208955\">\n<td valign=\"middle\" align=\"center\" class=\"col-logo\">\n    <img decoding=\"async\" src=\"https:\/\/www.europesays.com\/fr\/wp-content\/uploads\/2026\/07\/presse-ocean.gif\" alt=\"logo Presse-Oc\u00e9an\" height=\"66\" loading=\"lazy\"\/><\/p>\n<\/td>\n<td class=\"col-titre\">\n\t\t\tVendredi 28 ao\u00fbt 2026 16:46<br \/>\n\t\t\t<a class=\"icon-bulle sizeL count\" href=\"#ancreAvis\"><br \/>\n\t&#8230;<br \/>\n<\/a><\/td>\n<\/tr>\n<p>\t\t<a class=\"mavillebox2 elmt-photo\" href=\"https:\/\/www.maville.com\/photosmvi\/2026\/08\/28\/P36097780D7454633G.jpg\" title=\" Cette ann\u00e9e la s\u00e9ance de cin\u00e9 se d\u00e9roulera dans le parc de la Minais.  \u00a9  Photo Ville Sainte-Luce  \" rel=\"galerie_actu nofollow noopener\" target=\"_blank\"><br \/>\n\t<img decoding=\"async\" src=\"https:\/\/www.europesays.com\/fr\/wp-content\/uploads\/2026\/08\/P36097780D7454633G_crop_640-330_.jpg\" alt=\"photo  cette ann\u00e9e la s\u00e9ance de cin\u00e9 se d\u00e9roulera dans le parc de la minais.  \u00a9  photo ville sainte-luce \" loading=\"lazy\"\/><br \/>\n\t1<br \/>\n<\/a><\/p>\n<p class=\"elmt-legende\"> Cette ann\u00e9e la s\u00e9ance de cin\u00e9 se d\u00e9roulera dans le parc de la Minais.  \u00a9  Photo Ville Sainte-Luce  <\/p>\n<p>\t\tVendredi 4\u00a0septembre, les nouveaux arrivants de la commune de Sainte-Luce seront accueillis \u00e0 l\u2019occasion d\u2019une soir\u00e9e cin\u00e9ma en plein air. Certains \u00e9lus seront pr\u00e9sents.<\/p>\n<p><b>Cet article est r\u00e9serv\u00e9 aux abonn\u00e9s<\/b><\/p>\n<p>Pour un acc\u00e8s imm\u00e9diat, abonnez-vous<\/p>\n<p><b>1er mois \u00e0 1\u20ac<\/b><\/p>\n<p>\t\tPresse-Oc\u00e9an<\/p>\n<p>Retrouvez d&rsquo;autres actus sur la commune de :<\/p>\n","protected":false},"excerpt":{"rendered":"Vendredi 28 ao\u00fbt 2026 16:46 &#8230; 1 Cette ann\u00e9e la s\u00e9ance de cin\u00e9 se d\u00e9roulera dans le parc&hellip;\n","protected":false},"author":2,"featured_media":1156656,"comment_status":"","ping_status":"","sticky":false,"template":"","format":"standard","meta":{"footnotes":"","_share_on_mastodon":"0"},"categories":[2818],"tags":[49198,1111,11,2965,15160,650,7052,10153,1777,674,1011,27,3047,766,12,2636,25],"class_list":["post-1156655","post","type-post","status-publish","format-standard","has-post-thumbnail","category-nantes","tag-accueillent","tag-actu","tag-actualites","tag-air","tag-arrivants","tag-cinema","tag-commune","tag-elus","tag-eu","tag-europe","tag-fr","tag-france","tag-loire-atlantique","tag-nantes","tag-news","tag-pays-de-la-loire","tag-republique-francaise"],"share_on_mastodon":{"url":"https:\/\/pubeurope.com\/@fr\/117182459778129962","error":""},"_links":{"self":[{"href":"https:\/\/www.europesays.com\/fr\/wp-json\/wp\/v2\/posts\/1156655","targetHints":{"allow":["GET"]}}],"collection":[{"href":"https:\/\/www.europesays.com\/fr\/wp-json\/wp\/v2\/posts"}],"about":[{"href":"https:\/\/www.europesays.com\/fr\/wp-json\/wp\/v2\/types\/post"}],"author":[{"embeddable":true,"href":"https:\/\/www.europesays.com\/fr\/wp-json\/wp\/v2\/users\/2"}],"replies":[{"embeddable":true,"href":"https:\/\/www.europesays.com\/fr\/wp-json\/wp\/v2\/comments?post=1156655"}],"version-history":[{"count":0,"href":"https:\/\/www.europesays.com\/fr\/wp-json\/wp\/v2\/posts\/1156655\/revisions"}],"wp:featuredmedia":[{"embeddable":true,"href":"https:\/\/www.europesays.com\/fr\/wp-json\/wp\/v2\/media\/1156656"}],"wp:attachment":[{"href":"https:\/\/www.europesays.com\/fr\/wp-json\/wp\/v2\/media?parent=1156655"}],"wp:term":[{"taxonomy":"category","embeddable":true,"href":"https:\/\/www.europesays.com\/fr\/wp-json\/wp\/v2\/categories?post=1156655"},{"taxonomy":"post_tag","embeddable":true,"href":"https:\/\/www.europesays.com\/fr\/wp-json\/wp\/v2\/tags?post=1156655"}],"curies":[{"name":"wp","href":"https:\/\/api.w.org\/{rel}","templated":true}]}}