{"id":1156675,"date":"2026-08-30T04:11:15","date_gmt":"2026-08-30T04:11:15","guid":{"rendered":"https:\/\/www.europesays.com\/fr\/1156675\/"},"modified":"2026-08-30T04:11:15","modified_gmt":"2026-08-30T04:11:15","slug":"pompiers-du-rhone-apres-un-ete-eprouvant-le-syndicat-sud-menace-dune-greve-illimitee","status":"publish","type":"post","link":"https:\/\/www.europesays.com\/fr\/1156675\/","title":{"rendered":"Pompiers du Rh\u00f4ne : apr\u00e8s un \u00e9t\u00e9 \u00e9prouvant, le syndicat SUD menace d\u2019une gr\u00e8ve illimit\u00e9e"},"content":{"rendered":"<p>Tout l\u2019\u00e9t\u00e9, leurs silhouettes ont occup\u00e9 les \u00e9crans. Au milieu des fum\u00e9es et des for\u00eats ravag\u00e9es, les pompiers ont \u00e9t\u00e9 applaudis face \u00e0 une saison marqu\u00e9e par des incendies sans pr\u00e9c\u00e9dent. Environ 119 000 hectares de v\u00e9g\u00e9tation ont br\u00fbl\u00e9 en France. Quatre sapeurs-pompiers ont perdu la vie dans l\u2019exercice de leurs fonctions et plus de 130 ont \u00e9t\u00e9 bless\u00e9s ou intoxiqu\u00e9s.<\/p>\n<p>Mais les remerciements pass\u00e9s, la rentr\u00e9e laisse place \u00e0 un autre sentiment : celui d\u2019un corps \u00e0 bout qui estime faire toujours plus sans obtenir les moyens r\u00e9clam\u00e9s. \u00ab\u00a0Les pompiers sont \u00e9puis\u00e9s\u00a0\u00bb,\u202fr\u00e9sume Valentin Violet, porte-parole du syndicat SUD et pompier professionnel \u00e0 Villeurbanne.<\/p>\n<p>Plus de 180 pompiers du Rh\u00f4ne ont \u00e9t\u00e9 envoy\u00e9s cet \u00e9t\u00e9 en renfort hors du d\u00e9partement, notamment en Gironde. Certains sont partis sur leur temps de travail, d\u2019autres pendant leurs cong\u00e9s ou leurs jours de repos. \u00ab\u00a0Ce sont des personnes qui partent en mission sur du repos et qui reviennent d\u00e9j\u00e0 fatigu\u00e9es\u00a0\u00bb,\u202finsiste-t-il.\u00a0<\/p>\n<p>Pendant leur absence, l\u2019activit\u00e9 locale n\u2019a pas disparu. Selon le syndicaliste, les d\u00e9parts n\u2019ont pas \u00e9t\u00e9 compens\u00e9s par des remplacements, obligeant ceux rest\u00e9s dans le Rh\u00f4ne \u00e0 travailler davantage. Et contrairement aux \u00e9t\u00e9s habituels, le traditionnel creux du mois d\u2019ao\u00fbt n\u2019a quasiment pas exist\u00e9. \u00c0 cela s\u2019est ajout\u00e9e une chaleur persistante : Valentin Violet \u00e9voque plus de 50 jours de canicule dans le Rh\u00f4ne.<\/p>\n<p>Besoin de renforts<\/p>\n<p>Dans les centres de secours, la chaleur est devenue un sujet de col\u00e8re.\u202f\u00a0\u00bbLes casernes, ce sont des fours, il n\u2019y a pas d\u2019autres mots\u00a0\u00bb,\u202fl\u00e2che-t-il. Il d\u00e9crit des b\u00e2timents atteignant 35 \u00e0 37 degr\u00e9s, notamment \u00e0 Lyon-Corneille et plus de 38 \u00e0 la caserne de la Doua.\u202f\u00a0\u00bbVous partez sur une intervention, sur un feu par exemple, vous rentrez \u00e0 la caserne, vous n\u2019arrivez m\u00eame pas \u00e0 vous refroidir.\u00a0\u00bb<\/p>\n<p>Selon le syndicat SUD, cette chaleur jusque dans les casernes les plus r\u00e9centes s\u2019explique aussi par les choix effectu\u00e9s sous l\u2019ancienne mandature \u00e9cologiste, qui avait \u00e9cart\u00e9 la climatisation des cahiers des charges.\u202f\u00a0<\/p>\n<p>Pour SUD, cet \u00e9t\u00e9 arrive surtout apr\u00e8s deux ann\u00e9es de tensions dans le Rh\u00f4ne. Le mouvement de gr\u00e8ve avait d\u00e9but\u00e9 en octobre 2024. Le syndicat esp\u00e9rait \u00e0 l&rsquo;\u00e9poque qu\u2019avec l&rsquo;arriv\u00e9e\u202fdu nouveau directeur\u202fd\u2019administration,\u202fles engagements pris pendant la campagne ouvriraient une nouvelle p\u00e9riode. Valentin Violet rappelle notamment la promesse de 80 embauches, d\u2019une caserne et de moyens suppl\u00e9mentaires.<\/p>\n<p>Le syndicaliste attend d\u00e9sormais beaucoup des derni\u00e8res \u00e9lections m\u00e9tropolitaines. Il affirme toujours attendre une date de rencontre avec la nouvelle pr\u00e9sidente de la M\u00e9tropole de Lyon, V\u00e9ronique Sarselli.\u00a0<\/p>\n<p>SUD r\u00e9clame localement plus de 100 pompiers suppl\u00e9mentaires, une hausse du pouvoir d\u2019achat et de meilleures conditions de travail. Le syndicaliste cite l\u2019inflation, le co\u00fbt des mutuelles, les attentes \u00e0 l\u2019h\u00f4pital ou les agressions, dont il estime la fr\u00e9quence \u00e0 environ une par semaine dans le Rh\u00f4ne.\u202f\u00a0\u00bbIl faut vraiment un signal fort, une preuve d\u2019amour parce que \u00e7a fait deux ans qu\u2019on attend\u00a0\u00bb,\u202fdit-il.\u00a0<\/p>\n<p>Cette col\u00e8re d\u00e9passe le territoire lyonnais. Les syndicats attendent le 8 septembre, date \u00e0 laquelle le ministre de l\u2019Int\u00e9rieur doit pr\u00e9senter un projet de loi de modernisation de la s\u00e9curit\u00e9 civile. Mais SUD affiche d\u00e9j\u00e0 son scepticisme.\u202f\u00a0\u00bbC\u2019est un projet de loi, donc c\u2019est m\u00eame pas ce qui va \u00eatre vot\u00e9\u00a0\u00bb,\u202fsouligne Valentin Violet, inquiet de ce qui pourrait subsister du texte dans le contexte budg\u00e9taire de 2027.<\/p>\n<p>Dans l\u2019attente d\u2019une annonce forte<\/p>\n<p>Au c\u0153ur des revendications nationales figurent les effectifs, les moyens et la sant\u00e9. Sur ce dernier point, le discours se durcit. \u00a0\u00bb Cet \u00e9t\u00e9, les pompiers sont partis mettre leurs poumons et leur nez dans la fum\u00e9e sans protection\u00a0\u00bb, d\u00e9nonce-t-il. Il \u00e9voque les limites des \u00e9quipements test\u00e9s contre les particules et surtout l\u2019absence, selon lui, de suivi sp\u00e9cifique au retour des feux de for\u00eat. \u00ab\u00a0Le mec qui rentre apr\u00e8s des jours de feu de for\u00eat, il va moucher noir pendant une semaine chez lui, mais il aucun suivi m\u00e9dical n&rsquo;est pr\u00e9vu\u00a0\u00bb.<\/p>\n<p>Le syndicaliste r\u00e9clame aussi une meilleure reconnaissance des maladies professionnelles, notamment des cancers, et d\u00e9nonce une \u00ab\u00a0omerta\u00a0\u00bb autour de la sant\u00e9 des pompiers.\u00a0<\/p>\n<p>Comme si la fatigue et l\u2019impatience ne suffisaient pas, les cambriolages de casernes alimentent d\u00e9sormais l\u2019exasp\u00e9ration. Les voleurs ciblent notamment du mat\u00e9riel de d\u00e9sincarc\u00e9ration et de forcement : pinces et \u00e9carteurs hydrauliques, disqueuses sur batterie ou pieds-de-biche. Le pr\u00e9judice d\u00e9passerait 40 000 euros. Ces vols inqui\u00e8tent particuli\u00e8rement les pompiers. Ce mat\u00e9riel sert \u00e0 d\u00e9gager une victime prisonni\u00e8re d\u2019un v\u00e9hicule ou \u00e0 ouvrir un acc\u00e8s lors d\u2019un incendie.<\/p>\n<p>\u00ab\u00a0La personne qui vole \u00e7a, en fait, elle condamne le citoyen accident\u00e9\u00a0\u00bb, alerte Valentin Violet, qui redoute que ces outils puissent \u00eatre revendus ou utilis\u00e9s pour des cambriolages ou des braquages.<\/p>\n<p>La rentr\u00e9e s\u2019annonce donc \u00e9lectrique. Un \u00ab\u00a0Village de pompiers\u00a0\u00bb doit \u00eatre install\u00e9 place de la R\u00e9publique \u00e0 Paris les 26, 27 et 28 septembre pour aller \u00e0 la rencontre des citoyens et des \u00e9lus. Une manifestation est annonc\u00e9e le 29 septembre. SUD n\u2019exclut pas ensuite une gr\u00e8ve illimit\u00e9e.<\/p>\n<p>Dans le Rh\u00f4ne, une partie de la tension pourrait toutefois se jouer avant. Le syndicat attend beaucoup de sa future rencontre avec V\u00e9ronique Sarselli, la M\u00e9tropole assurant environ 80% du financement. Il ne veut pas d\u2019un recrutement au compte-gouttes mais d\u2019un geste important : \u00ab\u00a0C\u2019est 40 pompiers d\u2019un coup, il faut quelque chose de massif\u00a0\u00bb. Une annonce forte pourrait, dit-il,\u00a0\u00ab\u00a0\u00e9teindre une bonne partie de l\u2019incendie\u00a0\u00bb.<\/p>\n<p>Apr\u00e8s avoir pass\u00e9 l\u2019\u00e9t\u00e9 \u00e0 combattre les flammes, les pompiers du Rh\u00f4ne abordent septembre avec une autre bataille : celle des moyens et de la reconnaissance.\u00a0\u00ab\u00a0On accumule les sentiments amers entre fatigue, impatience, \u00e9nervement\u00a0\u00bb, r\u00e9sume Valentin Violet.<\/p>\n","protected":false},"excerpt":{"rendered":"Tout l\u2019\u00e9t\u00e9, leurs silhouettes ont occup\u00e9 les \u00e9crans. Au milieu des fum\u00e9es et des for\u00eats ravag\u00e9es, les pompiers&hellip;\n","protected":false},"author":2,"featured_media":1156676,"comment_status":"","ping_status":"","sticky":false,"template":"","format":"standard","meta":{"footnotes":"","_share_on_mastodon":"0"},"categories":[1889],"tags":[1111,11,2813,2190,2430,1109,251,1112,2811,1777,674,118,1011,27,1922,1110,1114,2428,2810,12,241,316,25,2812,517,800],"class_list":["post-1156675","post","type-post","status-publish","format-standard","has-post-thumbnail","category-lyon","tag-actu","tag-actualites","tag-article","tag-asvel","tag-auvergne-rhone-alpes","tag-breves","tag-culture","tag-depeches","tag-economique","tag-eu","tag-europe","tag-faits-divers","tag-fr","tag-france","tag-info","tag-informations","tag-infos","tag-lyon","tag-lyonmag","tag-news","tag-ol","tag-politique","tag-republique-francaise","tag-sociale","tag-sport","tag-transports"],"share_on_mastodon":{"url":"https:\/\/pubeurope.com\/@fr\/117182508722010360","error":""},"_links":{"self":[{"href":"https:\/\/www.europesays.com\/fr\/wp-json\/wp\/v2\/posts\/1156675","targetHints":{"allow":["GET"]}}],"collection":[{"href":"https:\/\/www.europesays.com\/fr\/wp-json\/wp\/v2\/posts"}],"about":[{"href":"https:\/\/www.europesays.com\/fr\/wp-json\/wp\/v2\/types\/post"}],"author":[{"embeddable":true,"href":"https:\/\/www.europesays.com\/fr\/wp-json\/wp\/v2\/users\/2"}],"replies":[{"embeddable":true,"href":"https:\/\/www.europesays.com\/fr\/wp-json\/wp\/v2\/comments?post=1156675"}],"version-history":[{"count":0,"href":"https:\/\/www.europesays.com\/fr\/wp-json\/wp\/v2\/posts\/1156675\/revisions"}],"wp:featuredmedia":[{"embeddable":true,"href":"https:\/\/www.europesays.com\/fr\/wp-json\/wp\/v2\/media\/1156676"}],"wp:attachment":[{"href":"https:\/\/www.europesays.com\/fr\/wp-json\/wp\/v2\/media?parent=1156675"}],"wp:term":[{"taxonomy":"category","embeddable":true,"href":"https:\/\/www.europesays.com\/fr\/wp-json\/wp\/v2\/categories?post=1156675"},{"taxonomy":"post_tag","embeddable":true,"href":"https:\/\/www.europesays.com\/fr\/wp-json\/wp\/v2\/tags?post=1156675"}],"curies":[{"name":"wp","href":"https:\/\/api.w.org\/{rel}","templated":true}]}}