{"id":1156685,"date":"2026-08-30T04:16:10","date_gmt":"2026-08-30T04:16:10","guid":{"rendered":"https:\/\/www.europesays.com\/fr\/1156685\/"},"modified":"2026-08-30T04:16:10","modified_gmt":"2026-08-30T04:16:10","slug":"meteo-la-meteo-du-dimanche-30-aout-2026-a-vitry-sur-seine-et-ses-environs","status":"publish","type":"post","link":"https:\/\/www.europesays.com\/fr\/1156685\/","title":{"rendered":"M\u00e9t\u00e9o. La m\u00e9t\u00e9o du dimanche 30 ao\u00fbt 2026 \u00e0 Vitry-sur-Seine et ses environs"},"content":{"rendered":"<p data-ofstats-scroll=\"read_depth_20\">Le matin restera sous un ciel couvert, sans \u00e9claircie notable, prolongeant l\u2019impression de grisaille des premi\u00e8res heures du jour. La temp\u00e9rature, stable \u00e0 17 \u00b0C en d\u00e9but de journ\u00e9e, gagnera peu \u00e0 peu quelques degr\u00e9s pour atteindre 20 \u00b0C en fin de matin\u00e9e. Le vent soufflera de mani\u00e8re constante depuis le Sud-Ouest, oscillant entre 10 et 15 km\/h, avec des rafales pouvant atteindre 30 km\/h. L\u2019humidit\u00e9 reculera au fil des heures, passant d\u2019un air tr\u00e8s charg\u00e9 \u00e0 une atmosph\u00e8re nettement plus s\u00e8che.<\/p>\n<p data-ofstats-scroll=\"read_depth_30\">L\u2019apr\u00e8s-midi, le ciel restera enti\u00e8rement couvert, dans le prolongement du temps maussade observ\u00e9 en matin\u00e9e, avec seulement un voile de nuages \u00e9lev\u00e9s apparaissant bri\u00e8vement en d\u00e9but puis en fin de p\u00e9riode. Le vent soufflera principalement du Sud-Ouest puis du Sud-Sud-Ouest, se renfor\u00e7ant par moments entre 15 et 20 km\/h, tandis que les rafales atteindront entre 35 et 40 km\/h. Les temp\u00e9ratures progresseront l\u00e9g\u00e8rement de 20 \u00b0C en d\u00e9but d\u2019apr\u00e8s-midi pour atteindre jusqu\u2019\u00e0 23 \u00b0C en fin de journ\u00e9e. L\u2019humidit\u00e9 demeurera \u00e9lev\u00e9e, sans variation marqu\u00e9e.<\/p>\n<p data-ofstats-scroll=\"read_depth_50\">En d\u00e9but de soir\u00e9e, dans le prolongement des conditions de l\u2019apr\u00e8s-midi, le thermom\u00e8tre restera stable autour de 23 \u00b0C avant de baisser peu \u00e0 peu vers 19 \u00b0C en fin de nuit. Le ciel passera d\u2019un voile de nuages \u00e9lev\u00e9s \u00e0 un couvert uniforme, puis \u00e0 un ciel tr\u00e8s nuageux, tandis que la bruine forte s\u2019installera en cours de soir\u00e9e avant de cesser. Le vent, d\u2019abord orient\u00e9 Sud-Sud-Ouest puis Sud-Ouest, se maintiendra autour de 10 \u00e0 15 km\/h, avec des rafales variant entre 30 et 45 km\/h. L\u2019humidit\u00e9 augmentera nettement au fil des heures.<\/p>\n<p data-ofstats-scroll=\"read_depth_70\">Au cours de la nuit prochaine, dans la continuit\u00e9 de la soir\u00e9e pluvieuse, la temp\u00e9rature reculera progressivement de 19 \u00b0C en d\u00e9but de nuit \u00e0 17 \u00b0C avant l\u2019aube. Le vent soufflera constamment du Sud-Ouest, autour de 20 km\/h, avec des rafales passant de 35 km\/h \u00e0 40 km\/h en fin de nuit. Le ciel \u00e9voluera d\u2019abord sous des conditions d\u00e9gag\u00e9es, apr\u00e8s l\u2019\u00e9vacuation de la bruine, puis deviendra nettement plus charg\u00e9 en nuages, jusqu\u2019\u00e0 rester couvert sur la derni\u00e8re partie de la nuit, tandis que l\u2019humidit\u00e9 se maintiendra \u00e0 un niveau \u00e9lev\u00e9 et stable.<\/p>\n<p data-ofstats-scroll=\"read_depth_90\">Demain, dans le prolongement de cette nuit humide, les temp\u00e9ratures resteront stables autour de 17 \u00b0C en d\u00e9but de matin\u00e9e, sous un ciel largement couvert et une humidit\u00e9 encore bien pr\u00e9sente. Le vent de Sud-Ouest soufflera d\u00e9j\u00e0 \u00e0 20 km\/h avec des rafales atteignant 40 km\/h. Vers la mi-journ\u00e9e, le ciel deviendra plus lumineux, l\u2019humidit\u00e9 reculera et le vent, renforc\u00e9 \u00e0 25 km\/h, toujours de Sud-Ouest, accompagnera la hausse vers 21 \u00b0C. L\u2019apr\u00e8s-midi, le vent s\u2019orientera \u00e0 l\u2019Ouest-Sud-Ouest, atteindra 25 km\/h avec des rafales jusqu\u2019\u00e0 50 km\/h, tandis que la temp\u00e9rature se stabilisera autour de 24 \u00b0C dans une atmosph\u00e8re plus s\u00e8che et peu nuageuse. En fin de journ\u00e9e, le vent tournera \u00e0 l\u2019Ouest, gardant 25 km\/h avec des rafales proches de 45 km\/h, alors que la douceur persistera.<\/p>\n<p data-ofstats-scroll=\"read_depth_90\"><a href=\"https:\/\/www.ouest-france.fr\/meteo\/ile-de-france\/vitry-sur-seine-94400\/\" rel=\"nofollow noopener\" target=\"_blank\">Suivez la m\u00e9t\u00e9o de votre commune en temps r\u00e9el<\/a><\/p>\n<p data-ofstats-scroll=\"read_depth_100\">Ouest-France vous donne \u00e9galement la possibilit\u00e9 de conna\u00eetre la m\u00e9t\u00e9o de votre commune, heure par heure, sur notre page m\u00e9t\u00e9o d\u00e9di\u00e9e<\/p>\n","protected":false},"excerpt":{"rendered":"Le matin restera sous un ciel couvert, sans \u00e9claircie notable, prolongeant l\u2019impression de grisaille des premi\u00e8res heures du&hellip;\n","protected":false},"author":2,"featured_media":1156686,"comment_status":"","ping_status":"","sticky":false,"template":"","format":"standard","meta":{"footnotes":"","_share_on_mastodon":"0"},"categories":[1888],"tags":[11,24583,50925,1777,674,1011,27,90557,24588,12,16483,626,25,90558,12654],"class_list":["post-1156685","post","type-post","status-publish","format-standard","has-post-thumbnail","category-paris","tag-actualites","tag-alfortville","tag-choisy-le-roi","tag-eu","tag-europe","tag-fr","tag-france","tag-lhay-les-roses","tag-maisons-alfort","tag-news","tag-orly","tag-paris","tag-republique-francaise","tag-thiais","tag-vitry-sur-seine"],"share_on_mastodon":{"url":"https:\/\/pubeurope.com\/@fr\/117182528534295138","error":""},"_links":{"self":[{"href":"https:\/\/www.europesays.com\/fr\/wp-json\/wp\/v2\/posts\/1156685","targetHints":{"allow":["GET"]}}],"collection":[{"href":"https:\/\/www.europesays.com\/fr\/wp-json\/wp\/v2\/posts"}],"about":[{"href":"https:\/\/www.europesays.com\/fr\/wp-json\/wp\/v2\/types\/post"}],"author":[{"embeddable":true,"href":"https:\/\/www.europesays.com\/fr\/wp-json\/wp\/v2\/users\/2"}],"replies":[{"embeddable":true,"href":"https:\/\/www.europesays.com\/fr\/wp-json\/wp\/v2\/comments?post=1156685"}],"version-history":[{"count":0,"href":"https:\/\/www.europesays.com\/fr\/wp-json\/wp\/v2\/posts\/1156685\/revisions"}],"wp:featuredmedia":[{"embeddable":true,"href":"https:\/\/www.europesays.com\/fr\/wp-json\/wp\/v2\/media\/1156686"}],"wp:attachment":[{"href":"https:\/\/www.europesays.com\/fr\/wp-json\/wp\/v2\/media?parent=1156685"}],"wp:term":[{"taxonomy":"category","embeddable":true,"href":"https:\/\/www.europesays.com\/fr\/wp-json\/wp\/v2\/categories?post=1156685"},{"taxonomy":"post_tag","embeddable":true,"href":"https:\/\/www.europesays.com\/fr\/wp-json\/wp\/v2\/tags?post=1156685"}],"curies":[{"name":"wp","href":"https:\/\/api.w.org\/{rel}","templated":true}]}}