{"id":1156691,"date":"2026-08-30T04:20:57","date_gmt":"2026-08-30T04:20:57","guid":{"rendered":"https:\/\/www.europesays.com\/fr\/1156691\/"},"modified":"2026-08-30T04:20:57","modified_gmt":"2026-08-30T04:20:57","slug":"ukraine-linavouable-impasse-le-temps","status":"publish","type":"post","link":"https:\/\/www.europesays.com\/fr\/1156691\/","title":{"rendered":"Ukraine, l\u2019inavouable impasse &#8211; Le Temps"},"content":{"rendered":"<p>Voil\u00e0 plus de quatre ans que dure le conflit sanglant entre l\u2019Ukraine et la Russie, sans que la moindre issue paraisse encore se dessiner. Pire encore, l\u2019engrenage militaire que certains annon\u00e7aient se v\u00e9rifie en ce moment, avec de part et d\u2019autre des armes a\u00e9riennes de plus en plus sophistiqu\u00e9es, des bombardements de plus en plus massifs et meurtriers.<\/p>\n<p>Le plus inqui\u00e9tant, c\u2019est que loin de s\u2019interroger sur l\u2019impasse o\u00f9 ils se retrouvent ainsi, les partisans de la guerre \u00e0 outrance en rajoutent dans les deux camps. Un politologue fran\u00e7ais avis\u00e9 les voit m\u00eame marcher comme des \u00abfunambules\u00bb vers une troisi\u00e8me guerre mondiale!<\/p>\n","protected":false},"excerpt":{"rendered":"Voil\u00e0 plus de quatre ans que dure le conflit sanglant entre l\u2019Ukraine et la Russie, sans que la&hellip;\n","protected":false},"author":2,"featured_media":1156692,"comment_status":"","ping_status":"","sticky":false,"template":"","format":"standard","meta":{"footnotes":"","_share_on_mastodon":"0"},"categories":[1590],"tags":[11,1777,674,12,1427,301,220],"class_list":["post-1156691","post","type-post","status-publish","format-standard","has-post-thumbnail","category-ukraine","tag-actualites","tag-eu","tag-europe","tag-news","tag-opinions","tag-premium","tag-ukraine"],"share_on_mastodon":{"url":"https:\/\/pubeurope.com\/@fr\/117182548074285432","error":""},"_links":{"self":[{"href":"https:\/\/www.europesays.com\/fr\/wp-json\/wp\/v2\/posts\/1156691","targetHints":{"allow":["GET"]}}],"collection":[{"href":"https:\/\/www.europesays.com\/fr\/wp-json\/wp\/v2\/posts"}],"about":[{"href":"https:\/\/www.europesays.com\/fr\/wp-json\/wp\/v2\/types\/post"}],"author":[{"embeddable":true,"href":"https:\/\/www.europesays.com\/fr\/wp-json\/wp\/v2\/users\/2"}],"replies":[{"embeddable":true,"href":"https:\/\/www.europesays.com\/fr\/wp-json\/wp\/v2\/comments?post=1156691"}],"version-history":[{"count":0,"href":"https:\/\/www.europesays.com\/fr\/wp-json\/wp\/v2\/posts\/1156691\/revisions"}],"wp:featuredmedia":[{"embeddable":true,"href":"https:\/\/www.europesays.com\/fr\/wp-json\/wp\/v2\/media\/1156692"}],"wp:attachment":[{"href":"https:\/\/www.europesays.com\/fr\/wp-json\/wp\/v2\/media?parent=1156691"}],"wp:term":[{"taxonomy":"category","embeddable":true,"href":"https:\/\/www.europesays.com\/fr\/wp-json\/wp\/v2\/categories?post=1156691"},{"taxonomy":"post_tag","embeddable":true,"href":"https:\/\/www.europesays.com\/fr\/wp-json\/wp\/v2\/tags?post=1156691"}],"curies":[{"name":"wp","href":"https:\/\/api.w.org\/{rel}","templated":true}]}}