{"id":1156713,"date":"2026-08-30T04:39:16","date_gmt":"2026-08-30T04:39:16","guid":{"rendered":"https:\/\/www.europesays.com\/fr\/1156713\/"},"modified":"2026-08-30T04:39:16","modified_gmt":"2026-08-30T04:39:16","slug":"mercato-riyad-mahrez-libre-vers-corum-promu-en-d1-turque-lequipe","status":"publish","type":"post","link":"https:\/\/www.europesays.com\/fr\/1156713\/","title":{"rendered":"Mercato : Riyad Mahrez, libre, vers \u00c7orum, promu en D1 turque ? &#8211; L&#039;\u00c9quipe"},"content":{"rendered":"<ol>\n<li><a href=\"https:\/\/news.google.com\/rss\/articles\/CBMiqwFBVV95cUxPQXN3NWpHN2x1T2MyR3VhVDRDbkVENTFCLVlSSXptOW8tbnVhOEx2aVhLWDMwN1k4azl4aERsSEduZjFOTUJoRGJvMS1NZk5RZV90RFZOZy11VG03TmZoVWYtQXJYODZ1MGl5aTEza0lNLXp3QlcyVkhFN3NoRjhUWGhPSkhPeERXOHdpaHlObVA0OEQ2UkFIdzctdUpMZllRUjRjdV9yMGNjM1U?oc=5\" target=\"_blank\" rel=\"nofollow noopener\">Mercato : Riyad Mahrez, libre, vers \u00c7orum, promu en D1 turque ?<\/a>&nbsp;&nbsp;L&rsquo;\u00c9quipe<\/li>\n<li><a href=\"https:\/\/news.google.com\/rss\/articles\/CBMilgFBVV95cUxNMkVZNl9fX1NrSGlfaWl0VjdiRG1OLU00TEtza3BWXzl6N3JFM2dObDJLT1o5QzJPM0lfU2MtUVVfeUd1WVNUa1VCQWVTRFdSX0R0NzZBdXZ0Y0JmZnVSSHk1Q1drUXFFdjRlZkttN2dYeXdWcTh0dlkxVy05Yjd1dEFraGQxVkczSzQyY0dGbjlIY0Ztc2c?oc=5\" target=\"_blank\" rel=\"nofollow noopener\">Mahrez laisse entrevoir sa nouvelle destination : va-t-il rester en Roshn League ?<\/a>&nbsp;&nbsp;Yahoo Actualit\u00e9s<\/li>\n<li><a href=\"https:\/\/news.google.com\/rss\/articles\/CBMi0wFBVV95cUxPa3BySDVHVS1iZThrUTlPd2RZY2ZwVDNMVTdwMVRmOGE4TDJLQU84d05nZmlwWHRoVkRUMkJ3eWV4SENhX1VtTTJ1aFdHWFdHYkh5MVl0cmhOcHhSSWxPb1hrZkxWT0JIUmFBT0xIc1FmbzNzYzBqeDlicUs4UEw0SmtIOHg1cWVDSU5qdlRIdzgxWjNPM2hxVjFRUWMyZ3dTdC16Uk5CYTlwZklHbEljT2V5T3lrME9uQmhHaXdzUWhYbUQ1TlFrY2htd2pIdm1IR0Fj?oc=5\" target=\"_blank\" rel=\"nofollow noopener\">Mahrez et le retour en Saudi Pro League : une d\u00e9cision tranch\u00e9e qui met fin \u00e0 la pol\u00e9mique<\/a>&nbsp;&nbsp;Goal.com<\/li>\n<li><a href=\"https:\/\/news.google.com\/rss\/articles\/CBMitAFBVV95cUxOVktnODFkdURrZXQwOXlXSjVtSVNoOU9TZDh5UkJObE90ZlR4Z09JZF93VWZqQl9Ub2FtbmQyN0JtcFpMWmJIVGR1ZlkzU3NrSU95X1pDUzNWT0ZiNUVoWXFUZkxWT2JweE5QanRrdjNSOTNVMXBsV0VUTzNfMDJZcWVRdUp3ZGtRRWdNWUN2aU9aLVEwdUhiN2VBXzZhMzFTZmtScDhWV1pFcWFJN1NacEVxUFTSAboBQVVfeXFMTlpMUVJmRnBsclRsbFp3SmYxdUM4UC1vc3RQYl92OGt4cTBmcVpWXy1DV3BNNDRpaHpidF9ab0Q4MjBVQjBueVotbTNpVWRpSUhfb3RkSDBXbU9KQ1dtY0JvcXBZcTczNlhmVDFRd2w5Nmw5NkNCS2E1d0liVjF6X2pBUXBSVE5JMVRsMndLRVcxRDJrSDd2WllhRnNFUGZ4QWZhaWdUZXVueFpfdVJ4Vy1YV2RVaHNJVU53?oc=5\" target=\"_blank\" rel=\"nofollow noopener\">Wydad : un d\u00e9fenseur alg\u00e9rien propos\u00e9 au club pour renforcer la d\u00e9fense<\/a>&nbsp;&nbsp;LeSiteinfo.com<\/li>\n<li><a href=\"https:\/\/news.google.com\/rss\/articles\/CBMiggFBVV95cUxNNnhoZkZEVnJwNlBRRjNjYllTeTNRMlk2Q3FWZFlrYTNZZmtBM2Z6aU03RnJyWFRBeGNXUWluRmlEekxfSWM1SkR1bVZMUm01QjJvUEpsWjdmVjlXaUxwRzVXY2FHcWNlcng0ZVJlb244QllPTFFWR0ZONlgzaVdzRVVR?oc=5\" target=\"_blank\" rel=\"nofollow noopener\">Mahrez au Deportivo, une rumeur vite refroidie<\/a>&nbsp;&nbsp;L&rsquo;Alg\u00e9rie Aujourd&rsquo;hui<\/li>\n<\/ol>\n","protected":false},"excerpt":{"rendered":"Mercato : Riyad Mahrez, libre, vers \u00c7orum, promu en D1 turque ?&nbsp;&nbsp;L&rsquo;\u00c9quipe Mahrez laisse entrevoir sa nouvelle destination&hellip;\n","protected":false},"author":2,"featured_media":1156714,"comment_status":"","ping_status":"","sticky":false,"template":"","format":"standard","meta":{"footnotes":"","_share_on_mastodon":"0"},"categories":[1410],"tags":[86760,118487,118486,91148,63,1011,27,29803,60,33137],"class_list":["post-1156713","post","type-post","status-publish","format-standard","has-post-thumbnail","category-football","tag-actus-et-infos","tag-al-ahli-fc-f","tag-corum-fk","tag-flavien-tresarrieu","tag-football","tag-fr","tag-france","tag-riyad-mahrez","tag-sports","tag-transferts-football"],"share_on_mastodon":{"url":"https:\/\/pubeurope.com\/@fr\/117182618856476429","error":""},"_links":{"self":[{"href":"https:\/\/www.europesays.com\/fr\/wp-json\/wp\/v2\/posts\/1156713","targetHints":{"allow":["GET"]}}],"collection":[{"href":"https:\/\/www.europesays.com\/fr\/wp-json\/wp\/v2\/posts"}],"about":[{"href":"https:\/\/www.europesays.com\/fr\/wp-json\/wp\/v2\/types\/post"}],"author":[{"embeddable":true,"href":"https:\/\/www.europesays.com\/fr\/wp-json\/wp\/v2\/users\/2"}],"replies":[{"embeddable":true,"href":"https:\/\/www.europesays.com\/fr\/wp-json\/wp\/v2\/comments?post=1156713"}],"version-history":[{"count":0,"href":"https:\/\/www.europesays.com\/fr\/wp-json\/wp\/v2\/posts\/1156713\/revisions"}],"wp:featuredmedia":[{"embeddable":true,"href":"https:\/\/www.europesays.com\/fr\/wp-json\/wp\/v2\/media\/1156714"}],"wp:attachment":[{"href":"https:\/\/www.europesays.com\/fr\/wp-json\/wp\/v2\/media?parent=1156713"}],"wp:term":[{"taxonomy":"category","embeddable":true,"href":"https:\/\/www.europesays.com\/fr\/wp-json\/wp\/v2\/categories?post=1156713"},{"taxonomy":"post_tag","embeddable":true,"href":"https:\/\/www.europesays.com\/fr\/wp-json\/wp\/v2\/tags?post=1156713"}],"curies":[{"name":"wp","href":"https:\/\/api.w.org\/{rel}","templated":true}]}}