{"id":1156715,"date":"2026-08-30T04:40:22","date_gmt":"2026-08-30T04:40:22","guid":{"rendered":"https:\/\/www.europesays.com\/fr\/1156715\/"},"modified":"2026-08-30T04:40:22","modified_gmt":"2026-08-30T04:40:22","slug":"paroles-dex-stephane-lievre-cetait-contre-nature-de-laisser-autant-dargent-derriere-soi-pour-repartir-de-zero-mais-ca-valait-le-coup","status":"publish","type":"post","link":"https:\/\/www.europesays.com\/fr\/1156715\/","title":{"rendered":"Paroles d&rsquo;ex &#8211; St\u00e9phane Li\u00e8vre : \u00ab C&rsquo;\u00e9tait contre-nature de laisser autant d&rsquo;argent derri\u00e8re soi pour repartir de z\u00e9ro, mais \u00e7a valait le coup \u00bb"},"content":{"rendered":"<p>Paroles d&rsquo;ex &#8211; St\u00e9phane Li\u00e8vre : \u00ab C&rsquo;\u00e9tait contre-nature de laisser autant d&rsquo;argent derri\u00e8re soi pour repartir de z\u00e9ro, mais \u00e7a valait le coup \u00bb<\/p>\n<p>St\u00e9phane Li\u00e8vre, l&rsquo;ancien lat\u00e9ral gauche de Caen et de Nantes, ne regrette pas d&rsquo;\u00eatre rest\u00e9 \u00e0 Toulouse apr\u00e8s la r\u00e9trogradation administrative du club en National, en 2001, alors qu&rsquo;il \u00e9tait dans la force de l&rsquo;\u00e2ge. Une fid\u00e9lit\u00e9 r\u00e9compens\u00e9e par une remont\u00e9e dans l&rsquo;\u00e9lite deux saisons apr\u00e8s.<\/p>\n","protected":false},"excerpt":{"rendered":"Paroles d&rsquo;ex &#8211; St\u00e9phane Li\u00e8vre : \u00ab C&rsquo;\u00e9tait contre-nature de laisser autant d&rsquo;argent derri\u00e8re soi pour repartir de&hellip;\n","protected":false},"author":2,"featured_media":1156716,"comment_status":"","ping_status":"","sticky":false,"template":"","format":"standard","meta":{"footnotes":"","_share_on_mastodon":"0"},"categories":[1359],"tags":[5492,58,59,35888,63,1011,27,87203,766,87600,86837,973,86880,17932,2312],"class_list":["post-1156715","post","type-post","status-publish","format-standard","has-post-thumbnail","category-people","tag-caen","tag-divertissement","tag-entertainment","tag-entretiens","tag-football","tag-fr","tag-france","tag-hugues-sionis","tag-nantes","tag-paroles-dex","tag-payant","tag-people","tag-provenance-lequipe-quotidien","tag-temoignages","tag-toulouse"],"share_on_mastodon":{"url":"https:\/\/pubeurope.com\/@fr\/117182623126985740","error":""},"_links":{"self":[{"href":"https:\/\/www.europesays.com\/fr\/wp-json\/wp\/v2\/posts\/1156715","targetHints":{"allow":["GET"]}}],"collection":[{"href":"https:\/\/www.europesays.com\/fr\/wp-json\/wp\/v2\/posts"}],"about":[{"href":"https:\/\/www.europesays.com\/fr\/wp-json\/wp\/v2\/types\/post"}],"author":[{"embeddable":true,"href":"https:\/\/www.europesays.com\/fr\/wp-json\/wp\/v2\/users\/2"}],"replies":[{"embeddable":true,"href":"https:\/\/www.europesays.com\/fr\/wp-json\/wp\/v2\/comments?post=1156715"}],"version-history":[{"count":0,"href":"https:\/\/www.europesays.com\/fr\/wp-json\/wp\/v2\/posts\/1156715\/revisions"}],"wp:featuredmedia":[{"embeddable":true,"href":"https:\/\/www.europesays.com\/fr\/wp-json\/wp\/v2\/media\/1156716"}],"wp:attachment":[{"href":"https:\/\/www.europesays.com\/fr\/wp-json\/wp\/v2\/media?parent=1156715"}],"wp:term":[{"taxonomy":"category","embeddable":true,"href":"https:\/\/www.europesays.com\/fr\/wp-json\/wp\/v2\/categories?post=1156715"},{"taxonomy":"post_tag","embeddable":true,"href":"https:\/\/www.europesays.com\/fr\/wp-json\/wp\/v2\/tags?post=1156715"}],"curies":[{"name":"wp","href":"https:\/\/api.w.org\/{rel}","templated":true}]}}