{"id":115672,"date":"2025-05-21T01:13:11","date_gmt":"2025-05-21T01:13:11","guid":{"rendered":"https:\/\/www.europesays.com\/fr\/115672\/"},"modified":"2025-05-21T01:13:11","modified_gmt":"2025-05-21T01:13:11","slug":"agression-dune-surveillante-au-college-du-chambon-feugerolles-le-personnel-se-mobilise","status":"publish","type":"post","link":"https:\/\/www.europesays.com\/fr\/115672\/","title":{"rendered":"AGRESSION D&rsquo;UNE SURVEILLANTE AU COLL\u00c8GE DU CHAMBON-FEUGEROLLES : LE PERSONNEL SE MOBILISE"},"content":{"rendered":"<p>                <a href=\"https:\/\/42info.fr\/gagnez-vos-airpods-pro\/\" target=\"_blank\" aria-label=\"Gagnez Airpod\" rel=\"nofollow noopener\"><img loading=\"lazy\" decoding=\"async\" src=\"https:\/\/www.europesays.com\/fr\/wp-content\/uploads\/2025\/05\/Gagnez-Airpod-scaled.jpg\" alt=\"\"   width=\"2560\" height=\"960\"\/><\/a><\/p>\n<p>Une assistante d\u2019\u00e9ducation a \u00e9t\u00e9 bless\u00e9e en tentant de prot\u00e9ger une \u00e9l\u00e8ve victime de violence, soulevant des questions sur les conditions de travail et la s\u00e9curit\u00e9 dans l\u2019\u00e9tablissement.<\/p>\n<p>Les faits : une intervention qui tourne mal<\/p>\n<p>L\u2019incident s\u2019est produit jeudi 15 mai dans la cour de r\u00e9cr\u00e9ation du coll\u00e8ge Massenet-Fourneyron au Chambon-Feugerolles. Lors de la pause matinale, une assistante d\u2019\u00e9ducation \u00e2g\u00e9e de 42 ans a tent\u00e9 de s\u2019interposer pour secourir une adolescente qui subissait des violences de la part de quatre autres coll\u00e9giennes.<\/p>\n<p>En essayant d\u2019extraire la jeune victime de cette situation, la surveillante a elle-m\u00eame \u00e9t\u00e9 prise pour cible, recevant notamment des coups de sac dans le dos. Suite \u00e0 cette agression, la professionnelle, qui exerce dans l\u2019\u00e9tablissement depuis une dizaine d\u2019ann\u00e9es, s\u2019est vue prescrire un arr\u00eat de travail d\u2019une semaine. Selon ses coll\u00e8gues, elle souffre \u00ab\u00a0d\u2019ecchymoses, de contusions, du cou et du dos\u00a0\u00bb, sans compter l\u2019impact psychologique de cette attaque.<\/p>\n<p>Les quatre \u00e9l\u00e8ves impliqu\u00e9es dans l\u2019agression ont reconnu avoir port\u00e9 des coups \u00e0 leur camarade et ne pas avoir su s\u2019arr\u00eater lorsque l\u2019assistante d\u2019\u00e9ducation est intervenue. Elles ont \u00e9cop\u00e9 d\u2019une exclusion temporaire de huit jours.<\/p>\n<p>Un climat de tension croissante<\/p>\n<p>Pour le personnel de l\u2019\u00e9tablissement, cet \u00e9v\u00e9nement n\u2019est pas un incident isol\u00e9 mais l\u2019illustration d\u2019une d\u00e9gradation progressive du climat scolaire.  La source de cette agression serait \u00e0 chercher sur les r\u00e9seaux sociaux, o\u00f9 un \u00e9change d\u2019insultes aurait d\u00e9g\u00e9n\u00e9r\u00e9. Le personnel pointe \u00e9galement du doigt un probl\u00e8me de moyens. Selon eux, le coll\u00e8ge a perdu dix heures hebdomadaires d\u2019assistants d\u2019\u00e9ducation depuis 2020, alors m\u00eame que les effectifs d\u2019\u00e9l\u00e8ves augmentent et que l\u2019\u00e9tablissement accueille. Le matin de l\u2019incident, seulement deux assistants d\u2019\u00e9ducation \u00e9taient pr\u00e9sents dans la cour, tandis que l\u2019unique conseiller principal d\u2019\u00e9ducation (CPE) \u00e9tait en r\u00e9union \u00e0 l\u2019ext\u00e9rieur.<\/p>\n<p>Un mouvement de gr\u00e8ve pour alerter<\/p>\n<p>Suite \u00e0 cet incident qualifi\u00e9 de goutte d\u2019eau qui fait d\u00e9border le vase, la CGT Educ\u2019Action 42 a d\u00e9pos\u00e9 un pr\u00e9avis de gr\u00e8ve couvrant les personnels de l\u2019\u00c9ducation nationale travaillant dans l\u2019\u00e9tablissement du lundi 26 au mercredi 28 mai.<\/p>\n<p>Un rassemblement est pr\u00e9vu lundi d\u00e8s 7 heures \u00e0 l\u2019entr\u00e9e du coll\u00e8ge, avec un temps fort programm\u00e9 \u00e0 9h30. Les gr\u00e9vistes appellent \u00ab\u00a0les \u00e9lus, les parents d\u2019\u00e9l\u00e8ves, le personnel et tous ceux qui les soutiennent\u00a0\u00bb \u00e0 se joindre \u00e0 cette mobilisation.<\/p>\n<p>\u00ab\u00a0Nous ne voulons pas attendre qu\u2019un drame survienne pour \u00eatre entendus\u00a0\u00bb, d\u00e9clare le syndicat dans un courrier adress\u00e9 \u00e0 la rectrice de l\u2019acad\u00e9mie de Lyon et au directeur des services de l\u2019\u00c9ducation nationale dans la Loire.<\/p>\n<p>Des revendications concr\u00e8tes<\/p>\n<p>Le personnel et la CGT Educ\u2019Action 42 formulent plusieurs demandes pr\u00e9cises pour am\u00e9liorer les conditions de travail et d\u2019encadrement au sein de l\u2019\u00e9tablissement :<\/p>\n<ul class=\"wp-block-list\">\n<li>L\u2019affectation d\u2019un conseiller principal d\u2019\u00e9ducation suppl\u00e9mentaire<\/li>\n<li>L\u2019augmentation du nombre d\u2019assistants d\u2019\u00e9ducation (AED), avec \u00ab\u00a0a minima un \u00e9quivalent temps plein\u00a0\u00bb suppl\u00e9mentaire<\/li>\n<li>Le classement de l\u2019\u00e9tablissement en REP+ (R\u00e9seau d\u2019\u00c9ducation Prioritaire renforc\u00e9), ce qui permettrait \u00ab\u00a0d\u2019avoir plus de moyens humains et financiers\u00a0\u00bb<\/li>\n<\/ul>\n<p>La direction soutenue par le personnel<\/p>\n<p>Il est important de noter que le mouvement de contestation ne vise pas la direction de l\u2019\u00e9tablissement. Au contraire, le personnel tient \u00e0 souligner que leur action s\u2019adresse aux instances acad\u00e9miques et rectorales.<\/p>\n<p>\u00ab\u00a0Nous en appelons \u00e0 l\u2019acad\u00e9mie et au rectorat. Le mouvement de gr\u00e8ve n\u2019est pas contre la direction. Elle nous soutient, comme la pr\u00e9c\u00e9dente, et est aussi touch\u00e9e par la situation\u00a0\u00bb, pr\u00e9cise un membre du personnel. Selon les gr\u00e9vistes, l\u2019\u00e9quipe dirigeante est contrainte de \u00ab\u00a0faire de la vie scolaire et d\u2019avoir un r\u00f4le \u00e9ducatif au d\u00e9triment de leurs missions r\u00e9elles\u00a0\u00bb.<\/p>\n<p>Joao Pires, le principal du coll\u00e8ge, d\u00e9clare \u00ab\u00a0respecter le choix des personnels \u00e0 faire valoir leurs droits\u00a0\u00bb et affirme que \u00ab\u00a0chaque jour, les membres de l\u2019\u00e9tablissement font tout pour que les \u00e9l\u00e8ves puissent \u00e9voluer dans de bonnes conditions\u00a0\u00bb. Il reconna\u00eet l\u2019existence d\u2019incidents, \u00ab\u00a0comme partout\u00a0\u00bb, mais assure au Progr\u00e8s que \u00ab\u00a0globalement, \u00e7a fonctionne\u00a0\u00bb.<\/p>\n","protected":false},"excerpt":{"rendered":"Une assistante d\u2019\u00e9ducation a \u00e9t\u00e9 bless\u00e9e en tentant de prot\u00e9ger une \u00e9l\u00e8ve victime de violence, soulevant des questions&hellip;\n","protected":false},"author":2,"featured_media":115673,"comment_status":"","ping_status":"","sticky":false,"template":"","format":"standard","meta":{"footnotes":""},"categories":[9653],"tags":[1111,11,2430,23591,1777,674,118,1011,27,3367,12,25,4001],"class_list":{"0":"post-115672","1":"post","2":"type-post","3":"status-publish","4":"format-standard","5":"has-post-thumbnail","7":"category-saint-etienne","8":"tag-actu","9":"tag-actualites","10":"tag-auvergne-rhone-alpes","11":"tag-chambon-feugerolles","12":"tag-eu","13":"tag-europe","14":"tag-faits-divers","15":"tag-fr","16":"tag-france","17":"tag-loire","18":"tag-news","19":"tag-republique-francaise","20":"tag-saint-etienne"},"share_on_mastodon":{"url":"https:\/\/pubeurope.com\/@fr\/114543172265292419","error":""},"_links":{"self":[{"href":"https:\/\/www.europesays.com\/fr\/wp-json\/wp\/v2\/posts\/115672","targetHints":{"allow":["GET"]}}],"collection":[{"href":"https:\/\/www.europesays.com\/fr\/wp-json\/wp\/v2\/posts"}],"about":[{"href":"https:\/\/www.europesays.com\/fr\/wp-json\/wp\/v2\/types\/post"}],"author":[{"embeddable":true,"href":"https:\/\/www.europesays.com\/fr\/wp-json\/wp\/v2\/users\/2"}],"replies":[{"embeddable":true,"href":"https:\/\/www.europesays.com\/fr\/wp-json\/wp\/v2\/comments?post=115672"}],"version-history":[{"count":0,"href":"https:\/\/www.europesays.com\/fr\/wp-json\/wp\/v2\/posts\/115672\/revisions"}],"wp:featuredmedia":[{"embeddable":true,"href":"https:\/\/www.europesays.com\/fr\/wp-json\/wp\/v2\/media\/115673"}],"wp:attachment":[{"href":"https:\/\/www.europesays.com\/fr\/wp-json\/wp\/v2\/media?parent=115672"}],"wp:term":[{"taxonomy":"category","embeddable":true,"href":"https:\/\/www.europesays.com\/fr\/wp-json\/wp\/v2\/categories?post=115672"},{"taxonomy":"post_tag","embeddable":true,"href":"https:\/\/www.europesays.com\/fr\/wp-json\/wp\/v2\/tags?post=115672"}],"curies":[{"name":"wp","href":"https:\/\/api.w.org\/{rel}","templated":true}]}}