{"id":1156745,"date":"2026-08-30T05:03:31","date_gmt":"2026-08-30T05:03:31","guid":{"rendered":"https:\/\/www.europesays.com\/fr\/1156745\/"},"modified":"2026-08-30T05:03:31","modified_gmt":"2026-08-30T05:03:31","slug":"nancy-la-ville-decroche-un-label-recompensant-ses-efforts-pour-faire-baisser-la-pollution-lumineuse","status":"publish","type":"post","link":"https:\/\/www.europesays.com\/fr\/1156745\/","title":{"rendered":"Nancy. La ville d\u00e9croche un label r\u00e9compensant ses efforts pour faire baisser la pollution lumineuse"},"content":{"rendered":"<p>Un ciel \u00e9toil\u00e9, combien de citadins finissent par en oublier l\u2019existence\u00a0? Parce que trop de lumi\u00e8re ici-bas. Trop de vitrines flamboyantes, de panneaux publicitaires \u00e9blouissants, d\u2019\u00e9clairages publics intenses. Ce qu\u2019on appelle la pollution lumineuse. Et qui nous prive de ces instants de po\u00e9sie pure au spectacle d\u2019un ciel constell\u00e9.<\/p>\n<p>\u00ab\u00a0Mais surtout qui a un impact direct sur notre \u00e9cosyst\u00e8me et la biodiversit\u00e9\u00a0\u00bb, rappelle G\u00e9raldine Krin, adjointe d\u00e9l\u00e9gu\u00e9e \u00e0 la transition \u00e9cologique. \u00ab\u00a0On \u00e9voque souvent <a href=\"https:\/\/www.estrepublicain.fr\/environnement\/2026\/04\/15\/le-stress-urbain-une-contrainte-majeure-pour-les-populations-d-oiseaux\" target=\"_blank\" rel=\"nofollow noopener\">le cas des oiseaux<\/a> , qui finissent par confondre jour et nuit, et dont le rythme biologique en est perturb\u00e9.\u00a0\u00bb Ce qui n\u2019est pas sans impact sur leur bien-\u00eatre. \u00ab\u00a0Mais on sait moins que c\u2019est la 2e&#8230;<\/p>\n","protected":false},"excerpt":{"rendered":"Un ciel \u00e9toil\u00e9, combien de citadins finissent par en oublier l\u2019existence\u00a0? Parce que trop de lumi\u00e8re ici-bas. Trop&hellip;\n","protected":false},"author":2,"featured_media":1156746,"comment_status":"","ping_status":"","sticky":false,"template":"","format":"standard","meta":{"footnotes":"","_share_on_mastodon":"0"},"categories":[9635],"tags":[1111,11,1704,436,1777,674,1011,27,775,1702,1703,12,1800,25],"class_list":["post-1156745","post","type-post","status-publish","format-standard","has-post-thumbnail","category-nancy","tag-actu","tag-actualites","tag-edition-nancy-et-agglomeration","tag-environnement","tag-eu","tag-europe","tag-fr","tag-france","tag-grand-est","tag-nancy","tag-nancy-ville-54b","tag-news","tag-pollution","tag-republique-francaise"],"share_on_mastodon":{"url":"https:\/\/pubeurope.com\/@fr\/117182713391534085","error":""},"_links":{"self":[{"href":"https:\/\/www.europesays.com\/fr\/wp-json\/wp\/v2\/posts\/1156745","targetHints":{"allow":["GET"]}}],"collection":[{"href":"https:\/\/www.europesays.com\/fr\/wp-json\/wp\/v2\/posts"}],"about":[{"href":"https:\/\/www.europesays.com\/fr\/wp-json\/wp\/v2\/types\/post"}],"author":[{"embeddable":true,"href":"https:\/\/www.europesays.com\/fr\/wp-json\/wp\/v2\/users\/2"}],"replies":[{"embeddable":true,"href":"https:\/\/www.europesays.com\/fr\/wp-json\/wp\/v2\/comments?post=1156745"}],"version-history":[{"count":0,"href":"https:\/\/www.europesays.com\/fr\/wp-json\/wp\/v2\/posts\/1156745\/revisions"}],"wp:featuredmedia":[{"embeddable":true,"href":"https:\/\/www.europesays.com\/fr\/wp-json\/wp\/v2\/media\/1156746"}],"wp:attachment":[{"href":"https:\/\/www.europesays.com\/fr\/wp-json\/wp\/v2\/media?parent=1156745"}],"wp:term":[{"taxonomy":"category","embeddable":true,"href":"https:\/\/www.europesays.com\/fr\/wp-json\/wp\/v2\/categories?post=1156745"},{"taxonomy":"post_tag","embeddable":true,"href":"https:\/\/www.europesays.com\/fr\/wp-json\/wp\/v2\/tags?post=1156745"}],"curies":[{"name":"wp","href":"https:\/\/api.w.org\/{rel}","templated":true}]}}