{"id":1156759,"date":"2026-08-30T05:16:27","date_gmt":"2026-08-30T05:16:27","guid":{"rendered":"https:\/\/www.europesays.com\/fr\/1156759\/"},"modified":"2026-08-30T05:16:27","modified_gmt":"2026-08-30T05:16:27","slug":"grenoble-il-ny-avait-pas-de-tutoriels-sur-youtube-a-lepoque-jerome-loubet-a-la-tete-dun-des-plus-vieux-magasins-de-photos-de-france","status":"publish","type":"post","link":"https:\/\/www.europesays.com\/fr\/1156759\/","title":{"rendered":"Grenoble \u00ab\u00a0Il n\u2019y avait pas de tutoriels sur YouTube \u00e0 l\u2019\u00e9poque\u00a0\u00bb\u00a0: J\u00e9r\u00f4me Loubet, \u00e0 la t\u00eate d\u2019un des plus vieux magasins de photos de France"},"content":{"rendered":"<p>C\u2019est la caverne d\u2019Ali Baba des photographes, qu\u2019ils soient aguerris ou amateurs. Le lieu de tous les possibles, aussi, o\u00f9 un appareil qu\u2019on pensait perdu pour la patrie rena\u00eet de ses cendres gr\u00e2ce au talent d\u2019un seul homme, J\u00e9r\u00f4me Loubet. \u00c2g\u00e9 de 39 ans, ce dernier est le propri\u00e9taire du magasin Photo sur Cour, <a href=\"https:\/\/www.ledauphine.com\/actualite\/2018\/11\/04\/un-lieu-une-histoire-1889-2018-le-plus-vieux-studio-photo-de-grenoble\" target=\"_blank\" rel=\"nofollow noopener\">l\u2019un des plus anciens commerces de France<\/a>, avenue Gambetta, depuis sept ans.<\/p>\n<p>M\u00eame si \u00e7a ne pla\u00eet pas \u00e0 sa m\u00e8re, derri\u00e8re le comptoir en bois, les \u00e9tag\u00e8res d\u00e9bordent d\u2019appareils photos et d\u2019objectifs de toutes les \u00e9poques. Comme du temps de Luc Charrier, l\u2019ancien propri\u00e9taire de 2011 \u00e0 2019. C\u2019est lui qui, bluff\u00e9 par les talents de r\u00e9parateur de ce coll\u00e8gue qui travaillait \u00e0 son compte et&#8230;<\/p>\n","protected":false},"excerpt":{"rendered":"C\u2019est la caverne d\u2019Ali Baba des photographes, qu\u2019ils soient aguerris ou amateurs. Le lieu de tous les possibles,&hellip;\n","protected":false},"author":2,"featured_media":1156760,"comment_status":"","ping_status":"","sticky":false,"template":"","format":"standard","meta":{"footnotes":"","_share_on_mastodon":"0"},"categories":[9566],"tags":[1111,11,2430,4406,1687,33,112,1777,674,107,1011,27,2731,2732,108,6225,12,25],"class_list":["post-1156759","post","type-post","status-publish","format-standard","has-post-thumbnail","category-grenoble","tag-actu","tag-actualites","tag-auvergne-rhone-alpes","tag-commerce-et-services","tag-culture-loisirs","tag-economie","tag-edition-grenoble-agglomeration","tag-eu","tag-europe","tag-fil-info","tag-fr","tag-france","tag-grenoble","tag-grenoble-bassin","tag-isere","tag-la-matinale","tag-news","tag-republique-francaise"],"share_on_mastodon":{"url":"https:\/\/pubeurope.com\/@fr\/117182764296696604","error":""},"_links":{"self":[{"href":"https:\/\/www.europesays.com\/fr\/wp-json\/wp\/v2\/posts\/1156759","targetHints":{"allow":["GET"]}}],"collection":[{"href":"https:\/\/www.europesays.com\/fr\/wp-json\/wp\/v2\/posts"}],"about":[{"href":"https:\/\/www.europesays.com\/fr\/wp-json\/wp\/v2\/types\/post"}],"author":[{"embeddable":true,"href":"https:\/\/www.europesays.com\/fr\/wp-json\/wp\/v2\/users\/2"}],"replies":[{"embeddable":true,"href":"https:\/\/www.europesays.com\/fr\/wp-json\/wp\/v2\/comments?post=1156759"}],"version-history":[{"count":0,"href":"https:\/\/www.europesays.com\/fr\/wp-json\/wp\/v2\/posts\/1156759\/revisions"}],"wp:featuredmedia":[{"embeddable":true,"href":"https:\/\/www.europesays.com\/fr\/wp-json\/wp\/v2\/media\/1156760"}],"wp:attachment":[{"href":"https:\/\/www.europesays.com\/fr\/wp-json\/wp\/v2\/media?parent=1156759"}],"wp:term":[{"taxonomy":"category","embeddable":true,"href":"https:\/\/www.europesays.com\/fr\/wp-json\/wp\/v2\/categories?post=1156759"},{"taxonomy":"post_tag","embeddable":true,"href":"https:\/\/www.europesays.com\/fr\/wp-json\/wp\/v2\/tags?post=1156759"}],"curies":[{"name":"wp","href":"https:\/\/api.w.org\/{rel}","templated":true}]}}