{"id":1156765,"date":"2026-08-30T05:20:22","date_gmt":"2026-08-30T05:20:22","guid":{"rendered":"https:\/\/www.europesays.com\/fr\/1156765\/"},"modified":"2026-08-30T05:20:22","modified_gmt":"2026-08-30T05:20:22","slug":"strasbourg-le-centre-commercial-rivetoile-accueille-bientot-un-show-de-k-pop-gratuit","status":"publish","type":"post","link":"https:\/\/www.europesays.com\/fr\/1156765\/","title":{"rendered":"Strasbourg : le centre commercial Rivetoile accueille bient\u00f4t un show de K-pop gratuit"},"content":{"rendered":"<p>                    Par<br \/>\n        <strong><br \/>\n            <a href=\"https:\/\/actu.fr\/auteur\/ivan-capecchi\" title=\"Consulter tous les articles de Ivan CAPECCHI\" rel=\"nofollow noopener\" target=\"_blank\">Ivan CAPECCHI<\/a><br \/>\n                    <\/strong><\/p>\n<p>        Publi\u00e9 le<\/p>\n<p>            30 ao\u00fbt 2026 \u00e0 7h02        <\/p>\n<p>Le samedi 5 septembre 2026, le <a href=\"https:\/\/actu.fr\/grand-est\/strasbourg_67482\/centre-commercial-rivetoile-a-strasbourg-trois-nouveaux-commerces-font-leur-apparition_63571267.html\" rel=\"nofollow noopener\" target=\"_blank\">centre commercial Rivetoile<\/a>, \u00e0 <strong>Strasbourg<\/strong>, accueille un <strong>show de K-pop gratuit<\/strong>. Baptis\u00e9 <strong>\u00ab\u00a0K-POP Experience\u00a0\u00bb<\/strong>, l\u2019\u00e9v\u00e9nement se tiendra <strong>de 15h \u00e0 18h, place Dauphine.<\/strong><\/p>\n<p>Un show de K-pop 100 % f\u00e9minin<\/p>\n<p class=\" wall-content\">\u00c0 <strong>15h<\/strong>, un trio f\u00e9minin proposera un <strong>spectacle musical et chor\u00e9graphi\u00e9<\/strong> au rythme de plusieurs tubes du genre.<\/p>\n<p class=\" wall-content\">\u00c0 l\u2019issue du show, <strong>de 15h45 \u00e0 18h<\/strong>, le public pourra <strong>prendre des photos avec les artistes et obtenir des d\u00e9dicaces<\/strong>.<\/p>\n<p class=\" wall-content\">L\u2019\u00e9v\u00e9nement est <strong>gratuit<\/strong>.<\/p>\n<p class=\" wall-content\">Personnalisez votre actualit\u00e9 en ajoutant vos villes et m\u00e9dias en favori avec <a href=\"https:\/\/moncompte.actu.fr\" title=\"D\u00e9couvez Mon Actu\" rel=\"nofollow noopener\" data-trk=\"{&quot;cta&quot;:{&quot;action&quot;:&quot;https:\\\/\\\/moncompte.actu.fr&quot;,&quot;category&quot;:&quot;mon compte&quot;,&quot;from&quot;:&quot;article footer&quot;,&quot;name&quot;:&quot;Mon actu&quot;,&quot;type&quot;:&quot;cta&quot;}}\" target=\"_blank\">Mon Actu<\/a>.<\/p>\n","protected":false},"excerpt":{"rendered":"Par Ivan CAPECCHI Publi\u00e9 le 30 ao\u00fbt 2026 \u00e0 7h02 Le samedi 5 septembre 2026, le centre commercial&hellip;\n","protected":false},"author":2,"featured_media":1016239,"comment_status":"","ping_status":"","sticky":false,"template":"","format":"standard","meta":{"footnotes":"","_share_on_mastodon":"0"},"categories":[2820],"tags":[1111,11,1063,1777,674,1011,27,775,1652,12,25,15600,853,640],"class_list":["post-1156765","post","type-post","status-publish","format-standard","has-post-thumbnail","category-strasbourg","tag-actu","tag-actualites","tag-animations","tag-eu","tag-europe","tag-fr","tag-france","tag-grand-est","tag-loisirs-culture","tag-news","tag-republique-francaise","tag-rivetoile","tag-spectacles","tag-strasbourg"],"share_on_mastodon":{"url":"https:\/\/pubeurope.com\/@fr\/117182780075637779","error":""},"_links":{"self":[{"href":"https:\/\/www.europesays.com\/fr\/wp-json\/wp\/v2\/posts\/1156765","targetHints":{"allow":["GET"]}}],"collection":[{"href":"https:\/\/www.europesays.com\/fr\/wp-json\/wp\/v2\/posts"}],"about":[{"href":"https:\/\/www.europesays.com\/fr\/wp-json\/wp\/v2\/types\/post"}],"author":[{"embeddable":true,"href":"https:\/\/www.europesays.com\/fr\/wp-json\/wp\/v2\/users\/2"}],"replies":[{"embeddable":true,"href":"https:\/\/www.europesays.com\/fr\/wp-json\/wp\/v2\/comments?post=1156765"}],"version-history":[{"count":0,"href":"https:\/\/www.europesays.com\/fr\/wp-json\/wp\/v2\/posts\/1156765\/revisions"}],"wp:featuredmedia":[{"embeddable":true,"href":"https:\/\/www.europesays.com\/fr\/wp-json\/wp\/v2\/media\/1016239"}],"wp:attachment":[{"href":"https:\/\/www.europesays.com\/fr\/wp-json\/wp\/v2\/media?parent=1156765"}],"wp:term":[{"taxonomy":"category","embeddable":true,"href":"https:\/\/www.europesays.com\/fr\/wp-json\/wp\/v2\/categories?post=1156765"},{"taxonomy":"post_tag","embeddable":true,"href":"https:\/\/www.europesays.com\/fr\/wp-json\/wp\/v2\/tags?post=1156765"}],"curies":[{"name":"wp","href":"https:\/\/api.w.org\/{rel}","templated":true}]}}