{"id":1156766,"date":"2026-08-30T05:22:35","date_gmt":"2026-08-30T05:22:35","guid":{"rendered":"https:\/\/www.europesays.com\/fr\/1156766\/"},"modified":"2026-08-30T05:22:35","modified_gmt":"2026-08-30T05:22:35","slug":"tennis-de-table-elle-entrera-au-creps-de-strasbourg-a-la-rentree-avelina-dirment-nunez-12-ans-reve-dun-nouveau-podium-aux-euro-mini-champs","status":"publish","type":"post","link":"https:\/\/www.europesays.com\/fr\/1156766\/","title":{"rendered":"Tennis de table Elle entrera au CREPS de Strasbourg \u00e0 la rentr\u00e9e\u00a0: Avelina Dirment-Nunez, 12 ans, r\u00eave d\u2019un nouveau podium aux Euro Mini Champ\u2019s"},"content":{"rendered":"<p>Battue sur le fil l\u2019an dernier par la Lituanienne Kaja Tvorogal lors de la finale U11, Avelina Dirment-Nunez est mont\u00e9e d\u2019une cat\u00e9gorie, mais elle n\u2019en est pas moins ambitieuse. Une grosse douleur \u00e0 la gencive, dans la nuit de jeudi \u00e0 vendredi, puis durant toute la premi\u00e8re journ\u00e9e de comp\u00e9tition, n\u2019a pas \u00e9t\u00e9 loin de g\u00e2cher la f\u00eate de la joueuse locale.<\/p>\n<p>\u00ab\u00a0C\u2019\u00e9tait difficile mais j\u2019ai r\u00e9ussi \u00e0 tout gagner lors de cette premi\u00e8re journ\u00e9e, explique la Strasbourgeoise \u00e2g\u00e9e de 12 ans. J\u2019avais vraiment trop mal avec un fil de mes bagues qui rentrait dans ma gencive. Le soir, je suis all\u00e9e&#8230;<\/p>\n","protected":false},"excerpt":{"rendered":"Battue sur le fil l\u2019an dernier par la Lituanienne Kaja Tvorogal lors de la finale U11, Avelina Dirment-Nunez&hellip;\n","protected":false},"author":2,"featured_media":1156767,"comment_status":"","ping_status":"","sticky":false,"template":"","format":"standard","meta":{"footnotes":"","_share_on_mastodon":"0"},"categories":[2820],"tags":[1111,11,2649,2880,1777,674,1011,27,775,12,25,5512,517,640,2879,16149],"class_list":["post-1156766","post","type-post","status-publish","format-standard","has-post-thumbnail","category-strasbourg","tag-actu","tag-actualites","tag-bas-rhin","tag-edition-strasbourg","tag-eu","tag-europe","tag-fr","tag-france","tag-grand-est","tag-news","tag-republique-francaise","tag-schiltigheim","tag-sport","tag-strasbourg","tag-strasbourg-ville","tag-tennis-de-table"],"share_on_mastodon":{"url":"https:\/\/pubeurope.com\/@fr\/117182787862896997","error":""},"_links":{"self":[{"href":"https:\/\/www.europesays.com\/fr\/wp-json\/wp\/v2\/posts\/1156766","targetHints":{"allow":["GET"]}}],"collection":[{"href":"https:\/\/www.europesays.com\/fr\/wp-json\/wp\/v2\/posts"}],"about":[{"href":"https:\/\/www.europesays.com\/fr\/wp-json\/wp\/v2\/types\/post"}],"author":[{"embeddable":true,"href":"https:\/\/www.europesays.com\/fr\/wp-json\/wp\/v2\/users\/2"}],"replies":[{"embeddable":true,"href":"https:\/\/www.europesays.com\/fr\/wp-json\/wp\/v2\/comments?post=1156766"}],"version-history":[{"count":0,"href":"https:\/\/www.europesays.com\/fr\/wp-json\/wp\/v2\/posts\/1156766\/revisions"}],"wp:featuredmedia":[{"embeddable":true,"href":"https:\/\/www.europesays.com\/fr\/wp-json\/wp\/v2\/media\/1156767"}],"wp:attachment":[{"href":"https:\/\/www.europesays.com\/fr\/wp-json\/wp\/v2\/media?parent=1156766"}],"wp:term":[{"taxonomy":"category","embeddable":true,"href":"https:\/\/www.europesays.com\/fr\/wp-json\/wp\/v2\/categories?post=1156766"},{"taxonomy":"post_tag","embeddable":true,"href":"https:\/\/www.europesays.com\/fr\/wp-json\/wp\/v2\/tags?post=1156766"}],"curies":[{"name":"wp","href":"https:\/\/api.w.org\/{rel}","templated":true}]}}