{"id":1156838,"date":"2026-08-30T06:18:15","date_gmt":"2026-08-30T06:18:15","guid":{"rendered":"https:\/\/www.europesays.com\/fr\/1156838\/"},"modified":"2026-08-30T06:18:15","modified_gmt":"2026-08-30T06:18:15","slug":"dijon-le-rappeur-lujipeka-au-golden-coast-festival-les-gens-sont-la-pour-faire-la-fete","status":"publish","type":"post","link":"https:\/\/www.europesays.com\/fr\/1156838\/","title":{"rendered":"Dijon. Le rappeur Lujipeka au Golden Coast festival : \u00ab\u00a0Les gens sont l\u00e0 pour faire la f\u00eate\u00a0\u00bb"},"content":{"rendered":"<blockquote class=\"question\"><p>Comment vous vous pr\u00e9parez avant de monter sur sc\u00e8ne\u00a0?<\/p><\/blockquote>\n<p>\u00ab\u00a0Franchement, en mode sport, on s\u2019\u00e9chauffe, surtout la voix. C\u2019est surtout important. C\u2019est aussi un petit moment de communion avec l\u2019\u00e9quipe. On se motive toujours ensemble.\u00a0\u00bb<\/p>\n<blockquote class=\"question\"><p>C\u2019est quelque chose qui a \u00e9volu\u00e9 depuis le d\u00e9but de votre carri\u00e8re\u00a0?<\/p><\/blockquote>\n<p>\u00ab\u00a0Non, justement, c\u2019est presque devenu un TOC. Il faut que je le fasse, que je prenne ce petit moment avec mon \u00e9quipe, comme s j\u2019allais faire vraiment une \u00e9preuve sportive.\u00a0\u00bb<\/p>\n<blockquote class=\"question\"><p>Est-ce que vous avez un rituel\u00a0?<\/p><\/blockquote>\n<p>\u00ab\u00a0Je bois toujours une infusion avec du vrai gingembre. C\u2019est mon premier \u201cing\u00e9\u201d son qui m\u2019avait fait d\u00e9couvrir \u00e7a et c\u2019est devenu un rituel. Si je ne le fais pas, je sens qu\u2019il va me manquer un truc.\u00a0\u00bb<\/p>\n<blockquote class=\"question\"><p>Comment calibrez-vous un concert de festival\u00a0?<\/p><\/blockquote>\n<p>\u00ab\u00a0Le show en festival est plus rentre-dedans, on y va moins <\/p>\n","protected":false},"excerpt":{"rendered":"Comment vous vous pr\u00e9parez avant de monter sur sc\u00e8ne\u00a0? \u00ab\u00a0Franchement, en mode sport, on s\u2019\u00e9chauffe, surtout la voix.&hellip;\n","protected":false},"author":2,"featured_media":1156839,"comment_status":"","ping_status":"","sticky":false,"template":"","format":"standard","meta":{"footnotes":"","_share_on_mastodon":"0"},"categories":[1355],"tags":[1687,2930,8587,58,8588,59,107,1011,27,43794,1361,873],"class_list":["post-1156838","post","type-post","status-publish","format-standard","has-post-thumbnail","category-musique","tag-culture-loisirs","tag-dijon","tag-dijon-ville","tag-divertissement","tag-edition-dijon-et-son-agglomeration","tag-entertainment","tag-fil-info","tag-fr","tag-france","tag-golden-coast-festival","tag-music","tag-musique"],"share_on_mastodon":{"url":"https:\/\/pubeurope.com\/@fr\/117183008274509637","error":""},"_links":{"self":[{"href":"https:\/\/www.europesays.com\/fr\/wp-json\/wp\/v2\/posts\/1156838","targetHints":{"allow":["GET"]}}],"collection":[{"href":"https:\/\/www.europesays.com\/fr\/wp-json\/wp\/v2\/posts"}],"about":[{"href":"https:\/\/www.europesays.com\/fr\/wp-json\/wp\/v2\/types\/post"}],"author":[{"embeddable":true,"href":"https:\/\/www.europesays.com\/fr\/wp-json\/wp\/v2\/users\/2"}],"replies":[{"embeddable":true,"href":"https:\/\/www.europesays.com\/fr\/wp-json\/wp\/v2\/comments?post=1156838"}],"version-history":[{"count":0,"href":"https:\/\/www.europesays.com\/fr\/wp-json\/wp\/v2\/posts\/1156838\/revisions"}],"wp:featuredmedia":[{"embeddable":true,"href":"https:\/\/www.europesays.com\/fr\/wp-json\/wp\/v2\/media\/1156839"}],"wp:attachment":[{"href":"https:\/\/www.europesays.com\/fr\/wp-json\/wp\/v2\/media?parent=1156838"}],"wp:term":[{"taxonomy":"category","embeddable":true,"href":"https:\/\/www.europesays.com\/fr\/wp-json\/wp\/v2\/categories?post=1156838"},{"taxonomy":"post_tag","embeddable":true,"href":"https:\/\/www.europesays.com\/fr\/wp-json\/wp\/v2\/tags?post=1156838"}],"curies":[{"name":"wp","href":"https:\/\/api.w.org\/{rel}","templated":true}]}}