{"id":1156863,"date":"2026-08-30T06:36:13","date_gmt":"2026-08-30T06:36:13","guid":{"rendered":"https:\/\/www.europesays.com\/fr\/1156863\/"},"modified":"2026-08-30T06:36:13","modified_gmt":"2026-08-30T06:36:13","slug":"meteo-quel-temps-est-il-prevu-a-vandoeuvre-les-nancy-et-ses-environs-le-dimanche-30-aout-2026","status":"publish","type":"post","link":"https:\/\/www.europesays.com\/fr\/1156863\/","title":{"rendered":"M\u00e9t\u00e9o. Quel temps est-il pr\u00e9vu \u00e0 Vand\u0153uvre-l\u00e8s-Nancy et ses environs le dimanche 30 ao\u00fbt 2026 ?"},"content":{"rendered":"<p data-ofstats-scroll=\"read_depth_20\">La matin\u00e9e d\u00e9butera sous un ciel couvert, avec une temp\u00e9rature voisine de 18 \u00b0C avant de se rafra\u00eechir l\u00e9g\u00e8rement puis de remonter pour atteindre 20 \u00b0C en fin de matin\u00e9e. Le vent soufflera d\u2019abord depuis le Sud-Ouest \u00e0 15 km\/h avec des rafales pouvant atteindre 40 km\/h, puis s\u2019orientera vers l\u2019Ouest-Sud-Ouest, restant proche de 10 \u00e0 15 km\/h et conservant des rafales entre 30 et 40 km\/h. La n\u00e9bulosit\u00e9 restera marqu\u00e9e, tandis que l\u2019humidit\u00e9 diminuera au fil des heures.<\/p>\n<p data-ofstats-scroll=\"read_depth_40\">L\u2019apr\u00e8s-midi, dans le prolongement de cette matin\u00e9e grise, le ciel restera tr\u00e8s nuageux, devenant couvert d\u00e8s le d\u00e9but de la p\u00e9riode avant de laisser place \u00e0 un voile de nuages \u00e9lev\u00e9s en fin de journ\u00e9e. Le vent soufflera d\u2019abord de l\u2019Ouest-Sud-Ouest puis du Sud-Ouest, g\u00e9n\u00e9ralement autour de 15 km\/h, avec des rafales pouvant atteindre 35 km\/h avant de faiblir \u00e0 10 km\/h et 30 km\/h en rafales. Les temp\u00e9ratures monteront progressivement de 20 \u00b0C \u00e0 23 \u00b0C, tandis que l\u2019air deviendra l\u00e9g\u00e8rement plus sec.<\/p>\n<p data-ofstats-scroll=\"read_depth_50\">En soir\u00e9e, dans la continuit\u00e9 de l\u2019apr\u00e8s-midi, la temp\u00e9rature restera stable autour de 23 \u00b0C avant de diminuer progressivement vers 21 \u00b0C en fin de tranche horaire. Le vent restera g\u00e9n\u00e9ralement faible \u00e0 mod\u00e9r\u00e9 entre 5 et 10 km\/h, mais se renforcera nettement vers 23 h pour atteindre 20 km\/h avec des rafales \u00e0 40 km\/h, tournant de Sud-Ouest vers Ouest-Sud-Ouest puis Ouest. Le ciel passera d\u2019un voile de nuages \u00e9lev\u00e9s \u00e0 un ciel durablement couvert, tandis que l\u2019humidit\u00e9 augmentera nettement au fil des heures.<\/p>\n<p data-ofstats-scroll=\"read_depth_70\">Au cours de la nuit, dans un air redevenu plus humide, la temp\u00e9rature passera progressivement de 20 \u00b0C \u00e0 16 \u00b0C en fin de p\u00e9riode. Le vent restera g\u00e9n\u00e9ralement faible \u00e0 mod\u00e9r\u00e9, variant de 5 km\/h \u00e0 15 km\/h, avec des rafales pouvant atteindre 40 km\/h. Les pr\u00e9cipitations \u00e9volueront d\u2019une bruine soutenue en d\u00e9but de nuit vers une pluie mod\u00e9r\u00e9e, puis laisseront place \u00e0 un ciel nuageux avant un retour \u00e0 un ciel couvert. L\u2019humidit\u00e9 se maintiendra \u00e9lev\u00e9e, tandis que le vent tournera du Sud-Ouest vers l\u2019Ouest-Sud-Ouest.<\/p>\n<p data-ofstats-scroll=\"read_depth_90\">Demain, apr\u00e8s cette nuit humide et agit\u00e9e, la journ\u00e9e d\u00e9butera avec une temp\u00e9rature proche de 16 \u00b0C et un ciel totalement couvert, accompagn\u00e9e d\u2019un vent d\u2019Ouest-Sud-Ouest \u00e0 15 km\/h, avec des rafales pouvant atteindre 40 km\/h dans une atmosph\u00e8re tr\u00e8s humide. En cours de matin\u00e9e, le vent s\u2019orientera Sud-Ouest et se stabilisera autour de 20 km\/h. La couverture nuageuse se morcellera progressivement, l\u2019humidit\u00e9 reculera, tandis que les temp\u00e9ratures monteront jusqu\u2019\u00e0 environ 21 \u00b0C en fin d\u2019apr\u00e8s-midi.<\/p>\n<p data-ofstats-scroll=\"read_depth_90\"><a href=\"https:\/\/www.ouest-france.fr\/meteo\/grand-est\/vandoeuvre-les-nancy-54500\/\" rel=\"nofollow noopener\" target=\"_blank\">Suivez la m\u00e9t\u00e9o de votre commune en temps r\u00e9el<\/a><\/p>\n<p data-ofstats-scroll=\"read_depth_100\">Ouest-France vous donne \u00e9galement la possibilit\u00e9 de conna\u00eetre la m\u00e9t\u00e9o de votre commune, heure par heure, sur notre page m\u00e9t\u00e9o d\u00e9di\u00e9e<\/p>\n","protected":false},"excerpt":{"rendered":"La matin\u00e9e d\u00e9butera sous un ciel couvert, avec une temp\u00e9rature voisine de 18 \u00b0C avant de se rafra\u00eechir&hellip;\n","protected":false},"author":2,"featured_media":1104360,"comment_status":"","ping_status":"","sticky":false,"template":"","format":"standard","meta":{"footnotes":"","_share_on_mastodon":"0"},"categories":[9635],"tags":[1111,11,11734,1777,674,1011,27,775,1702,9847,12,25,24495,5711],"class_list":["post-1156863","post","type-post","status-publish","format-standard","has-post-thumbnail","category-nancy","tag-actu","tag-actualites","tag-bois-de-haye","tag-eu","tag-europe","tag-fr","tag-france","tag-grand-est","tag-nancy","tag-neuves-maisons","tag-news","tag-republique-francaise","tag-richardmenil","tag-vandoeuvre-les-nancy"],"share_on_mastodon":{"url":"https:\/\/pubeurope.com\/@fr\/117183079155659833","error":""},"_links":{"self":[{"href":"https:\/\/www.europesays.com\/fr\/wp-json\/wp\/v2\/posts\/1156863","targetHints":{"allow":["GET"]}}],"collection":[{"href":"https:\/\/www.europesays.com\/fr\/wp-json\/wp\/v2\/posts"}],"about":[{"href":"https:\/\/www.europesays.com\/fr\/wp-json\/wp\/v2\/types\/post"}],"author":[{"embeddable":true,"href":"https:\/\/www.europesays.com\/fr\/wp-json\/wp\/v2\/users\/2"}],"replies":[{"embeddable":true,"href":"https:\/\/www.europesays.com\/fr\/wp-json\/wp\/v2\/comments?post=1156863"}],"version-history":[{"count":0,"href":"https:\/\/www.europesays.com\/fr\/wp-json\/wp\/v2\/posts\/1156863\/revisions"}],"wp:featuredmedia":[{"embeddable":true,"href":"https:\/\/www.europesays.com\/fr\/wp-json\/wp\/v2\/media\/1104360"}],"wp:attachment":[{"href":"https:\/\/www.europesays.com\/fr\/wp-json\/wp\/v2\/media?parent=1156863"}],"wp:term":[{"taxonomy":"category","embeddable":true,"href":"https:\/\/www.europesays.com\/fr\/wp-json\/wp\/v2\/categories?post=1156863"},{"taxonomy":"post_tag","embeddable":true,"href":"https:\/\/www.europesays.com\/fr\/wp-json\/wp\/v2\/tags?post=1156863"}],"curies":[{"name":"wp","href":"https:\/\/api.w.org\/{rel}","templated":true}]}}