{"id":1156864,"date":"2026-08-30T06:37:13","date_gmt":"2026-08-30T06:37:13","guid":{"rendered":"https:\/\/www.europesays.com\/fr\/1156864\/"},"modified":"2026-08-30T06:37:13","modified_gmt":"2026-08-30T06:37:13","slug":"meteo-quel-temps-fera-t-il-a-toulon-et-ses-environs-le-dimanche-30-aout-2026","status":"publish","type":"post","link":"https:\/\/www.europesays.com\/fr\/1156864\/","title":{"rendered":"M\u00e9t\u00e9o. Quel temps fera-t-il \u00e0 Toulon et ses environs le dimanche 30 ao\u00fbt 2026 ?"},"content":{"rendered":"<p data-ofstats-scroll=\"read_depth_20\">La matin\u00e9e du dimanche 30 ao\u00fbt 2026 se d\u00e9roulera sous un ciel enti\u00e8rement d\u00e9gag\u00e9, sans \u00e9volution notable de la n\u00e9bulosit\u00e9. Les temp\u00e9ratures, d\u00e9j\u00e0 douces au lever du jour, passeront progressivement de 22 \u00b0C \u00e0 27 \u00b0C en fin de matin\u00e9e. Le vent restera faible, parfois nul, puis se renforcera l\u00e9g\u00e8rement jusqu\u2019\u00e0 5 km\/h avec des rafales pouvant atteindre 10 km\/h, tournant de l\u2019Est vers l\u2019Ouest-Sud-Ouest puis le Sud-Sud-Ouest. L\u2019humidit\u00e9 diminuera au fil des heures.<\/p>\n<p data-ofstats-scroll=\"read_depth_30\">L\u2019apr\u00e8s-midi prolongera ces conditions calmes, sous un ciel clair et d\u00e9gag\u00e9, toujours sans changement significatif de la n\u00e9bulosit\u00e9. Les temp\u00e9ratures monteront progressivement pour se stabiliser autour de 30 \u00b0C entre le milieu et la fin de journ\u00e9e. Le vent, d\u2019abord orient\u00e9 Sud-Sud-Ouest, basculera vers le Sud-Ouest puis l\u2019Ouest-Sud-Ouest, en se renfor\u00e7ant nettement : de 5 \u00e0 10 km\/h en d\u00e9but d\u2019apr\u00e8s-midi, il atteindra 15 km\/h avec des rafales passant de 20 \u00e0 35 km\/h. L\u2019humidit\u00e9 diminuera au fil des heures.<\/p>\n<p data-ofstats-scroll=\"read_depth_50\">En soir\u00e9e, dans le prolongement de cette apr\u00e8s-midi chaude, les temp\u00e9ratures baisseront progressivement, passant d\u2019environ 30 \u00b0C en d\u00e9but de soir\u00e9e \u00e0 25 \u00b0C vers 23 h. Le vent, d\u2019abord \u00e9tabli \u00e0 15 km\/h avec des rafales pouvant atteindre 35 km\/h, faiblira autour de 5 km\/h, avec des rafales entre 15 et 25 km\/h, et basculera de l\u2019Ouest-Sud-Ouest vers le Nord-Ouest. Le ciel restera globalement d\u00e9gag\u00e9, ne devenant que l\u00e9g\u00e8rement nuageux en fin de soir\u00e9e, tandis que l\u2019humidit\u00e9 augmentera.<\/p>\n<p data-ofstats-scroll=\"read_depth_70\">La nuit prendra le relais de cette soir\u00e9e plus humide, avec une temp\u00e9rature restant \u00e9lev\u00e9e, passant progressivement de 25 \u00b0C en d\u00e9but de p\u00e9riode \u00e0 22 \u00b0C vers l\u2019aube. Le vent, d\u2019abord faible entre 5 et 10 km\/h avec des rafales pouvant atteindre 20 km\/h, orient\u00e9 Nord-Ouest puis Ouest, basculera ensuite Sud-Sud-Ouest puis Sud, en devenant quasi nul en fin de nuit. Le ciel, clair en premi\u00e8re partie de nuit, se chargera pour laisser place \u00e0 un voile de nuages \u00e9lev\u00e9s en fin de p\u00e9riode, tandis que l\u2019humidit\u00e9 augmentera l\u00e9g\u00e8rement.<\/p>\n<p data-ofstats-scroll=\"read_depth_90\">Demain, dans le prolongement de cette nuit douce et voil\u00e9e, la temp\u00e9rature de l\u2019air restera agr\u00e9able en d\u00e9but de matin\u00e9e autour de 22 \u00b0C, puis augmentera nettement pour atteindre environ 33 \u00b0C en fin d\u2019apr\u00e8s-midi. Le ciel passera d\u2019un voile de nuages \u00e9lev\u00e9s \u00e0 un aspect bien plus d\u00e9gag\u00e9, avec seulement quelques nuages dispers\u00e9s. L\u2019humidit\u00e9 reculera avant de remonter en fin de journ\u00e9e. Le vent basculera du Sud-Sud-Est vers l\u2019Ouest, passant de 0 \u00e0 15 km\/h, avec des rafales pouvant atteindre 40 km\/h.<\/p>\n<p data-ofstats-scroll=\"read_depth_90\"><a href=\"https:\/\/www.ouest-france.fr\/meteo\/provence-alpes-cote-dazur\/toulon-83000\/\" rel=\"nofollow noopener\" target=\"_blank\">Suivez la m\u00e9t\u00e9o de votre commune en temps r\u00e9el<\/a><\/p>\n<p data-ofstats-scroll=\"read_depth_100\">Ouest-France vous donne \u00e9galement la possibilit\u00e9 de conna\u00eetre la m\u00e9t\u00e9o de votre commune, heure par heure, sur notre page m\u00e9t\u00e9o d\u00e9di\u00e9e<\/p>\n","protected":false},"excerpt":{"rendered":"La matin\u00e9e du dimanche 30 ao\u00fbt 2026 se d\u00e9roulera sous un ciel enti\u00e8rement d\u00e9gag\u00e9, sans \u00e9volution notable de&hellip;\n","protected":false},"author":2,"featured_media":1156865,"comment_status":"","ping_status":"","sticky":false,"template":"","format":"standard","meta":{"footnotes":"","_share_on_mastodon":"0"},"categories":[9619],"tags":[1111,11,1777,674,1011,27,44394,77217,18323,12,882,25,80953,30989,80954,2310],"class_list":["post-1156864","post","type-post","status-publish","format-standard","has-post-thumbnail","category-toulon","tag-actu","tag-actualites","tag-eu","tag-europe","tag-fr","tag-france","tag-la-garde","tag-la-seyne-sur-mer","tag-la-valette-du-var","tag-news","tag-provence-alpes-cote-dazur","tag-republique-francaise","tag-saint-mandrier-sur-mer","tag-six-fours-les-plages","tag-sollies-toucas","tag-toulon"],"share_on_mastodon":{"url":"https:\/\/pubeurope.com\/@fr\/117183082808936128","error":""},"_links":{"self":[{"href":"https:\/\/www.europesays.com\/fr\/wp-json\/wp\/v2\/posts\/1156864","targetHints":{"allow":["GET"]}}],"collection":[{"href":"https:\/\/www.europesays.com\/fr\/wp-json\/wp\/v2\/posts"}],"about":[{"href":"https:\/\/www.europesays.com\/fr\/wp-json\/wp\/v2\/types\/post"}],"author":[{"embeddable":true,"href":"https:\/\/www.europesays.com\/fr\/wp-json\/wp\/v2\/users\/2"}],"replies":[{"embeddable":true,"href":"https:\/\/www.europesays.com\/fr\/wp-json\/wp\/v2\/comments?post=1156864"}],"version-history":[{"count":0,"href":"https:\/\/www.europesays.com\/fr\/wp-json\/wp\/v2\/posts\/1156864\/revisions"}],"wp:featuredmedia":[{"embeddable":true,"href":"https:\/\/www.europesays.com\/fr\/wp-json\/wp\/v2\/media\/1156865"}],"wp:attachment":[{"href":"https:\/\/www.europesays.com\/fr\/wp-json\/wp\/v2\/media?parent=1156864"}],"wp:term":[{"taxonomy":"category","embeddable":true,"href":"https:\/\/www.europesays.com\/fr\/wp-json\/wp\/v2\/categories?post=1156864"},{"taxonomy":"post_tag","embeddable":true,"href":"https:\/\/www.europesays.com\/fr\/wp-json\/wp\/v2\/tags?post=1156864"}],"curies":[{"name":"wp","href":"https:\/\/api.w.org\/{rel}","templated":true}]}}