{"id":1156871,"date":"2026-08-30T06:45:20","date_gmt":"2026-08-30T06:45:20","guid":{"rendered":"https:\/\/www.europesays.com\/fr\/1156871\/"},"modified":"2026-08-30T06:45:20","modified_gmt":"2026-08-30T06:45:20","slug":"en-images-comment-cette-ecole-iseroise-a-chasse-2800-m%c2%b2-de-bitume-de-sa-cour","status":"publish","type":"post","link":"https:\/\/www.europesays.com\/fr\/1156871\/","title":{"rendered":"En images. Comment cette \u00e9cole is\u00e9roise a chass\u00e9 2800 m\u00b2 de bitume de sa cour"},"content":{"rendered":"<p> En moins de deux mois, le temps des vacances d\u2019\u00e9t\u00e9, la cour des \u00e9coliers de l\u2019\u00e9l\u00e9mentaire Paul-Langevin \u00e0 \u00c9chirolles, a \u00e9t\u00e9 m\u00e9tamorphos\u00e9e. La Ville a en effet men\u00e9 un grand chantier de renaturation pour faire la part belle au v\u00e9g\u00e9tal, \u00e0 l\u2019eau, \u00e0 l\u2019ombre (\u00e0 terme) et aux nouveaux jeux et usages. Un chantier \u00e0 358\u00a0000\u00a0\u20ac et un r\u00e9sultat assez bluffant. D\u00e9couvrez en images par quoi les 2\u00a0800\u00a0m\u00b2 de bitume d\u00e9truits ont \u00e9t\u00e9 remplac\u00e9s.<\/p>\n","protected":false},"excerpt":{"rendered":"En moins de deux mois, le temps des vacances d\u2019\u00e9t\u00e9, la cour des \u00e9coliers de l\u2019\u00e9l\u00e9mentaire Paul-Langevin \u00e0&hellip;\n","protected":false},"author":2,"featured_media":1156872,"comment_status":"","ping_status":"","sticky":false,"template":"","format":"standard","meta":{"footnotes":"","_share_on_mastodon":"0"},"categories":[9566],"tags":[1111,11,2430,4749,6698,9852,9853,112,1057,436,1777,674,1011,27,2798,2731,108,10425,12,25,12817],"class_list":["post-1156871","post","type-post","status-publish","format-standard","has-post-thumbnail","category-grenoble","tag-actu","tag-actualites","tag-auvergne-rhone-alpes","tag-btp-et-chantiers","tag-canicule","tag-echirolles","tag-echirolles-bassin","tag-edition-grenoble-agglomeration","tag-education","tag-environnement","tag-eu","tag-europe","tag-fr","tag-france","tag-galerie-photo","tag-grenoble","tag-isere","tag-maternelle-elementaire","tag-news","tag-republique-francaise","tag-secheresse"],"share_on_mastodon":{"url":"https:\/\/pubeurope.com\/@fr\/117183114604184613","error":""},"_links":{"self":[{"href":"https:\/\/www.europesays.com\/fr\/wp-json\/wp\/v2\/posts\/1156871","targetHints":{"allow":["GET"]}}],"collection":[{"href":"https:\/\/www.europesays.com\/fr\/wp-json\/wp\/v2\/posts"}],"about":[{"href":"https:\/\/www.europesays.com\/fr\/wp-json\/wp\/v2\/types\/post"}],"author":[{"embeddable":true,"href":"https:\/\/www.europesays.com\/fr\/wp-json\/wp\/v2\/users\/2"}],"replies":[{"embeddable":true,"href":"https:\/\/www.europesays.com\/fr\/wp-json\/wp\/v2\/comments?post=1156871"}],"version-history":[{"count":0,"href":"https:\/\/www.europesays.com\/fr\/wp-json\/wp\/v2\/posts\/1156871\/revisions"}],"wp:featuredmedia":[{"embeddable":true,"href":"https:\/\/www.europesays.com\/fr\/wp-json\/wp\/v2\/media\/1156872"}],"wp:attachment":[{"href":"https:\/\/www.europesays.com\/fr\/wp-json\/wp\/v2\/media?parent=1156871"}],"wp:term":[{"taxonomy":"category","embeddable":true,"href":"https:\/\/www.europesays.com\/fr\/wp-json\/wp\/v2\/categories?post=1156871"},{"taxonomy":"post_tag","embeddable":true,"href":"https:\/\/www.europesays.com\/fr\/wp-json\/wp\/v2\/tags?post=1156871"}],"curies":[{"name":"wp","href":"https:\/\/api.w.org\/{rel}","templated":true}]}}