{"id":1156900,"date":"2026-08-30T07:06:15","date_gmt":"2026-08-30T07:06:15","guid":{"rendered":"https:\/\/www.europesays.com\/fr\/1156900\/"},"modified":"2026-08-30T07:06:15","modified_gmt":"2026-08-30T07:06:15","slug":"les-maries-haut-de-gamme-sont-prives-de-feu-dartifice-pour-leurs-noces-laffaire-se-regle-en-justice","status":"publish","type":"post","link":"https:\/\/www.europesays.com\/fr\/1156900\/","title":{"rendered":"Les mari\u00e9s \u00ab\u00a0haut-de-gamme\u00a0\u00bb sont priv\u00e9s de feu d&rsquo;artifice pour leurs noces, l&rsquo;affaire se r\u00e8gle en justice"},"content":{"rendered":"<p>                    Par<br \/>\n        <strong><br \/>\n            <a href=\"https:\/\/actu.fr\/auteur\/fabien-binacchi\" title=\"Consulter tous les articles de Fabien Binacchi\" rel=\"nofollow noopener\" target=\"_blank\">Fabien Binacchi<\/a><br \/>\n                    <\/strong><\/p>\n<p>        Publi\u00e9 le<\/p>\n<p>            30 ao\u00fbt 2026 \u00e0 7h04        <\/p>\n<p>Une juge des r\u00e9f\u00e9r\u00e9s du tribunal administratif de <a href=\"https:\/\/actu.fr\/marseille\/\" rel=\"nofollow noopener\" target=\"_blank\">Marseille<\/a> a d\u00e9bout\u00e9 une entreprise sp\u00e9cialis\u00e9e dans les \u00ab\u2009spectacles pyrotechniques\u2009\u00bb qui ne comprenait pas <strong>pourquoi elle avait \u00e9t\u00e9 interdite de tirer un feu d\u2019artifice<\/strong> cet \u00e9t\u00e9 dans le massif des Alpilles.<br \/>Mill\u00e9toiles \u2013 bas\u00e9e \u00e0 <a href=\"https:\/\/actu.fr\/provence-alpes-cote-d-azur\/meyrargues_13059\" rel=\"nofollow noopener\" target=\"_blank\">Meyrargues<\/a> (<a href=\"https:\/\/actu.fr\/provence-alpes-cote-d-azur\/bouches-du-rhone_13\" rel=\"nofollow noopener\" target=\"_blank\">Bouches-du-Rh\u00f4ne<\/a>) et qui se pr\u00e9sente comme <strong>\u00ab\u2009un prestataire cinq \u00e9toiles\u2009\u00bb pour des \u00ab\u2009clients haut-de-gamme\u2009\u00bb<\/strong> \u2013 devait en effet intervenir le 8\u00a0ao\u00fbt 2026 au\u00a0Mas de la M\u00e9rindole, sur un \u00ab\u2009terrain priv\u00e9\u2009\u00bb de <a href=\"https:\/\/actu.fr\/provence-alpes-cote-d-azur\/fontvieille_13038\" rel=\"nofollow noopener\" target=\"_blank\">Fontvieille<\/a> (Bouches-du-Rh\u00f4ne), \u00ab\u2009dans le cadre des festivit\u00e9s d\u2019un mariage\u2009\u00bb.<\/p>\n<p>\u00ab\u2009Une s\u00e9cheresse marqu\u00e9e\u2009\u00bb<\/p>\n<p class=\" wall-content\">Mais son \u00ab\u2009spectacle pyrotechnique\u2009\u00bb avait \u00e9t\u00e9 interdit par le maire de la commune le 22\u00a0juillet 2026\u2009: G\u00e9rard Garnier (divers gauche) avait invoqu\u00e9 <strong>un \u00ab\u2009risque d\u2019incendie\u2009\u00bb et \u00ab\u2009un danger imminent de propagation aux parcelles et habitations environnantes\u2009\u00bb<\/strong> en raison des \u00ab\u2009conditions m\u00e9t\u00e9orologiques \u00e0 la date de l\u2019arr\u00eat\u00e9\u2009\u00bb.<\/p>\n<p class=\" wall-content\">Elles \u00e9taient en effet \u00ab\u2009caract\u00e9ris\u00e9es par une s\u00e9cheresse marqu\u00e9e, des temp\u00e9ratures \u00e9lev\u00e9es et une faible hygrom\u00e9trie du sol et de la v\u00e9g\u00e9tation\u2009\u00bb, r\u00e9sume la juge des r\u00e9f\u00e9r\u00e9s du tribunal administratif de Marseille.<\/p>\n<p class=\" wall-content\">La soci\u00e9t\u00e9 de Jean-David et Isabelle Gallet avait d\u00e8s lors d\u00e9pos\u00e9 une requ\u00eate en r\u00e9f\u00e9r\u00e9 aupr\u00e8s du tribunal, une proc\u00e9dure d\u2019urgence\u2009: cette interdiction allait lui causer <strong>un \u00ab\u2009pr\u00e9judice grave et imm\u00e9diat\u2009\u00bb<\/strong> car le spectacle \u00e9tait \u00ab\u2009pr\u00e9vu \u00e0 br\u00e8ve \u00e9ch\u00e9ance\u2009\u00bb et \u00ab\u2009durant la saison estivale\u2009\u00bb.<\/p>\n<p class=\" wall-content\">Elle \u00ab\u2009l\u2019emp\u00eache de respecter ses obligations contractuelles\u2009\u00bb \u00e0 l\u2019\u00e9gard des organisateurs, de \u00ab\u2009mobiliser les moyens humains et techniques \u00e0 l\u2019organisation du spectacle\u2009\u00bb, de \u00ab\u2009finaliser la pr\u00e9paration artistique et technique\u2009\u00bb et \u00ab\u2009d\u2019en propose des adaptations\u2009\u00bb.<\/p>\n<p>\u00ab\u2009L\u2019interdiction du spectacle est disproportionn\u00e9e\u2009\u00bb<\/p>\n<p class=\" wall-content\">Mill\u00e9toiles voulait aussi \u00ab\u2009pr\u00e9server son chiffre d\u2019affaires\u2009\u00bb, au nom de \u00ab\u2009la libert\u00e9 du commerce et de l\u2019industrie\u2009\u00bb,<strong> le spectacle en question \u00ab\u2009ne pouvant avoir lieu \u00e0 une autre date\u2009\u00bb.<\/strong> Le maire de Fontvieille avait en tout \u00e9tat de cause commis une \u00ab\u2009erreur de fait\u2009\u00bb puisqu\u2019il n\u2019y avait pas de \u00ab\u2009situation de s\u00e9cheresse et de canicule\u2009\u00bb le jour o\u00f9 il avait pris son arr\u00eat\u00e9.<\/p>\n<p class=\" wall-content\">\u00ab\u2009L\u2019interdiction du spectacle est disproportionn\u00e9e\u2009: elle ne tient pas compte du risque d\u2019incendie au jour du spectacle ni des particularit\u00e9s du site o\u00f9 celui-ci est organis\u00e9\u2009\u00bb, se plaignaient les artificiers.<\/p>\n<p>Une requ\u00eate \u00ab\u2009manifestement mal fond\u00e9e\u2009\u00bb<\/p>\n<p class=\" wall-content\">Mais \u00ab\u2009le juge des r\u00e9f\u00e9r\u00e9s peut, par une ordonnance motiv\u00e9e, rejeter une requ\u00eate sans instruction ni audience notamment lorsqu\u2019elle est d\u00e9nu\u00e9e d\u2019urgence ou qu\u2019il appara\u00eet manifeste [\u2026] que celle-ci est mal fond\u00e9e\u2009\u00bb, commence par rappeler la juge des r\u00e9f\u00e9r\u00e9s du tribunal administratif de Marseille dans une ordonnance en date du 24\u00a0juillet 2026 qui vient d\u2019\u00eatre rendue publique.<\/p>\n<p class=\" wall-content\">Or \u00ab\u2009en l\u2019\u00e9tat de l\u2019instruction\u2009\u00bb, \u00ab\u2009aucun\u2009\u00bb des arguments de la soci\u00e9t\u00e9 ne lui semble \u00ab\u2009propre \u00e0 cr\u00e9er un doute s\u00e9rieux quant \u00e0 la l\u00e9galit\u00e9\u2009\u00bb de l\u2019arr\u00eat\u00e9 municipal.<\/p>\n<p class=\" wall-content\">Cette requ\u00eate \u00ab\u2009manifestement mal fond\u00e9e\u2009\u00bb a donc \u00e9t\u00e9 \u00ab\u2009rejet\u00e9e\u2009\u00bb. <strong>Le tribunal administratif de Marseille se repenchera toutefois sur le dossier dans les prochains mois,<\/strong> par le biais cette fois-ci d\u2019une formation coll\u00e9giale de trois juges\u2009: si la d\u00e9cision venait \u00e0 \u00eatre annul\u00e9e a posteriori, Mill\u00e9toiles pourrait demander des d\u00e9dommagements \u00e0 la mairie.<\/p>\n<p class=\" wall-content\"><strong>GF \/ PressPepper<\/strong><\/p>\n<p class=\" wall-content\">Personnalisez votre actualit\u00e9 en ajoutant vos villes et m\u00e9dias en favori avec <a href=\"https:\/\/moncompte.actu.fr\" title=\"D\u00e9couvez Mon Actu\" rel=\"nofollow noopener\" data-trk=\"{&quot;cta&quot;:{&quot;action&quot;:&quot;https:\\\/\\\/moncompte.actu.fr&quot;,&quot;category&quot;:&quot;mon compte&quot;,&quot;from&quot;:&quot;article footer&quot;,&quot;name&quot;:&quot;Mon actu&quot;,&quot;type&quot;:&quot;cta&quot;}}\" target=\"_blank\">Mon Actu<\/a>.<\/p>\n","protected":false},"excerpt":{"rendered":"Par Fabien Binacchi Publi\u00e9 le 30 ao\u00fbt 2026 \u00e0 7h04 Une juge des r\u00e9f\u00e9r\u00e9s du tribunal administratif de&hellip;\n","protected":false},"author":2,"featured_media":1156901,"comment_status":"","ping_status":"","sticky":false,"template":"","format":"standard","meta":{"footnotes":"","_share_on_mastodon":"0"},"categories":[2814],"tags":[1111,11,1777,674,16701,1011,27,303,1930,884,12,882,25,104],"class_list":["post-1156900","post","type-post","status-publish","format-standard","has-post-thumbnail","category-marseille","tag-actu","tag-actualites","tag-eu","tag-europe","tag-feu-dartifice","tag-fr","tag-france","tag-justice","tag-mariage","tag-marseille","tag-news","tag-provence-alpes-cote-dazur","tag-republique-francaise","tag-societe"],"share_on_mastodon":{"url":"https:\/\/pubeurope.com\/@fr\/117183197194677438","error":""},"_links":{"self":[{"href":"https:\/\/www.europesays.com\/fr\/wp-json\/wp\/v2\/posts\/1156900","targetHints":{"allow":["GET"]}}],"collection":[{"href":"https:\/\/www.europesays.com\/fr\/wp-json\/wp\/v2\/posts"}],"about":[{"href":"https:\/\/www.europesays.com\/fr\/wp-json\/wp\/v2\/types\/post"}],"author":[{"embeddable":true,"href":"https:\/\/www.europesays.com\/fr\/wp-json\/wp\/v2\/users\/2"}],"replies":[{"embeddable":true,"href":"https:\/\/www.europesays.com\/fr\/wp-json\/wp\/v2\/comments?post=1156900"}],"version-history":[{"count":0,"href":"https:\/\/www.europesays.com\/fr\/wp-json\/wp\/v2\/posts\/1156900\/revisions"}],"wp:featuredmedia":[{"embeddable":true,"href":"https:\/\/www.europesays.com\/fr\/wp-json\/wp\/v2\/media\/1156901"}],"wp:attachment":[{"href":"https:\/\/www.europesays.com\/fr\/wp-json\/wp\/v2\/media?parent=1156900"}],"wp:term":[{"taxonomy":"category","embeddable":true,"href":"https:\/\/www.europesays.com\/fr\/wp-json\/wp\/v2\/categories?post=1156900"},{"taxonomy":"post_tag","embeddable":true,"href":"https:\/\/www.europesays.com\/fr\/wp-json\/wp\/v2\/tags?post=1156900"}],"curies":[{"name":"wp","href":"https:\/\/api.w.org\/{rel}","templated":true}]}}