{"id":1156910,"date":"2026-08-30T07:11:16","date_gmt":"2026-08-30T07:11:16","guid":{"rendered":"https:\/\/www.europesays.com\/fr\/1156910\/"},"modified":"2026-08-30T07:11:16","modified_gmt":"2026-08-30T07:11:16","slug":"grand-frais-na-toujours-pas-de-magasin-a-paris-mais-son-petit-frere-y-ouvre-une-8e-adresse","status":"publish","type":"post","link":"https:\/\/www.europesays.com\/fr\/1156910\/","title":{"rendered":"Grand Frais n&rsquo;a toujours pas de magasin \u00e0 Paris, mais son petit fr\u00e8re y ouvre une 8e adresse"},"content":{"rendered":"<p>                    Par<br \/>\n        <strong><br \/>\n            <a href=\"https:\/\/actu.fr\/auteur\/thomas-martin\" title=\"Consulter tous les articles de Thomas Martin\" rel=\"nofollow noopener\" target=\"_blank\">Thomas Martin<\/a><br \/>\n                    <\/strong><\/p>\n<p>        Publi\u00e9 le<\/p>\n<p>            30 ao\u00fbt 2026 \u00e0 8h42        <\/p>\n<p>Les amateurs de <a href=\"https:\/\/actu.fr\/societe\/25-nouveaux-grand-frais-a-la-place-de-gifi-la-liste-officielle-des-premieres-villes-ou-les-magasins-vont-ouvrir_64207065.html\" rel=\"nofollow noopener\" target=\"_blank\">Grand Frais<\/a> le savent : pour remplir leur panier dans l\u2019une des c\u00e9l\u00e8bres halles de l\u2019enseigne, les Parisiens doivent encore sortir de la capitale. Mais son petit fr\u00e8re, lui, y prend progressivement ses quartiers. <a href=\"https:\/\/actu.fr\/ile-de-france\/paris_75056\/mon-marche-la-version-citadine-de-grand-frais-ouvre-a-paris-ou-trouver-le-nouveau-supermarche_64113865.html\" rel=\"nofollow noopener\" target=\"_blank\">Mon-march\u00e9.fr<\/a> va ouvrir un nouveau magasin dans le 14e arrondissement de Paris, mercredi 16 septembre 2026. Il sera install\u00e9 au 53, rue Raymond-Losserand, \u00e0 quelques pas du m\u00e9tro Pernety, en lieu et place d\u2019un Franprix. Il s\u2019agira du huiti\u00e8me point de vente physique de l\u2019enseigne et d\u00e9j\u00e0 du deuxi\u00e8me l\u2019arrondissement, \u00e0 quelques encablures de <a href=\"https:\/\/actu.fr\/tag\/montparnasse\" rel=\"nofollow noopener\" target=\"_blank\">Montparnasse<\/a>.\u00a0<\/p>\n<p>Un air de Grand Frais en plein Paris<\/p>\n<p class=\" wall-content\">Derri\u00e8re ce nom encore beaucoup moins connu que Grand Frais se trouve en r\u00e9alit\u00e9 une m\u00eame maison. Mon-march\u00e9.fr est int\u00e9gr\u00e9 depuis 2020 \u00e0 Prosol, l\u2019entit\u00e9 \u00e0 l\u2019origine de Grand Frais. Celle-ci d\u00e9veloppe \u00e9galement les enseignes fresh, La Boulangerie du March\u00e9 ou encore Banco Fresco en Italie.<\/p>\n<p class=\" wall-content\">Le principe de mon-march\u00e9.fr pourrait ainsi se r\u00e9sumer \u00e0 une sorte de Grand Frais adapt\u00e9 \u00e0 la ville : des magasins plus petits, implant\u00e9s au c\u0153ur des quartiers et compl\u00e9t\u00e9s par un service de courses en ligne et de livraison \u00e0 domicile.<\/p>\n<p class=\" wall-content\">Et la filiation avec Grand Frais se retrouve directement dans les rayons. L\u2019enseigne annonce une s\u00e9lection des produits qui font le succ\u00e8s de Grand Frais et de fresh, avec plus de 1 500 r\u00e9f\u00e9rences au total.<\/p>\n<p>200 fruits et l\u00e9gumes chaque jour<\/p>\n<p class=\" wall-content\">Dans les 410 m\u00b2 de la nouvelle adresse parisienne, les clients trouveront notamment 200 fruits et l\u00e9gumes diff\u00e9rents chaque jour, provenant en grande partie de partenariats directs avec plus de 700 producteurs fran\u00e7ais.<\/p>\n<p class=\" wall-content\">S\u2019y ajouteront la quasi-totalit\u00e9 des AOP fromag\u00e8res et cr\u00e9mi\u00e8res fran\u00e7aises, du poisson provenant de 33 cri\u00e9es fran\u00e7aises, de la viande ainsi que des produits traiteur et de snacking.<\/p>\n<p class=\" wall-content\">Pour son ouverture, le magasin proposera deux journ\u00e9es d\u2019animations, les mercredi 16 et samedi 19 septembre, avec notamment un petit-d\u00e9jeuner offert de 9 heures \u00e0 10 h 30.<\/p>\n<p>Mon-march\u00e9.fr, 53, rue Raymond-Losserand, Paris 14e. M\u00e9tro Pernety (ligne 13). Ouvert du lundi au samedi de 8h30 \u00e0 21 heures et le dimanche de 8h30 \u00e0 12h30.<\/p>\n<p class=\" wall-content\">Personnalisez votre actualit\u00e9 en ajoutant vos villes et m\u00e9dias en favori avec <a href=\"https:\/\/moncompte.actu.fr\" title=\"D\u00e9couvez Mon Actu\" rel=\"nofollow noopener\" data-trk=\"{&quot;cta&quot;:{&quot;action&quot;:&quot;https:\\\/\\\/moncompte.actu.fr&quot;,&quot;category&quot;:&quot;mon compte&quot;,&quot;from&quot;:&quot;article footer&quot;,&quot;name&quot;:&quot;Mon actu&quot;,&quot;type&quot;:&quot;cta&quot;}}\" target=\"_blank\">Mon Actu<\/a>.<\/p>\n","protected":false},"excerpt":{"rendered":"Par Thomas Martin Publi\u00e9 le 30 ao\u00fbt 2026 \u00e0 8h42 Les amateurs de Grand Frais le savent :&hellip;\n","protected":false},"author":2,"featured_media":1156911,"comment_status":"","ping_status":"","sticky":false,"template":"","format":"standard","meta":{"footnotes":"","_share_on_mastodon":"0"},"categories":[1888],"tags":[1111,1928,11,1927,215,33,1777,674,1011,27,11674,12,1926,3147,626,1925,25],"class_list":["post-1156910","post","type-post","status-publish","format-standard","has-post-thumbnail","category-paris","tag-actu","tag-actu-paris","tag-actualites","tag-actualites-paris","tag-commerce","tag-economie","tag-eu","tag-europe","tag-fr","tag-france","tag-montparnasse","tag-news","tag-news-paris","tag-nouveaux-commerces","tag-paris","tag-paris-news","tag-republique-francaise"],"share_on_mastodon":{"url":"https:\/\/pubeurope.com\/@fr\/117183216842068738","error":""},"_links":{"self":[{"href":"https:\/\/www.europesays.com\/fr\/wp-json\/wp\/v2\/posts\/1156910","targetHints":{"allow":["GET"]}}],"collection":[{"href":"https:\/\/www.europesays.com\/fr\/wp-json\/wp\/v2\/posts"}],"about":[{"href":"https:\/\/www.europesays.com\/fr\/wp-json\/wp\/v2\/types\/post"}],"author":[{"embeddable":true,"href":"https:\/\/www.europesays.com\/fr\/wp-json\/wp\/v2\/users\/2"}],"replies":[{"embeddable":true,"href":"https:\/\/www.europesays.com\/fr\/wp-json\/wp\/v2\/comments?post=1156910"}],"version-history":[{"count":0,"href":"https:\/\/www.europesays.com\/fr\/wp-json\/wp\/v2\/posts\/1156910\/revisions"}],"wp:featuredmedia":[{"embeddable":true,"href":"https:\/\/www.europesays.com\/fr\/wp-json\/wp\/v2\/media\/1156911"}],"wp:attachment":[{"href":"https:\/\/www.europesays.com\/fr\/wp-json\/wp\/v2\/media?parent=1156910"}],"wp:term":[{"taxonomy":"category","embeddable":true,"href":"https:\/\/www.europesays.com\/fr\/wp-json\/wp\/v2\/categories?post=1156910"},{"taxonomy":"post_tag","embeddable":true,"href":"https:\/\/www.europesays.com\/fr\/wp-json\/wp\/v2\/tags?post=1156910"}],"curies":[{"name":"wp","href":"https:\/\/api.w.org\/{rel}","templated":true}]}}