{"id":1156926,"date":"2026-08-30T07:24:26","date_gmt":"2026-08-30T07:24:26","guid":{"rendered":"https:\/\/www.europesays.com\/fr\/1156926\/"},"modified":"2026-08-30T07:24:26","modified_gmt":"2026-08-30T07:24:26","slug":"das-neue-welle-auftaktrennen-baden-baden-allemagne-30-08-2026-partants-pronostics-et-resultats-en-videos-course-1","status":"publish","type":"post","link":"https:\/\/www.europesays.com\/fr\/1156926\/","title":{"rendered":"DAS NEUE WELLE AUFTAKTRENNEN &#8211; BADEN-BADEN (Allemagne) &#8211; 30\/08\/2026 : partants, pronostics et r\u00e9sultats en vid\u00e9os &#8211; Course 1"},"content":{"rendered":"<p _ngcontent-serverapp-c2764344627=\"\" class=\"ticket-prono--analysis--description--title\"> L&rsquo;analyse de la course <\/p>\n<p>OPHIRA (8) reste sur une excellente sortie dans un lot sup\u00e9rieur. Troisi\u00e8me de son seul essai sur cette piste et associ\u00e9 \u00e0 Benjamin Marie, WINGS OF GLORY (2) est certainement capable d&rsquo;ouvrir son palmar\u00e8s. Jug\u00e9e sur sa r\u00e9cente prestation au Touquet, AMAZING GIRL (6) a les moyens de s&rsquo;imposer. RAKIGIANA (10) a de l&rsquo;exp\u00e9rience et s&rsquo;\u00e9lancera le long du rail.<\/p>\n","protected":false},"excerpt":{"rendered":"L&rsquo;analyse de la course OPHIRA (8) reste sur une excellente sortie dans un lot sup\u00e9rieur. Troisi\u00e8me de son&hellip;\n","protected":false},"author":2,"featured_media":57877,"comment_status":"","ping_status":"","sticky":false,"template":"","format":"standard","meta":{"footnotes":"","_share_on_mastodon":"0"},"categories":[1587],"tags":[11,672,1804,1805,1803,1777,674,1801,12,1802],"class_list":["post-1156926","post","type-post","status-publish","format-standard","has-post-thumbnail","category-allemagne","tag-actualites","tag-allemagne","tag-bundesrepublik-deutschland","tag-de","tag-deutschland","tag-eu","tag-europe","tag-germany","tag-news","tag-republique-federale-dallemagne"],"share_on_mastodon":{"url":"","error":""},"_links":{"self":[{"href":"https:\/\/www.europesays.com\/fr\/wp-json\/wp\/v2\/posts\/1156926","targetHints":{"allow":["GET"]}}],"collection":[{"href":"https:\/\/www.europesays.com\/fr\/wp-json\/wp\/v2\/posts"}],"about":[{"href":"https:\/\/www.europesays.com\/fr\/wp-json\/wp\/v2\/types\/post"}],"author":[{"embeddable":true,"href":"https:\/\/www.europesays.com\/fr\/wp-json\/wp\/v2\/users\/2"}],"replies":[{"embeddable":true,"href":"https:\/\/www.europesays.com\/fr\/wp-json\/wp\/v2\/comments?post=1156926"}],"version-history":[{"count":0,"href":"https:\/\/www.europesays.com\/fr\/wp-json\/wp\/v2\/posts\/1156926\/revisions"}],"wp:featuredmedia":[{"embeddable":true,"href":"https:\/\/www.europesays.com\/fr\/wp-json\/wp\/v2\/media\/57877"}],"wp:attachment":[{"href":"https:\/\/www.europesays.com\/fr\/wp-json\/wp\/v2\/media?parent=1156926"}],"wp:term":[{"taxonomy":"category","embeddable":true,"href":"https:\/\/www.europesays.com\/fr\/wp-json\/wp\/v2\/categories?post=1156926"},{"taxonomy":"post_tag","embeddable":true,"href":"https:\/\/www.europesays.com\/fr\/wp-json\/wp\/v2\/tags?post=1156926"}],"curies":[{"name":"wp","href":"https:\/\/api.w.org\/{rel}","templated":true}]}}