{"id":115695,"date":"2025-05-21T01:29:05","date_gmt":"2025-05-21T01:29:05","guid":{"rendered":"https:\/\/www.europesays.com\/fr\/115695\/"},"modified":"2025-05-21T01:29:05","modified_gmt":"2025-05-21T01:29:05","slug":"photos-cest-quoi-cet-exercice-grandeur-nature-qui-sest-tenu-ce-mardi-a-la-cathedrale-de-strasbourg","status":"publish","type":"post","link":"https:\/\/www.europesays.com\/fr\/115695\/","title":{"rendered":"PHOTOS. C&rsquo;est quoi cet exercice grandeur nature qui s&rsquo;est tenu ce mardi \u00e0 la cath\u00e9drale de Strasbourg\u00a0?"},"content":{"rendered":"<p>            Par<br \/>\n        <strong><br \/>\n            <a href=\"https:\/\/actu.fr\/auteur\/ivan-capecchi\" title=\"Consulter tous les articles de Ivan CAPECCHI\" target=\"_blank\" rel=\"noopener\">Ivan CAPECCHI<\/a><br \/>\n        <\/strong><\/p>\n<p>        Publi\u00e9 le<\/p>\n<p>            20 mai 2025 \u00e0 18h07        <\/p>\n<p>Un <a href=\"https:\/\/actu.fr\/grand-est\/strasbourg_67482\/securite-civile-un-exercice-grandeur-nature-bientot-organisee-a-la-cathedrale-de-strasbourg_62572498.html\" target=\"_blank\" rel=\"noopener\">exercice de s\u00e9curit\u00e9<\/a> civile s\u2019est d\u00e9roul\u00e9 ce mardi 20\u00a0mai 2025 apr\u00e8s-midi au niveau de la <a href=\"https:\/\/actu.fr\/tag\/cathedrale-de-strasbourg\" target=\"_blank\" rel=\"noopener\">cath\u00e9drale de Strasbourg<\/a>.<\/p>\n<p class=\" wall-content\">Organis\u00e9e par la pr\u00e9fecture du Bas-Rhin, l\u2019op\u00e9ration visait \u00e0 tester le <strong>plan de sauvegarde des biens culturels de la cath\u00e9drale<\/strong>, dans le contexte d\u2019apr\u00e8s <a href=\"https:\/\/actu.fr\/ile-de-france\/paris_75056\/incendie-de-notre-dame-les-images-avant-apres-de-la-cathedrale-on-retrouve-l-ame-du-quartier_60945185.html\" target=\"_blank\" rel=\"noopener\">incendie de Notre-Dame de Paris<\/a>, qui a \u00ab\u2009mis en exergue la vuln\u00e9rabilit\u00e9 des \u00e9tablissements culturels et cultuels et <strong>l\u2019importance de travailler \u00e0 la sauvegarde des \u0153uvres<\/strong>\u2009\u00bb, peut-on lire dans un dossier de presse.<\/p>\n<p>Pr\u00e9server les \u0153uvres de la cath\u00e9drale lors d\u2019un incendie<\/p>\n<p class=\" wall-content\">\u00ab\u2009On a simul\u00e9 un <strong>feu de toiture<\/strong> avec un <strong>important risque de propagation<\/strong> et de sinistre \u00e0 la totalit\u00e9 de la toiture de la nef, avec comme objectif la <strong>protection des \u0153uvres historiques<\/strong>\u2009\u00bb, r\u00e9capitule le capitaine Claude Boehm, officier presse.<\/p>\n<p class=\" wall-content\">\u00ab\u2009L\u2019objectif \u00e9tait \u00e0 la fois de <strong>simuler une incidence sur les \u0153uvres par les d\u00e9g\u00e2ts des eaux<\/strong> mais aussi par les <strong>effondrements de mat\u00e9riaux<\/strong> \u2013 comme on avait pu le voir lors de l\u2019incendie de Notre-Dame de Paris \u2013 mais aussi de mettre en avant notre technique et nos ressources pour \u00e9vacuer ces \u0153uvres ou les prot\u00e9ger\u2009\u00bb, d\u00e9veloppe-t-il.<\/p>\n<p>Vid\u00e9os : en ce moment sur Actu<\/p>\n<blockquote class=\"ac-article-quote wall-content\">\n<p>Ce qui est pr\u00e9vu dans le plan de sauvegarde, c&rsquo;est de sortir en priorit\u00e9 les \u0153uvres qui [peuvent l&rsquo;\u00eatre] et, toutes celles qui ne peuvent pas \u00eatre \u00e9vacu\u00e9es pour des probl\u00e8mes de gabarit, de fragilit\u00e9 ou de poids, sont pr\u00e9serv\u00e9es sur place, avec des ossatures mont\u00e9es sur-mesure, du b\u00e2chage sur-mesure&#8230; On travaille sur la protection des \u0153uvres en les laissant en place tout au long du sinistre.<\/p>\n<p>    <strong>Claude Boehm<\/strong><br \/>\n        Officier presse    <\/p><\/blockquote>\n<p class=\" wall-content\">\u00ab\u2009Dans la globalit\u00e9, <strong>tout s\u2019est bien d\u00e9roul\u00e9<\/strong>, le timing a \u00e9t\u00e9 respect\u00e9 et le feu a \u00e9t\u00e9 circonscrit relativement rapidement et dans les r\u00e8gles\u2009\u00bb, ach\u00e8ve M. Boehm.<\/p>\n<p>De nombreux services engag\u00e9s<\/p>\n<p class=\" wall-content\">L\u2019exercice a mobilis\u00e9 plusieurs services, dont la <strong>pr\u00e9fecture<\/strong>, les <a href=\"https:\/\/actu.fr\/tag\/pompiers\" target=\"_blank\" rel=\"noopener\">sapeurs-pompiers<\/a>, la <a href=\"https:\/\/actu.fr\/tag\/police\" target=\"_blank\" rel=\"noopener\">police<\/a> nationale, la direction r\u00e9gionale des affaires culturelles (DRAC), la Fondation de l\u2019\u0152uvre Notre-Dame, la Ville de Strasbourg et le Conseil de fabrique.<\/p>\n<p class=\" wall-content\">Des <strong>moyens terrestres et a\u00e9riens<\/strong> ont \u00e9t\u00e9 engag\u00e9s sur la place du Ch\u00e2teau et le parvis de la cath\u00e9drale, <strong>ferm\u00e9s pour l\u2019occasion<\/strong> afin d\u2019assurer le bon d\u00e9roulement de l\u2019op\u00e9ration. Des <strong>fum\u00e9es artificielles<\/strong> ont \u00e9t\u00e9 utilis\u00e9es pour renforcer le r\u00e9alisme de l\u2019intervention.<\/p>\n<p class=\" wall-content\">Suivez toute l\u2019actualit\u00e9 de vos villes et m\u00e9dias favoris en vous inscrivant \u00e0 <a href=\"https:\/\/moncompte.actu.fr\" title=\"D\u00e9couvez Mon Actu\" rel=\"nofollow noopener\" data-trk=\"{&quot;cta&quot;:{&quot;action&quot;:&quot;https:\\\/\\\/moncompte.actu.fr&quot;,&quot;category&quot;:&quot;mon compte&quot;,&quot;from&quot;:&quot;article footer&quot;,&quot;name&quot;:&quot;Mon actu&quot;,&quot;type&quot;:&quot;cta&quot;}}\" target=\"_blank\">Mon Actu<\/a>.<\/p>\n","protected":false},"excerpt":{"rendered":"Par Ivan CAPECCHI Publi\u00e9 le 20 mai 2025 \u00e0 18h07 Un exercice de s\u00e9curit\u00e9 civile s\u2019est d\u00e9roul\u00e9 ce&hellip;\n","protected":false},"author":2,"featured_media":115696,"comment_status":"","ping_status":"","sticky":false,"template":"","format":"standard","meta":{"footnotes":""},"categories":[2820],"tags":[1111,11,12430,1777,674,1011,27,775,12,1072,1311,25,104,640],"class_list":{"0":"post-115695","1":"post","2":"type-post","3":"status-publish","4":"format-standard","5":"has-post-thumbnail","7":"category-strasbourg","8":"tag-actu","9":"tag-actualites","10":"tag-cathedrale-de-strasbourg","11":"tag-eu","12":"tag-europe","13":"tag-fr","14":"tag-france","15":"tag-grand-est","16":"tag-news","17":"tag-police","18":"tag-pompiers","19":"tag-republique-francaise","20":"tag-societe","21":"tag-strasbourg"},"share_on_mastodon":{"url":"https:\/\/pubeurope.com\/@fr\/114543235110210981","error":""},"_links":{"self":[{"href":"https:\/\/www.europesays.com\/fr\/wp-json\/wp\/v2\/posts\/115695","targetHints":{"allow":["GET"]}}],"collection":[{"href":"https:\/\/www.europesays.com\/fr\/wp-json\/wp\/v2\/posts"}],"about":[{"href":"https:\/\/www.europesays.com\/fr\/wp-json\/wp\/v2\/types\/post"}],"author":[{"embeddable":true,"href":"https:\/\/www.europesays.com\/fr\/wp-json\/wp\/v2\/users\/2"}],"replies":[{"embeddable":true,"href":"https:\/\/www.europesays.com\/fr\/wp-json\/wp\/v2\/comments?post=115695"}],"version-history":[{"count":0,"href":"https:\/\/www.europesays.com\/fr\/wp-json\/wp\/v2\/posts\/115695\/revisions"}],"wp:featuredmedia":[{"embeddable":true,"href":"https:\/\/www.europesays.com\/fr\/wp-json\/wp\/v2\/media\/115696"}],"wp:attachment":[{"href":"https:\/\/www.europesays.com\/fr\/wp-json\/wp\/v2\/media?parent=115695"}],"wp:term":[{"taxonomy":"category","embeddable":true,"href":"https:\/\/www.europesays.com\/fr\/wp-json\/wp\/v2\/categories?post=115695"},{"taxonomy":"post_tag","embeddable":true,"href":"https:\/\/www.europesays.com\/fr\/wp-json\/wp\/v2\/tags?post=115695"}],"curies":[{"name":"wp","href":"https:\/\/api.w.org\/{rel}","templated":true}]}}