{"id":1156997,"date":"2026-08-30T08:27:14","date_gmt":"2026-08-30T08:27:14","guid":{"rendered":"https:\/\/www.europesays.com\/fr\/1156997\/"},"modified":"2026-08-30T08:27:14","modified_gmt":"2026-08-30T08:27:14","slug":"festival-strasorgues-un-final-en-forme-dapotheose-signe-thomas-ospital","status":"publish","type":"post","link":"https:\/\/www.europesays.com\/fr\/1156997\/","title":{"rendered":"Festival Stras\u2019Orgues. Un final en forme d\u2019apoth\u00e9ose sign\u00e9 Thomas Ospital"},"content":{"rendered":"<p>Ospital a couvert de brillant l\u2019orgue Kern de la Cath\u00e9drale qui en manquait un peu lors du <a href=\"https:\/\/www.dna.fr\/culture-loisirs\/2026\/08\/23\/la-solide-ouverture-du-festival-stras-orgues-avec-christophe-mantoux\" target=\"_blank\" rel=\"nofollow noopener\">r\u00e9cital d\u2019ouverture<\/a>. Sa technique implacable, avec un usage du p\u00e9dalier exceptionnel de pr\u00e9cision, le choix de tempi audacieux et son articulation d\u00e9tach\u00e9e, qui rend parfaitement clair l\u2019empilement des diff\u00e9rents plans sonores, transcende les partitions et offre un panorama puissant de l\u2019instrument de tribune quelles que soient les p\u00e9riodes travers\u00e9es.<\/p>\n<p>Ainsi de l\u2019art d\u2019un Franz Liszt. Son A d nos ad salutarem undam inspir\u00e9 d\u2019un choral de Meyerbeer d\u00e9cline un triptyque dans la plus pure tradition romantique. L\u2019interpr\u00e8te se charge par son choix habile de registres parfois tr\u00e8s originaux, telles ces cordes vibr\u00e9es, de faire oublier les limites d\u2019un instrument d\u2019esth\u00e9tique classique. L\u2019intensit\u00e9 de son jeu, men\u00e9 par les pieds, et la force de ses traits fulgurants aux claviers font le reste. La demi-heure de musique saisit, \u00e9treint, captive, donne la chair de poule.<\/p>\n<p>  Quatre pi\u00e8ces pour de r\u00e9jouissants contrastes\u00a0!<\/p>\n<p>La soir\u00e9e avait commenc\u00e9 par la c\u00e9l\u00e8bre Passacaille et fugue  de Bach BWV 582. La qualit\u00e9 de la lecture tient dans son immuable pulsation, le cis\u00e8lement sans faille d\u2019un discours de plus en plus complexe\u00a0: Ospital se fait orf\u00e8vre de l\u2019architecte Cantor. Avec la Fantaisie KW608  d\u2019un \u00e9tonnant Mozart, il exhume une pi\u00e8ce rare aux mondes contrast\u00e9s. Ses parties rythmiques et touffues, aux tonalit\u00e9s dramatiques, encadrent un choral tendre dont la couleur \u00e9voque un orgue de barbarie.<\/p>\n<p>Le contraste est le moteur du r\u00e9cital et le ressort d\u2019une virtuosit\u00e9 imaginative. Succ\u00e9dant aux accents viennois, si accord\u00e9s \u00e0 l\u2019instrument, se joue une improvisation sans th\u00e8me d\u00e9fini, qui semble s\u2019attacher aux \u00e9l\u00e9ments\u00a0: l\u2019air, dans une \u00e9criture pointilliste aux mains virevoltant d\u2019un clavier \u00e0 l\u2019autre\u00a0; l\u2019eau, aux harmonies intemporelles, aquatiques, puis au doux \u00e9coulement\u00a0; la terre, par ses registres caverneux et sa descente vers les profondeurs, avant le crescendo final, impressionnant de virtuosit\u00e9, sur les pleins-jeux. <\/p>\n<p>De Mozart \u00e0 Liszt, en passant par l\u2019improvisation, Ospital livre ce soir un condens\u00e9 fabuleux de son savoir-faire. Il conclut de mani\u00e8re r\u00e9jouissante un festival dense au succ\u00e8s public indiscutable.<\/p>\n","protected":false},"excerpt":{"rendered":"Ospital a couvert de brillant l\u2019orgue Kern de la Cath\u00e9drale qui en manquait un peu lors du r\u00e9cital&hellip;\n","protected":false},"author":2,"featured_media":1156998,"comment_status":"","ping_status":"","sticky":false,"template":"","format":"standard","meta":{"footnotes":"","_share_on_mastodon":"0"},"categories":[2820],"tags":[1111,11,2389,1687,2880,1777,674,107,1011,27,775,873,12,25,640,2879],"class_list":["post-1156997","post","type-post","status-publish","format-standard","has-post-thumbnail","category-strasbourg","tag-actu","tag-actualites","tag-alsace","tag-culture-loisirs","tag-edition-strasbourg","tag-eu","tag-europe","tag-fil-info","tag-fr","tag-france","tag-grand-est","tag-musique","tag-news","tag-republique-francaise","tag-strasbourg","tag-strasbourg-ville"],"share_on_mastodon":{"url":"https:\/\/pubeurope.com\/@fr\/117183515725945075","error":""},"_links":{"self":[{"href":"https:\/\/www.europesays.com\/fr\/wp-json\/wp\/v2\/posts\/1156997","targetHints":{"allow":["GET"]}}],"collection":[{"href":"https:\/\/www.europesays.com\/fr\/wp-json\/wp\/v2\/posts"}],"about":[{"href":"https:\/\/www.europesays.com\/fr\/wp-json\/wp\/v2\/types\/post"}],"author":[{"embeddable":true,"href":"https:\/\/www.europesays.com\/fr\/wp-json\/wp\/v2\/users\/2"}],"replies":[{"embeddable":true,"href":"https:\/\/www.europesays.com\/fr\/wp-json\/wp\/v2\/comments?post=1156997"}],"version-history":[{"count":0,"href":"https:\/\/www.europesays.com\/fr\/wp-json\/wp\/v2\/posts\/1156997\/revisions"}],"wp:featuredmedia":[{"embeddable":true,"href":"https:\/\/www.europesays.com\/fr\/wp-json\/wp\/v2\/media\/1156998"}],"wp:attachment":[{"href":"https:\/\/www.europesays.com\/fr\/wp-json\/wp\/v2\/media?parent=1156997"}],"wp:term":[{"taxonomy":"category","embeddable":true,"href":"https:\/\/www.europesays.com\/fr\/wp-json\/wp\/v2\/categories?post=1156997"},{"taxonomy":"post_tag","embeddable":true,"href":"https:\/\/www.europesays.com\/fr\/wp-json\/wp\/v2\/tags?post=1156997"}],"curies":[{"name":"wp","href":"https:\/\/api.w.org\/{rel}","templated":true}]}}