{"id":1157024,"date":"2026-08-30T08:49:13","date_gmt":"2026-08-30T08:49:13","guid":{"rendered":"https:\/\/www.europesays.com\/fr\/1157024\/"},"modified":"2026-08-30T08:49:13","modified_gmt":"2026-08-30T08:49:13","slug":"lyon-un-jeune-entre-la-vie-et-la-mort-apres-une-violente-rixe-pres-des-terreaux","status":"publish","type":"post","link":"https:\/\/www.europesays.com\/fr\/1157024\/","title":{"rendered":"Lyon : un jeune entre la vie et la mort apr\u00e8s une violente rixe pr\u00e8s des Terreaux"},"content":{"rendered":"<p itemprop=\"description\"><strong>Une bagarre impliquant plusieurs personnes a \u00e9clat\u00e9 t\u00f4t samedi matin dans le 1er arrondissement de Lyon, faisant un bless\u00e9 grave et conduisant \u00e0 six interpellations.<\/strong><\/p>\n<p>Un jeune homme de 21 ans a \u00e9t\u00e9 hospitalis\u00e9 en urgence absolue apr\u00e8s une violente altercation survenue samedi 29 ao\u00fbt, vers 6h 30, rue Sainte-Marie-des-Terreaux, \u00e0 proximit\u00e9 de la place des Terreaux \u00e0 Lyon.<\/p>\n<p>Son pronostic vital \u00e9tait toujours engag\u00e9 \u00e0 la mi-journ\u00e9e, selon le Progr\u00e8s.<\/p>\n<p>Rep\u00e9r\u00e9e inconsciente gr\u00e2ce aux cam\u00e9ras de la Ville de Lyon, la victime a \u00e9t\u00e9 prise en charge par les secours puis transport\u00e9e \u00e0 l\u2019h\u00f4pital \u00c9douard-Herriot dans un \u00e9tat critique.<\/p>\n<p>Selon la police, la rixe, probablement survenue \u00e0 la sortie d\u2019une bo\u00eete de nuit, aurait m\u00eal\u00e9 coups et jets de bouteilles. Six individus ont \u00e9t\u00e9 interpell\u00e9s \u00e0 la suite de cette rixe et plac\u00e9s en garde \u00e0 vue.<\/p>\n<p>L&rsquo;enqu\u00eate se poursuit pour faire toute la lumi\u00e8re sur ces faits qui pourraient \u00eatre requalifi\u00e9s en cas d&rsquo;\u00e9volution positive ou n\u00e9gative de l&rsquo;\u00e9tat de sant\u00e9 de la victime.<\/p>\n","protected":false},"excerpt":{"rendered":"Une bagarre impliquant plusieurs personnes a \u00e9clat\u00e9 t\u00f4t samedi matin dans le 1er arrondissement de Lyon, faisant un&hellip;\n","protected":false},"author":2,"featured_media":1157025,"comment_status":"","ping_status":"","sticky":false,"template":"","format":"standard","meta":{"footnotes":"","_share_on_mastodon":"0"},"categories":[1889],"tags":[1111,11,2813,2190,2430,1109,251,1112,2811,1777,674,118,1011,27,1922,1110,1114,2428,2810,12,241,316,25,2812,517,800],"class_list":["post-1157024","post","type-post","status-publish","format-standard","has-post-thumbnail","category-lyon","tag-actu","tag-actualites","tag-article","tag-asvel","tag-auvergne-rhone-alpes","tag-breves","tag-culture","tag-depeches","tag-economique","tag-eu","tag-europe","tag-faits-divers","tag-fr","tag-france","tag-info","tag-informations","tag-infos","tag-lyon","tag-lyonmag","tag-news","tag-ol","tag-politique","tag-republique-francaise","tag-sociale","tag-sport","tag-transports"],"share_on_mastodon":{"url":"https:\/\/pubeurope.com\/@fr\/117183602061643863","error":""},"_links":{"self":[{"href":"https:\/\/www.europesays.com\/fr\/wp-json\/wp\/v2\/posts\/1157024","targetHints":{"allow":["GET"]}}],"collection":[{"href":"https:\/\/www.europesays.com\/fr\/wp-json\/wp\/v2\/posts"}],"about":[{"href":"https:\/\/www.europesays.com\/fr\/wp-json\/wp\/v2\/types\/post"}],"author":[{"embeddable":true,"href":"https:\/\/www.europesays.com\/fr\/wp-json\/wp\/v2\/users\/2"}],"replies":[{"embeddable":true,"href":"https:\/\/www.europesays.com\/fr\/wp-json\/wp\/v2\/comments?post=1157024"}],"version-history":[{"count":0,"href":"https:\/\/www.europesays.com\/fr\/wp-json\/wp\/v2\/posts\/1157024\/revisions"}],"wp:featuredmedia":[{"embeddable":true,"href":"https:\/\/www.europesays.com\/fr\/wp-json\/wp\/v2\/media\/1157025"}],"wp:attachment":[{"href":"https:\/\/www.europesays.com\/fr\/wp-json\/wp\/v2\/media?parent=1157024"}],"wp:term":[{"taxonomy":"category","embeddable":true,"href":"https:\/\/www.europesays.com\/fr\/wp-json\/wp\/v2\/categories?post=1157024"},{"taxonomy":"post_tag","embeddable":true,"href":"https:\/\/www.europesays.com\/fr\/wp-json\/wp\/v2\/tags?post=1157024"}],"curies":[{"name":"wp","href":"https:\/\/api.w.org\/{rel}","templated":true}]}}