{"id":1157038,"date":"2026-08-30T09:00:27","date_gmt":"2026-08-30T09:00:27","guid":{"rendered":"https:\/\/www.europesays.com\/fr\/1157038\/"},"modified":"2026-08-30T09:00:27","modified_gmt":"2026-08-30T09:00:27","slug":"les-directives-ont-ete-donnees-lukraine-se-prepare-a-affronter-une-offensive-terrestre-russe-sur-kiev","status":"publish","type":"post","link":"https:\/\/www.europesays.com\/fr\/1157038\/","title":{"rendered":"\u00ab\u00a0Les directives ont \u00e9t\u00e9 donn\u00e9es\u00a0\u00bb : l&rsquo;Ukraine se pr\u00e9pare \u00e0 affronter une offensive terrestre russe sur Kiev"},"content":{"rendered":"<ul class=\"jsx-25100651 ArticleChapo__List\">\n<li class=\"jsx-25100651 ArticleChapo__List_Item flex\">L&rsquo;Ukraine affirme que l&rsquo;arm\u00e9e russe s&rsquo;appr\u00eate \u00e0 lancer une offensive terrestre sur sa capitale.<\/li>\n<li class=\"jsx-25100651 ArticleChapo__List_Item flex\">Elle se pr\u00e9parerait par le nord, du c\u00f4t\u00e9 de la fronti\u00e8re bi\u00e9lorusse.<\/li>\n<li class=\"jsx-25100651 ArticleChapo__List_Item flex\">\u00ab\u00a0Les directives ont \u00e9t\u00e9 donn\u00e9es et les Ukrainiens s&rsquo;y pr\u00e9parent\u00a0\u00bb, explique Thomas Misrachi, envoy\u00e9 sp\u00e9cial TF1-LCI.<\/li>\n<\/ul>\n<p id=\"body-_R_17t7pm_-block-6\" data-module=\"article-paragraph\" class=\"jsx-2921227388 Paragraph\">Les bombardements russes sur l&rsquo;Ukraine se sont multipli\u00e9s ces derni\u00e8res semaines. Mais une nouvelle offensive, cette fois terrestre, pourrait marquer <a href=\"https:\/\/www.tf1info.fr\/international\/video-c-est-la-machine-qui-prend-la-decision-de-tuer-la-russie-s-est-servie-d-un-drone-pilote-par-ia-pour-frapper-en-ukraine-2460282.html\" rel=\"nofollow noopener\" target=\"_blank\">un tournant dans la guerre<\/a>. Les renseignements ukrainiens affirment que Moscou s&rsquo;appr\u00eate \u00e0 avancer en direction de la capitale.<\/p>\n<p data-module=\"article-paragraph\" class=\"jsx-2921227388 Paragraph Paragraph__End\">\u00ab\u00a0Les Russes se pr\u00e9parent donc \u00e0 attaquer une fois encore par le nord. Les ordres qui ont \u00e9t\u00e9 donn\u00e9s aux g\u00e9n\u00e9raux russes sont de pr\u00e9parer cette offensive terrestre qui viserait deux villes, Tchernihiv et Kiev\u00a0\u00bb, situe Thomas Misrachi, envoy\u00e9 sp\u00e9cial TF1-LCI. La premi\u00e8re, 280.000 habitants, se trouve entre la capitale ukrainienne <a href=\"https:\/\/www.tf1info.fr\/international\/video-reportage-bielorussie-plongee-sous-surveillance-dans-la-derniere-dictature-d-europe-2359559.html\" rel=\"nofollow noopener\" target=\"_blank\">et la Bi\u00e9lorussie<\/a>.<\/p>\n<p><a href=\"https:\/\/www.tf1info.fr\/international\/video-on-trouve-des-balles-dans-les-flaques-d-eau-au-moins-37-morts-apres-une-frappe-russe-pres-de-kiev-un-ephad-touche-2461160.html\" rel=\"nofollow noopener\" class=\"jsx-958316424 Link flex\" target=\"_blank\"><img decoding=\"async\" src=\"https:\/\/www.europesays.com\/fr\/wp-content\/uploads\/2026\/08\/on-trouve-des-balles-dans-les-flaques-d-eau-au-moins-37-morts-dont-26-dans-un-ehpad-apres-une-nouvel.jpeg\" alt=\"&quot;On trouve des balles dans les flaques d'eau&quot; : au moins 37 morts dont 26 dans un Ehpad apr\u00e8s une nouvelle frappe russe pr\u00e8s de Kiev\" loading=\"lazy\" importance=\"low\" fetchpriority=\"low\" class=\"\" copyright=\"Capture vid\u00e9o LCI\" aria-hidden=\"true\"\/><\/p>\n<p class=\"jsx-4054529586 ReadMoreArticle__Title\">Lire aussi<\/p>\n<p class=\"jsx-4054529586\">\u00ab\u00a0On trouve des balles dans les flaques d&rsquo;eau\u00a0\u00bb : au moins 37 morts apr\u00e8s une frappe russe pr\u00e8s de Kiev, un Ehpad touch\u00e9<\/p>\n<p><\/a><\/p>\n<p id=\"body-_R_17t7pm_-block-9\" data-module=\"article-paragraph\" class=\"jsx-2921227388 Paragraph\">\u00ab\u00a0L&rsquo;Ukraine pr\u00e9cise qu&rsquo;il n&rsquo;y a pas de menaces imm\u00e9diates, pas de troupes en train de s&rsquo;amasser \u00e0 la fronti\u00e8re bi\u00e9lorusse. Mais les directives ont \u00e9t\u00e9 donn\u00e9es et les Ukrainiens s&rsquo;y pr\u00e9parent\u00a0\u00bb, ajoute le journaliste sur place. Cette annonce intervient quelques heures seulement apr\u00e8s les d\u00e9clarations du chef de cabinet de Volodymyr Zelensky affirmant que les Russes seraient pr\u00eats \u00e0 mobiliser 600.000 soldats suppl\u00e9mentaires.<\/p>\n<p data-module=\"article-paragraph\" class=\"jsx-2921227388 Paragraph Paragraph__End\"><strong>Plus d&rsquo;explications dans la vid\u00e9o en t\u00eate de cet article.<\/strong><\/p>\n","protected":false},"excerpt":{"rendered":"L&rsquo;Ukraine affirme que l&rsquo;arm\u00e9e russe s&rsquo;appr\u00eate \u00e0 lancer une offensive terrestre sur sa capitale. Elle se pr\u00e9parerait par&hellip;\n","protected":false},"author":2,"featured_media":1157039,"comment_status":"","ping_status":"","sticky":false,"template":"","format":"standard","meta":{"footnotes":"","_share_on_mastodon":"0"},"categories":[1590],"tags":[1111,11,1921,17059,1777,674,1922,6225,12,132,220,101034,133,1920,134],"class_list":["post-1157038","post","type-post","status-publish","format-standard","has-post-thumbnail","category-ukraine","tag-actu","tag-actualites","tag-article-video","tag-bielorussie","tag-eu","tag-europe","tag-info","tag-la-matinale","tag-news","tag-russie","tag-ukraine","tag-ukraine-une-5-annee-de-guerre-et-pas-de-paix-en-vue","tag-video","tag-video-international","tag-volodymyr-zelensky"],"share_on_mastodon":{"url":"https:\/\/pubeurope.com\/@fr\/117183646941879694","error":""},"_links":{"self":[{"href":"https:\/\/www.europesays.com\/fr\/wp-json\/wp\/v2\/posts\/1157038","targetHints":{"allow":["GET"]}}],"collection":[{"href":"https:\/\/www.europesays.com\/fr\/wp-json\/wp\/v2\/posts"}],"about":[{"href":"https:\/\/www.europesays.com\/fr\/wp-json\/wp\/v2\/types\/post"}],"author":[{"embeddable":true,"href":"https:\/\/www.europesays.com\/fr\/wp-json\/wp\/v2\/users\/2"}],"replies":[{"embeddable":true,"href":"https:\/\/www.europesays.com\/fr\/wp-json\/wp\/v2\/comments?post=1157038"}],"version-history":[{"count":0,"href":"https:\/\/www.europesays.com\/fr\/wp-json\/wp\/v2\/posts\/1157038\/revisions"}],"wp:featuredmedia":[{"embeddable":true,"href":"https:\/\/www.europesays.com\/fr\/wp-json\/wp\/v2\/media\/1157039"}],"wp:attachment":[{"href":"https:\/\/www.europesays.com\/fr\/wp-json\/wp\/v2\/media?parent=1157038"}],"wp:term":[{"taxonomy":"category","embeddable":true,"href":"https:\/\/www.europesays.com\/fr\/wp-json\/wp\/v2\/categories?post=1157038"},{"taxonomy":"post_tag","embeddable":true,"href":"https:\/\/www.europesays.com\/fr\/wp-json\/wp\/v2\/tags?post=1157038"}],"curies":[{"name":"wp","href":"https:\/\/api.w.org\/{rel}","templated":true}]}}