{"id":1157044,"date":"2026-08-30T09:05:03","date_gmt":"2026-08-30T09:05:03","guid":{"rendered":"https:\/\/www.europesays.com\/fr\/1157044\/"},"modified":"2026-08-30T09:05:03","modified_gmt":"2026-08-30T09:05:03","slug":"allemagne-apres-une-cyberattaque-berlin-victime-dun-chantage-aux-bitcoins","status":"publish","type":"post","link":"https:\/\/www.europesays.com\/fr\/1157044\/","title":{"rendered":"Allemagne : apr\u00e8s une cyberattaque, Berlin victime d&rsquo;un chantage aux bitcoins"},"content":{"rendered":"<p>\n    Selon l\u2019hebdomadaire allemand der Spiegel, les ma\u00eetres chanteurs r\u00e9clameraient 30 bitcoins &#8211; l\u2019\u00e9quivalent aujourd\u2019hui environ 2 millions d\u2019euros. Toujours d\u2019apr\u00e8s le journal, qui dit avoir eu confirmation d\u2019une source s\u00e9curitaire, il s\u2019agirait du groupe de hackers Rhysida.<\/p>\n<p class=\"fig-paragraph\">La ville de\u00a0<a href=\"http:\/\/www.lefigaro.fr\/international\/allemagne-deux-morts-dans-un-lycee-pres-de-berlin-20260827\" data-fig-type=\"NewsFlash\" data-gtm-custom-categorie=\"navigation\" data-gtm-custom-action=\"crossclick\" data-gtm-custom-label=\"Contextuel\" data-gtm-event=\"customEventSPE\" data-fig-domain=\"LEFIGARO\" rel=\"nofollow noopener\" target=\"_blank\">Berlin<\/a>\u00a0fait l&rsquo;objet d&rsquo;un chantage, a annonc\u00e9 vendredi le maire de la capitale allemande, apr\u00e8s un\u00a0<a href=\"http:\/\/www.lefigaro.fr\/secteur\/high-tech\/ils-ont-une-reelle-peur-de-se-faire-arnaquer-apres-le-piratage-du-fisc-l-inquietude-des-contribuables-victimes-du-vol-de-donnees-20260821\" data-fig-type=\"Article\" data-gtm-custom-categorie=\"navigation\" data-gtm-custom-action=\"crossclick\" data-gtm-custom-label=\"Contextuel\" data-gtm-event=\"customEventSPE\" data-fig-domain=\"LEFIGARO\" rel=\"nofollow noopener\" target=\"_blank\">vol de donn\u00e9es<\/a>\u00a0lors d&rsquo;une attaque de pirates informatiques survenu \u00e0 la mi-ao\u00fbt. Selon l&rsquo;hebdomadaire allemand der Spiegel, les ma\u00eetres chanteurs r\u00e9clameraient 30 bitcoins &#8211; l&rsquo;\u00e9quivalent aujourd&rsquo;hui environ 2 millions d&rsquo;euros. Toujours d&rsquo;apr\u00e8s le journal, qui dit avoir eu confirmation d&rsquo;une source s\u00e9curitaire, il s&rsquo;agirait du groupe de hackers Rhysida.<\/p>\n<p class=\"fig-paragraph\">Ce groupe avait notamment revendiqu\u00e9 l&rsquo;attaque contre la v\u00e9n\u00e9rable British Library de Londres en automne 2023 et r\u00e9clam\u00e9 une ran\u00e7on de 20 bitcoins (plus de 760.000 euros alors). \u00abBerlin est victime d&rsquo;un grave d\u00e9lit\u00bb, a reconnu le conservateur Kai Wegner, maire sortant de la capitale allemande, qui est une ville et un Land \u00e0 la fois. \u00abLa demande est parvenue en d\u00e9but de soir\u00e9e jeudi. On n&rsquo;y donnera pas suite\u00bb, a insist\u00e9 M. Wegner. \u00abBerlin ne c\u00e9dera pas au chantage\u00bb, a-t-il ajout\u00e9.<\/p>\n<p>                                            <a class=\"fig-a11y-skip\" href=\"#fig-a11y-skip-main-inarticle\" is=\"fig-a11y-skip\" data-trigger-mode=\"visible-once\"><br \/>\n    Passer la publicit\u00e9<br \/>\n<\/a>            <\/p>\n<p class=\"fig-paragraph\">\u00c0 cause de cette cyberattaque survenue le 14 ao\u00fbt, plusieurs administrations de la ville, notamment celles consacr\u00e9es au logement et \u00e0 l&rsquo;environnement, avaient \u00e9t\u00e9 coup\u00e9es du r\u00e9seau pendant une semaine: toute demande d&rsquo;allocation logement et leur versement, avaient \u00e9t\u00e9 impossibles pendant plusieurs jours. Au d\u00e9part, les autorit\u00e9s avaient affirm\u00e9 qu&rsquo;aucune donn\u00e9e sensible n&rsquo;avait \u00e9t\u00e9 d\u00e9rob\u00e9e, mais mercredi, elles ont reconnu que des donn\u00e9es personnelles avaient pu \u00eatre touch\u00e9es.<\/p>\n<p>                                            Des \u00e9lections locales le 20 septembre prochain<\/p>\n<p class=\"fig-paragraph\">Selon Der Spiegel, le groupe de hackers Rhysida menace de publier ces donn\u00e9es s&rsquo;il ne re\u00e7oit pas l&rsquo;argent d&rsquo;ici une semaine. Les services de s\u00e9curit\u00e9 travaillent d&rsquo;arrache-pied pour appr\u00e9hender \u00ables auteurs\u00bb de l&rsquo;attaque, a dit M. Wegner, sans dire qui ils \u00e9taient. Il a ajout\u00e9 qu&rsquo;en parall\u00e8le, les autorit\u00e9s v\u00e9rifiaient quelles donn\u00e9es avaient \u00e9t\u00e9 d\u00e9rob\u00e9es.<\/p>\n<p class=\"fig-paragraph\">Dans le cas de la British Library, la biblioth\u00e8que avait refus\u00e9 de payer la ran\u00e7on et Rhysida avait mis sur le dark web &#8211; partie cach\u00e9e et sulfureuse d&rsquo;internet &#8211; environ 500.000 fichiers contenant les donn\u00e9es personnelles des visiteurs, des abonn\u00e9s et du personnel. Par ailleurs, l&rsquo;une des adjointes au maire de Berlin, Iris Spranger, a pr\u00e9cis\u00e9 que cette cyberattaque ne remettait pas en question la tenue des \u00e9lections locales du 20 septembre prochain. \u00abLe scrutin est s\u00e9curis\u00e9 \u00e0 100%\u00bb, a-t-elle dit.<\/p>\n","protected":false},"excerpt":{"rendered":"Selon l\u2019hebdomadaire allemand der Spiegel, les ma\u00eetres chanteurs r\u00e9clameraient 30 bitcoins &#8211; l\u2019\u00e9quivalent aujourd\u2019hui environ 2 millions d\u2019euros.&hellip;\n","protected":false},"author":2,"featured_media":1157045,"comment_status":"","ping_status":"","sticky":false,"template":"","format":"standard","meta":{"footnotes":"","_share_on_mastodon":"0"},"categories":[1587],"tags":[11,672,1898,118558,1804,8841,2481,1805,1803,1777,674,1801,12,1802],"class_list":["post-1157044","post","type-post","status-publish","format-standard","has-post-thumbnail","category-allemagne","tag-actualites","tag-allemagne","tag-berlin","tag-bitcoins","tag-bundesrepublik-deutschland","tag-chantage","tag-cyberattaque","tag-de","tag-deutschland","tag-eu","tag-europe","tag-germany","tag-news","tag-republique-federale-dallemagne"],"share_on_mastodon":{"url":"","error":""},"_links":{"self":[{"href":"https:\/\/www.europesays.com\/fr\/wp-json\/wp\/v2\/posts\/1157044","targetHints":{"allow":["GET"]}}],"collection":[{"href":"https:\/\/www.europesays.com\/fr\/wp-json\/wp\/v2\/posts"}],"about":[{"href":"https:\/\/www.europesays.com\/fr\/wp-json\/wp\/v2\/types\/post"}],"author":[{"embeddable":true,"href":"https:\/\/www.europesays.com\/fr\/wp-json\/wp\/v2\/users\/2"}],"replies":[{"embeddable":true,"href":"https:\/\/www.europesays.com\/fr\/wp-json\/wp\/v2\/comments?post=1157044"}],"version-history":[{"count":0,"href":"https:\/\/www.europesays.com\/fr\/wp-json\/wp\/v2\/posts\/1157044\/revisions"}],"wp:featuredmedia":[{"embeddable":true,"href":"https:\/\/www.europesays.com\/fr\/wp-json\/wp\/v2\/media\/1157045"}],"wp:attachment":[{"href":"https:\/\/www.europesays.com\/fr\/wp-json\/wp\/v2\/media?parent=1157044"}],"wp:term":[{"taxonomy":"category","embeddable":true,"href":"https:\/\/www.europesays.com\/fr\/wp-json\/wp\/v2\/categories?post=1157044"},{"taxonomy":"post_tag","embeddable":true,"href":"https:\/\/www.europesays.com\/fr\/wp-json\/wp\/v2\/tags?post=1157044"}],"curies":[{"name":"wp","href":"https:\/\/api.w.org\/{rel}","templated":true}]}}