{"id":1157066,"date":"2026-08-30T09:24:17","date_gmt":"2026-08-30T09:24:17","guid":{"rendered":"https:\/\/www.europesays.com\/fr\/1157066\/"},"modified":"2026-08-30T09:24:17","modified_gmt":"2026-08-30T09:24:17","slug":"%f0%9f%93%b8-en-images-golden-coast-2026-apres-gradur-et-shayne-plk-a-tout-emporte","status":"publish","type":"post","link":"https:\/\/www.europesays.com\/fr\/1157066\/","title":{"rendered":"\ud83d\udcf8 En images. Golden Coast 2026 : apr\u00e8s Gradur et Shayne, PLK a tout emport\u00e9"},"content":{"rendered":"<p>Folle fin de soir\u00e9e samedi 29 ao\u00fbt sur les sc\u00e8nes du Golden Coast festival \u00e0 Dijon. Quelques minutes apr\u00e8s le r\u00e9cital de Niska, un autre taulier est entr\u00e9 en piste avec Gradur. Dans le m\u00eame temps, le gagnant de la derni\u00e8re saison de Nouvelle Ecole sur Netflix, Shayne, a livr\u00e9 un v\u00e9ritable show avant que la star PLK retourne le festival. Retour en images sur une incroyable soir\u00e9e achev\u00e9e par le DJ Nico Moreno.<\/p>\n","protected":false},"excerpt":{"rendered":"Folle fin de soir\u00e9e samedi 29 ao\u00fbt sur les sc\u00e8nes du Golden Coast festival \u00e0 Dijon. Quelques minutes&hellip;\n","protected":false},"author":2,"featured_media":1157067,"comment_status":"","ping_status":"","sticky":false,"template":"","format":"standard","meta":{"footnotes":"","_share_on_mastodon":"0"},"categories":[1359],"tags":[2931,1687,2930,58,8588,59,107,1011,27,2797,5325,2798,43794,873,973,273],"class_list":["post-1157066","post","type-post","status-publish","format-standard","has-post-thumbnail","category-people","tag-cote-dor","tag-culture-loisirs","tag-dijon","tag-divertissement","tag-edition-dijon-et-son-agglomeration","tag-entertainment","tag-fil-info","tag-fr","tag-france","tag-galerie-loisirs","tag-galerie-media","tag-galerie-photo","tag-golden-coast-festival","tag-musique","tag-people","tag-selection-de-la-redaction"],"share_on_mastodon":{"url":"https:\/\/pubeurope.com\/@fr\/117183739744945593","error":""},"_links":{"self":[{"href":"https:\/\/www.europesays.com\/fr\/wp-json\/wp\/v2\/posts\/1157066","targetHints":{"allow":["GET"]}}],"collection":[{"href":"https:\/\/www.europesays.com\/fr\/wp-json\/wp\/v2\/posts"}],"about":[{"href":"https:\/\/www.europesays.com\/fr\/wp-json\/wp\/v2\/types\/post"}],"author":[{"embeddable":true,"href":"https:\/\/www.europesays.com\/fr\/wp-json\/wp\/v2\/users\/2"}],"replies":[{"embeddable":true,"href":"https:\/\/www.europesays.com\/fr\/wp-json\/wp\/v2\/comments?post=1157066"}],"version-history":[{"count":0,"href":"https:\/\/www.europesays.com\/fr\/wp-json\/wp\/v2\/posts\/1157066\/revisions"}],"wp:featuredmedia":[{"embeddable":true,"href":"https:\/\/www.europesays.com\/fr\/wp-json\/wp\/v2\/media\/1157067"}],"wp:attachment":[{"href":"https:\/\/www.europesays.com\/fr\/wp-json\/wp\/v2\/media?parent=1157066"}],"wp:term":[{"taxonomy":"category","embeddable":true,"href":"https:\/\/www.europesays.com\/fr\/wp-json\/wp\/v2\/categories?post=1157066"},{"taxonomy":"post_tag","embeddable":true,"href":"https:\/\/www.europesays.com\/fr\/wp-json\/wp\/v2\/tags?post=1157066"}],"curies":[{"name":"wp","href":"https:\/\/api.w.org\/{rel}","templated":true}]}}