{"id":1157070,"date":"2026-08-30T09:27:17","date_gmt":"2026-08-30T09:27:17","guid":{"rendered":"https:\/\/www.europesays.com\/fr\/1157070\/"},"modified":"2026-08-30T09:27:17","modified_gmt":"2026-08-30T09:27:17","slug":"jade-leboeuf-et-stephane-rodrigues-les-apprentis-aventuriers-le-plus-dur-cetait-le-manque-de-notre-fils-elon","status":"publish","type":"post","link":"https:\/\/www.europesays.com\/fr\/1157070\/","title":{"rendered":"Jade Leboeuf et St\u00e9phane Rodrigues (Les Apprentis Aventuriers) : \u00ab\u00a0Le plus dur, c&rsquo;\u00e9tait le manque de notre fils Elon\u00a0\u00bb"},"content":{"rendered":"<p><a href=\"https:\/\/www.programme-tv.net\/news\/tele-realite\/406337-les-apprentis-aventuriers-voici-la-date-de-diffusion-de-la-prochaine-saison\/\" data-api-deeplink=\"teleloisirs:\/\/news\/406337\" rel=\"nofollow noopener\" target=\"_blank\">Les Apprentis Aventuriers sont de retour <\/a>sur W9 d\u00e8s lundi 31 ao\u00fbt 2026 dans une nouvelle saison : Le Secret de la Perle Noire. <a href=\"https:\/\/www.programme-tv.net\/news\/tele-realite\/405557-les-apprentis-aventuriers-jade-leboeuf-benoit-dubois-louison-decouvrez-le-casting-de-la-saison-9\/\" data-api-deeplink=\"teleloisirs:\/\/news\/405557\" rel=\"nofollow noopener\" target=\"_blank\">De nouveaux candidats<\/a> sont venus tenter de remporter le jeu en bin\u00f4me. <a href=\"https:\/\/www.programme-tv.net\/news\/tele-realite\/406795-laureen-l-ile-de-la-tentation-revele-que-tino-l-a-encore-trompee-dans-le-premier-episode-des-apprentis-aventuriers-je-n-ai-pas-su-dire-non\/\" data-api-deeplink=\"teleloisirs:\/\/news\/406795\" rel=\"nofollow noopener\" target=\"_blank\">Laureen (L&rsquo;\u00eele de la tentation) a retrouv\u00e9 son ex Tino <\/a>dans un premier \u00e9pisode non sans \u00e9tincelles, <a href=\"https:\/\/www.programme-tv.net\/biographie\/272504-mateo-anthony\/\" data-link-people=\"6ebdec48-884b-454e-aff0-e97be8cefc59\" rel=\"nofollow noopener\" target=\"_blank\">Anthony Mat\u00e9o<\/a> a fait la rencontre d&rsquo;Emi et Jade Leboeuf et son compagnon St\u00e9phane Rodrigues se sont lanc\u00e9s dans l&rsquo;aventure en couple.<\/p>\n<p>Les deux amoureux de l&rsquo;\u00e9quipe blanche sont revenus sur leur aventure et les raisons de leur participation pour T\u00e9l\u00e9-Loisirs.<\/p>\n<p>Jade Leboeuf et St\u00e9phane Rodrigues racontent le tournage des Apprentis Aventuriers : \u00ab\u00a0C<b>e genre d&rsquo;aventure, c&rsquo;est \u00e7a passe ou \u00e7a casse dans un couple !\u00a0\u00bb<\/b><\/p>\n<p><b>T\u00e9l\u00e9-Loisirs<\/b><b> : Pourquoi avez-vous accept\u00e9 de participer aux <\/b><b>Apprentis Aventuriers<\/b><b> ?<br \/>Jade : <\/b>On aime le challenge et le d\u00e9passement de soi et c&rsquo;est vrai que dans notre vie de tous les jours, on n&rsquo;est pas vraiment amen\u00e9s \u00e0 faire de la survie ! Donc on s&rsquo;est dit &lsquo;Pourquoi pas ?&rsquo;, \u00e7a peut \u00eatre une belle exp\u00e9rience \u00e0 faire ensemble.<\/p>\n<p><b>Vous avez v\u00e9cu une s\u00e9paration l&rsquo;ann\u00e9e derni\u00e8re, pour mieux vous retrouver, n&rsquo;aviez-vous pas peur pour votre couple en entrant dans une aventure de survie ?<\/b><br \/><b>St\u00e9phane :<\/b> M\u00eame s&rsquo;<a href=\"https:\/\/www.programme-tv.net\/news\/people\/377294-jade-leboeuf-les-traitres-se-confie-sur-sa-rupture-avec-stephane-rodrigues-c-est-quelque-chose-de-douloureux\/\" data-api-deeplink=\"teleloisirs:\/\/news\/377294\" rel=\"nofollow noopener\" target=\"_blank\">il y a eu cette s\u00e9paration<\/a>, ce qui nous caract\u00e9rise beaucoup, c&rsquo;est qu&rsquo;on aime \u00eatre 24 heures sur 24 ensemble, donc \u00e7a nous rassurait d&rsquo;\u00eatre ensemble. <b>C&rsquo;\u00e9tait justement une force pour nous<\/b>.<\/p>\n<p><b>J :<\/b> Je pense que pour <b>ce genre d&rsquo;aventure, c&rsquo;est \u00e7a passe ou \u00e7a casse dans un couple !<\/b> Mais nous, \u00e7a fait 10 ans qu&rsquo;on est ensemble. Alors oui, on a v\u00e9cu une s\u00e9paration, mais le fait est que dans notre couple, depuis le d\u00e9but, on a toujours \u00e9t\u00e9 coll\u00e9s l&rsquo;un \u00e0 l&rsquo;autre.<\/p>\n<p><b>Quels sont vos points forts dans cette aventure ?<\/b><br \/><b>S :<\/b> La coh\u00e9sion du bin\u00f4me. Aucun autre bin\u00f4me ne se conna\u00eet aussi bien que nous !<\/p>\n<p><b>Qu&rsquo;est-ce qui a \u00e9t\u00e9 le plus difficile pour vous dans <\/b><b>Les Apprentis Aventuriers<\/b><b> ?<\/b><br \/><b>J :<\/b> Ce que je redoutais le plus, c&rsquo;\u00e9tait le sommeil et <b>le manque de <\/b><a href=\"https:\/\/www.programme-tv.net\/news\/people\/377302-stephane-m-envoyait-des-photos-de-lui-jade-leboeuf-explique-comment-elle-a-gere-l-absence-de-son-fils-elon-pendant-le-tournage-des-traitres\/\" data-api-deeplink=\"teleloisirs:\/\/news\/377302\" rel=\"nofollow noopener\" target=\"_blank\"><b>notre fils Elon<\/b><\/a>.<\/p>\n<p><b>S :<\/b> Elle a tout dit ! Ne pas manger, j&rsquo;ai l&rsquo;habitude de faire des je\u00fbnes donc je n&rsquo;\u00e9tais pas tr\u00e8s inquiet. On n&rsquo;avait pas peur des autres \u00e9quipes, m\u00eame s&rsquo;il y a des gens qui sont en forme physique, ni de la chaleur&#8230; C&rsquo;\u00e9tait vraiment le manque de sommeil et de notre fils le plus dur.<\/p>\n<p><b>Comment vous \u00eates-vous pr\u00e9par\u00e9s \u00e0 l&rsquo;aventure ?<\/b><br \/><b>J : <\/b>On s&rsquo;\u00e9tait pr\u00e9par\u00e9s pour essayer de reconna\u00eetre les aliments qu&rsquo;on pouvait trouver dans la jungle. Mais faire du feu&#8230; Nous on habite Paris centre ! C&rsquo;est un peu compliqu\u00e9 pour s&rsquo;entra\u00eener mais on a regard\u00e9 plein de vid\u00e9os.<\/p>\n<p>Jade Leboeuf et St\u00e9phane Rodrigues \u00e9voquent les retrouvailles tendues entre Laureen et Tino (L&rsquo;\u00eele de la tentation) dans Les Apprentis Aventuriers : <b>\u00ab\u00a0\u00c7a n&rsquo;a pas sa place\u00a0\u00bb<\/b><\/p>\n<p><b>Les Apprentis Aventuriers<\/b><b> est une aventure de survie, mais aussi de strat\u00e9gie, quelle \u00e9tait la v\u00f4tre ?<\/b><br \/><b>J : <\/b>On s&rsquo;est dit que cette fois-ci on essayerait de jouer peut-\u00eatre un peu plus la strat\u00e9gie et de sortir de notre zone de confort. Mais le but \u00e9tait pour nous de rester qui on est et de jouer quand m\u00eame avec le c\u0153ur.<\/p>\n<p><b>S :<\/b> On a mis\u00e9 sur nos performances dans les jeux, on s&rsquo;est dit : \u00ab\u00a0On va tout donner sur les jeux\u00a0\u00bb. Et forc\u00e9ment, on va s&rsquo;entendre avec des \u00e9quipes, et on va essayer de s&rsquo;allier avec des gens qui sont forc\u00e9ment un peu plus proches de nos valeurs que peut-\u00eatre d&rsquo;autres, et avancer avec eux le plus loin possible.<\/p>\n<p><b>Est-ce qu&rsquo;il y a eu des tensions avec certaines \u00e9quipes ?<\/b><br \/><b>J :<\/b> Il y a eu des petites tensions parce que forc\u00e9ment il y a des choses sur lesquelles on ne peut pas toujours \u00eatre d&rsquo;accord. Et puis surtout, je pense que tout est d\u00e9cupl\u00e9 avec la faim, la fatigue et le stress aussi de la comp\u00e9tition.<\/p>\n<p><b>S :<\/b> Moi, j&rsquo;ai beaucoup de mal avec des gens qui crient pour tout et pour rien. Celui qui commence \u00e0 se plaindre \u00e0 longueur de journ\u00e9e ou \u00e0 crier, \u00e7a va cr\u00e9er des tensions avec moi parce que c&rsquo;est un truc que je ne supporte pas.<\/p>\n<p><b>D\u00e8s le d\u00e9but, Laureen et Tino ont r\u00e9gl\u00e9 leurs comptes, qu&rsquo;en avez-vous pens\u00e9 ?<\/b><br \/><b>S :<\/b> Arriver d&rsquo;entr\u00e9e de jeu dans un jeu de survie se prendre le chou \u00e0 propos de <a href=\"https:\/\/www.programme-tv.net\/news\/tele-realite\/401218-laureen-l-ile-de-la-tentation-est-elle-toujours-en-couple-avec-tino-depuis-le-bilan-elle-repond\/\" data-api-deeplink=\"teleloisirs:\/\/news\/401218\" rel=\"nofollow noopener\" target=\"_blank\">leur histoire de couple pass\u00e9e de L&rsquo;\u00eele de la tentation<\/a> et de leur vie priv\u00e9e, en fait c&rsquo;est&#8230; <b>\u00c7a m&rsquo;a fait monter assez vite, parce que je trouve que c&rsquo;est inutile et \u00e7a n&rsquo;a pas sa place<\/b>.<\/p>\n<p>On \u00e9tait d\u00e9j\u00e0 en survie, il y a d&rsquo;autres probl\u00e8mes, et je pense que leurs probl\u00e8mes de couple, si vraiment ils en avaient autant, ils auraient mieux fait d&rsquo;aller voir un psy que de venir dans Les Apprentis aventuriers !<\/p>\n","protected":false},"excerpt":{"rendered":"Les Apprentis Aventuriers sont de retour sur W9 d\u00e8s lundi 31 ao\u00fbt 2026 dans une nouvelle saison :&hellip;\n","protected":false},"author":2,"featured_media":1157071,"comment_status":"","ping_status":"","sticky":false,"template":"","format":"standard","meta":{"footnotes":"","_share_on_mastodon":"0"},"categories":[1356],"tags":[4548,244,58,59,1011,27,118561,2173,14252,2393,115143,252,1364,118562,2395],"class_list":["post-1157070","post","type-post","status-publish","format-standard","has-post-thumbnail","category-television","tag-channel_tl-story","tag-commentaire","tag-divertissement","tag-entertainment","tag-fr","tag-france","tag-guid_6201058910001","tag-interview","tag-jade-leboeuf","tag-les-apprentis-aventuriers","tag-stu00e9phane-rodrigues","tag-television","tag-tv","tag-uuid_39591c6c-7a51-43c3-802d-2cf564b41b95","tag-w9"],"share_on_mastodon":{"url":"","error":""},"_links":{"self":[{"href":"https:\/\/www.europesays.com\/fr\/wp-json\/wp\/v2\/posts\/1157070","targetHints":{"allow":["GET"]}}],"collection":[{"href":"https:\/\/www.europesays.com\/fr\/wp-json\/wp\/v2\/posts"}],"about":[{"href":"https:\/\/www.europesays.com\/fr\/wp-json\/wp\/v2\/types\/post"}],"author":[{"embeddable":true,"href":"https:\/\/www.europesays.com\/fr\/wp-json\/wp\/v2\/users\/2"}],"replies":[{"embeddable":true,"href":"https:\/\/www.europesays.com\/fr\/wp-json\/wp\/v2\/comments?post=1157070"}],"version-history":[{"count":0,"href":"https:\/\/www.europesays.com\/fr\/wp-json\/wp\/v2\/posts\/1157070\/revisions"}],"wp:featuredmedia":[{"embeddable":true,"href":"https:\/\/www.europesays.com\/fr\/wp-json\/wp\/v2\/media\/1157071"}],"wp:attachment":[{"href":"https:\/\/www.europesays.com\/fr\/wp-json\/wp\/v2\/media?parent=1157070"}],"wp:term":[{"taxonomy":"category","embeddable":true,"href":"https:\/\/www.europesays.com\/fr\/wp-json\/wp\/v2\/categories?post=1157070"},{"taxonomy":"post_tag","embeddable":true,"href":"https:\/\/www.europesays.com\/fr\/wp-json\/wp\/v2\/tags?post=1157070"}],"curies":[{"name":"wp","href":"https:\/\/api.w.org\/{rel}","templated":true}]}}