{"id":1157072,"date":"2026-08-30T09:28:17","date_gmt":"2026-08-30T09:28:17","guid":{"rendered":"https:\/\/www.europesays.com\/fr\/1157072\/"},"modified":"2026-08-30T09:28:17","modified_gmt":"2026-08-30T09:28:17","slug":"soiree-rock-et-musiques-actuelles-au-malbernat","status":"publish","type":"post","link":"https:\/\/www.europesays.com\/fr\/1157072\/","title":{"rendered":"Soir\u00e9e rock et musiques actuelles au Malbernat"},"content":{"rendered":"<p>Le Cantou de Floirac s\u2019installe au Point de vue de Malbernat \u00e0 Montvalent le samedi 12 septembre pour une soir\u00e9e plac\u00e9e sous le signe du rock et des musiques actuelles. .<\/p>\n<p>\u00c0 l\u2019affiche, \u00ab\u00a0Yack\u00a0\u00bb avec un rock \u00e9lectro-organique o\u00f9 se m\u00ealent textes sensibles, m\u00e9lodies accrocheuses et \u00e9nergie sc\u00e9nique. \u00ab\u00a021 Grammes\u00a0\u00bb, r\u00e9f\u00e9rence du rock alternatif fran\u00e7ais, embarquera le public dans un live puissant, port\u00e9 par une intensit\u00e9 communicative. Enfin, \u00ab\u00a0The Dead Krazukie\u00a0\u00bb s injectera une dose de punk rock survitamin\u00e9 aux accents hardcore et m\u00e9tal, nourri par la culture surf et skate des ann\u00e9es 90 et un sens de la d\u00e9rision toujours bien pr\u00e9sent.<\/p>\n<p>Une soir\u00e9e plac\u00e9e sous le signe de l\u2019\u00e9nergie, du partage et du rock sous toutes ses formes.<\/p>\n<p>Infos pratiques : ouverture \u00e0 20 h 30. Tarifs : 10 \u20ac et 8 \u20ac \u2013 Buvette ; Restauration sur place ; Pas de CB<\/p>\n<p>Possibilit\u00e9 de repli en cas d\u2019intemp\u00e9ries au Cantou de Floirac<\/p>\n","protected":false},"excerpt":{"rendered":"Le Cantou de Floirac s\u2019installe au Point de vue de Malbernat \u00e0 Montvalent le samedi 12 septembre pour&hellip;\n","protected":false},"author":2,"featured_media":1157073,"comment_status":"","ping_status":"","sticky":false,"template":"","format":"standard","meta":{"footnotes":"","_share_on_mastodon":"0"},"categories":[1355],"tags":[4156,872,58,59,17077,1011,27,20064,1361,873,853],"class_list":["post-1157072","post","type-post","status-publish","format-standard","has-post-thumbnail","category-musique","tag-concerts","tag-culture-et-loisirs","tag-divertissement","tag-entertainment","tag-floirac","tag-fr","tag-france","tag-lot","tag-music","tag-musique","tag-spectacles"],"share_on_mastodon":{"url":"https:\/\/pubeurope.com\/@fr\/117183755551721825","error":""},"_links":{"self":[{"href":"https:\/\/www.europesays.com\/fr\/wp-json\/wp\/v2\/posts\/1157072","targetHints":{"allow":["GET"]}}],"collection":[{"href":"https:\/\/www.europesays.com\/fr\/wp-json\/wp\/v2\/posts"}],"about":[{"href":"https:\/\/www.europesays.com\/fr\/wp-json\/wp\/v2\/types\/post"}],"author":[{"embeddable":true,"href":"https:\/\/www.europesays.com\/fr\/wp-json\/wp\/v2\/users\/2"}],"replies":[{"embeddable":true,"href":"https:\/\/www.europesays.com\/fr\/wp-json\/wp\/v2\/comments?post=1157072"}],"version-history":[{"count":0,"href":"https:\/\/www.europesays.com\/fr\/wp-json\/wp\/v2\/posts\/1157072\/revisions"}],"wp:featuredmedia":[{"embeddable":true,"href":"https:\/\/www.europesays.com\/fr\/wp-json\/wp\/v2\/media\/1157073"}],"wp:attachment":[{"href":"https:\/\/www.europesays.com\/fr\/wp-json\/wp\/v2\/media?parent=1157072"}],"wp:term":[{"taxonomy":"category","embeddable":true,"href":"https:\/\/www.europesays.com\/fr\/wp-json\/wp\/v2\/categories?post=1157072"},{"taxonomy":"post_tag","embeddable":true,"href":"https:\/\/www.europesays.com\/fr\/wp-json\/wp\/v2\/tags?post=1157072"}],"curies":[{"name":"wp","href":"https:\/\/api.w.org\/{rel}","templated":true}]}}