{"id":1157089,"date":"2026-08-30T09:39:17","date_gmt":"2026-08-30T09:39:17","guid":{"rendered":"https:\/\/www.europesays.com\/fr\/1157089\/"},"modified":"2026-08-30T09:39:17","modified_gmt":"2026-08-30T09:39:17","slug":"ligue-1-une-meinau-euphorique-moreira-et-wenger-en-invites-de-luxe-revivez-la-victoire-du-racing-club-de-strasbourg-en-images-dna-fr","status":"publish","type":"post","link":"https:\/\/www.europesays.com\/fr\/1157089\/","title":{"rendered":"Ligue 1. Une Meinau euphorique, Moreira et Wenger en invit\u00e9s de luxe&#8230; Revivez la victoire du Racing Club de Strasbourg en images &#8211; dna.fr"},"content":{"rendered":"<ol>\n<li><a href=\"https:\/\/news.google.com\/rss\/articles\/CBMi6AFBVV95cUxNM0Y0LTl6UEg3akRmX0ZZOGRBZ1VqSGl1ZWpOYlBYd3lRZjdGQlFJd2FEQ1VmRHYySWdFb3V6RnY1UjdIeGdnd01KYWNtc21sTWVtRWp2ZW9qRUtFZlJHTUc2cWN6Y3pjaFk5aUwwbG1lQXdBVm4xU3puSWgxUG1pQXdKM1ZrZmRZSElNeW14RU9kdllsQVhRLTJjQ1doLXRmYzRJUF9fb0pwNW1Qc0dZVnZaUWdtSHJZWUM4VWVRYnNlcE5TSDdxeUk1QkxPMWdTVjFZcW85NDFoZzFsRk0yYTF1c1hPcmFZ?oc=5\" target=\"_blank\" rel=\"nofollow noopener\">Ligue 1. Une Meinau euphorique, Moreira et Wenger en invit\u00e9s de luxe&#8230; Revivez la victoire du Racing Club de Strasbourg en images<\/a>&nbsp;&nbsp;dna.fr<\/li>\n<li><a href=\"https:\/\/news.google.com\/rss\/articles\/CBMizAFBVV95cUxNOFUyY0FYU0VSX1c0eldkUllwT1ZaSHpGNUYweXNBbXItZEFBR2IzZ0EwQnUwY3I0empuZ1pTOEFvLVU3SUZMZFVwc3JyblljeHkyM3JvZmdXUVZLRTZHY0d4eGFCV0Q3VmxnbU5xdHQ1ZHhvSy03bzBwLTlyRzBuYU05MXctd2FuMnotdWhodmVGWDRCZXFLYWdjcXhFMDhuc1ROYVA3Y3d1NnJzeWROc2txd2lqeXhMTHNrY2hLMXhRQkhmTVVNbWFDblI?oc=5\" target=\"_blank\" rel=\"nofollow noopener\">Ils ont \u00e9teint Lens : Filip J\u00f6rgensen et Gessime Yassine, le duo qui a illumin\u00e9 Strasbourg<\/a>&nbsp;&nbsp;L&rsquo;\u00c9quipe<\/li>\n<li><a href=\"https:\/\/news.google.com\/rss\/articles\/CBMikAJBVV95cUxOWmhuekd5WUFPWDVUSjJyV2h3TDlEUHA5QjBiczl1UjFzQUVpVDBMdDZBM2NBTTR5bkRPYWlsLWJWbmtUazZWMjMtR3I3TW5WWllmaDA0V1hNZmFGWkFyTDF5bmY1RlJOVXZGV25SeDUtT25ONG5iZWo0LWxnSDk5VVowS2dYR3gyS25vSmZud0o4eWtIVTZzMkZqZ2xXUVNUZTdjMkx5MW9TbUNJQmhXbG9EUXlDaWVuRVhDTGcwT1cycGtYSzBjeE52LXdlckdlYUNMM1hpQ25pUUJra3NQZFo2Yk1EbklNSEluM1pBQ0MxT0xZSEQwSnVZb3hxUFdUM3RLeVJSa2N5M1hKeXVsbg?oc=5\" target=\"_blank\" rel=\"nofollow noopener\">Apr\u00e8s la gifle, Strasbourg s&rsquo;offre le dauphin<\/a>&nbsp;&nbsp;Eurosport<\/li>\n<li><a href=\"https:\/\/news.google.com\/rss\/articles\/CBMijAFBVV95cUxPaC0tOHgybmZ4eS1XMWFYWlVFVjhiU0ZFbWxsTzJxNy1jSnk3TktlakZwcDExbVdxdVNkT3FJbXg5QjViVmZPaG1vWkZ5SC1UYTAyeDQ3MVhleXpIcWlZeGxDd2NxcVhEbm1peHJiRXFmV3ZIalZwZ25QNXVIbGRMVUFsa0hjdE1MLUJkdw?oc=5\" target=\"_blank\" rel=\"nofollow noopener\">Racing-RC Lens (2-1) : votez pour l\u2019homme du match DNA<\/a>&nbsp;&nbsp;Racing Club de Strasbourg Alsace<\/li>\n<li><a href=\"https:\/\/news.google.com\/rss\/articles\/CBMiqwFBVV95cUxNUzloWE12Q2d1aXljSTdCajd2WWRKd2NyTDNkaTBVS0hFVXNxaDVocU44ZkRCNk5aSnB5Wk52Q0hTamxuTmFuYnBEdEx5V0dGajNsMm54MUllb0tEcl90ZmIwNDFZdW9mMWUza3B0SGgwZzBKWEdWNUNIS3Uwelh6OHdKVlhwMnFPYTdtSU5vc3k0NHBWamRZTHFiRG80THJreHc0OTJZTzZRbFU?oc=5\" target=\"_blank\" rel=\"nofollow noopener\">Gessime Yassine r\u00e9agit aux comparaisons avec Hatem Ben Arfa<\/a>&nbsp;&nbsp;Foot Mercato<\/li>\n<\/ol>\n","protected":false},"excerpt":{"rendered":"Ligue 1. Une Meinau euphorique, Moreira et Wenger en invit\u00e9s de luxe&#8230; Revivez la victoire du Racing Club&hellip;\n","protected":false},"author":2,"featured_media":1157090,"comment_status":"","ping_status":"","sticky":false,"template":"","format":"standard","meta":{"footnotes":"","_share_on_mastodon":"0"},"categories":[2],"tags":[11,2389,107,1701,63,1011,27,5325,2798,9540,7020,12,41281,273,517],"class_list":["post-1157089","post","type-post","status-publish","format-standard","has-post-thumbnail","category-actualites","tag-actualites","tag-alsace","tag-fil-info","tag-fil-info-sport","tag-football","tag-fr","tag-france","tag-galerie-media","tag-galerie-photo","tag-galerie-sport","tag-ligue-1-football","tag-news","tag-racing-club-strasbourg-masculin","tag-selection-de-la-redaction","tag-sport"],"share_on_mastodon":{"url":"https:\/\/pubeurope.com\/@fr\/117183798411981485","error":""},"_links":{"self":[{"href":"https:\/\/www.europesays.com\/fr\/wp-json\/wp\/v2\/posts\/1157089","targetHints":{"allow":["GET"]}}],"collection":[{"href":"https:\/\/www.europesays.com\/fr\/wp-json\/wp\/v2\/posts"}],"about":[{"href":"https:\/\/www.europesays.com\/fr\/wp-json\/wp\/v2\/types\/post"}],"author":[{"embeddable":true,"href":"https:\/\/www.europesays.com\/fr\/wp-json\/wp\/v2\/users\/2"}],"replies":[{"embeddable":true,"href":"https:\/\/www.europesays.com\/fr\/wp-json\/wp\/v2\/comments?post=1157089"}],"version-history":[{"count":0,"href":"https:\/\/www.europesays.com\/fr\/wp-json\/wp\/v2\/posts\/1157089\/revisions"}],"wp:featuredmedia":[{"embeddable":true,"href":"https:\/\/www.europesays.com\/fr\/wp-json\/wp\/v2\/media\/1157090"}],"wp:attachment":[{"href":"https:\/\/www.europesays.com\/fr\/wp-json\/wp\/v2\/media?parent=1157089"}],"wp:term":[{"taxonomy":"category","embeddable":true,"href":"https:\/\/www.europesays.com\/fr\/wp-json\/wp\/v2\/categories?post=1157089"},{"taxonomy":"post_tag","embeddable":true,"href":"https:\/\/www.europesays.com\/fr\/wp-json\/wp\/v2\/tags?post=1157089"}],"curies":[{"name":"wp","href":"https:\/\/api.w.org\/{rel}","templated":true}]}}