{"id":1157095,"date":"2026-08-30T09:44:48","date_gmt":"2026-08-30T09:44:48","guid":{"rendered":"https:\/\/www.europesays.com\/fr\/1157095\/"},"modified":"2026-08-30T09:44:48","modified_gmt":"2026-08-30T09:44:48","slug":"les-nancy-mariage-patricia-et-philippe","status":"publish","type":"post","link":"https:\/\/www.europesays.com\/fr\/1157095\/","title":{"rendered":"l\u00e8s-Nancy | Mariage. Patricia et Philippe"},"content":{"rendered":"<p>Samedi 29\u00a0ao\u00fbt, \u00e0 14\u00a0h\u00a030, dans la salle des mariages de l\u2019H\u00f4tel de ville, Philippe Gosser, magasinier cariste, a pris pour \u00e9pouse Patricia Gourjeand\u00e9, retrait\u00e9e.<\/p>\n<p>C\u2019est Carole Attuil, adjointe au maire, assist\u00e9e d\u2019Arnaud Harand, conseiller municipal, qui a recueilli les consentements des deux \u00e9poux en pr\u00e9sence de leurs proches. Les mari\u00e9s sont domicili\u00e9s \u00e0 Vand\u0153uvre.<\/p>\n","protected":false},"excerpt":{"rendered":"Samedi 29\u00a0ao\u00fbt, \u00e0 14\u00a0h\u00a030, dans la salle des mariages de l\u2019H\u00f4tel de ville, Philippe Gosser, magasinier cariste, a&hellip;\n","protected":false},"author":2,"featured_media":1157096,"comment_status":"","ping_status":"","sticky":false,"template":"","format":"standard","meta":{"footnotes":"","_share_on_mastodon":"0"},"categories":[9635],"tags":[1111,11,9223,1704,1777,674,1011,27,775,1930,6364,1702,12,25,104,5711],"class_list":["post-1157095","post","type-post","status-publish","format-standard","has-post-thumbnail","category-nancy","tag-actu","tag-actualites","tag-carnet-du-jour","tag-edition-nancy-et-agglomeration","tag-eu","tag-europe","tag-fr","tag-france","tag-grand-est","tag-mariage","tag-metropole-du-grand-nancy-54b1","tag-nancy","tag-news","tag-republique-francaise","tag-societe","tag-vandoeuvre-les-nancy"],"share_on_mastodon":{"url":"https:\/\/pubeurope.com\/@fr\/117183818330987235","error":""},"_links":{"self":[{"href":"https:\/\/www.europesays.com\/fr\/wp-json\/wp\/v2\/posts\/1157095","targetHints":{"allow":["GET"]}}],"collection":[{"href":"https:\/\/www.europesays.com\/fr\/wp-json\/wp\/v2\/posts"}],"about":[{"href":"https:\/\/www.europesays.com\/fr\/wp-json\/wp\/v2\/types\/post"}],"author":[{"embeddable":true,"href":"https:\/\/www.europesays.com\/fr\/wp-json\/wp\/v2\/users\/2"}],"replies":[{"embeddable":true,"href":"https:\/\/www.europesays.com\/fr\/wp-json\/wp\/v2\/comments?post=1157095"}],"version-history":[{"count":0,"href":"https:\/\/www.europesays.com\/fr\/wp-json\/wp\/v2\/posts\/1157095\/revisions"}],"wp:featuredmedia":[{"embeddable":true,"href":"https:\/\/www.europesays.com\/fr\/wp-json\/wp\/v2\/media\/1157096"}],"wp:attachment":[{"href":"https:\/\/www.europesays.com\/fr\/wp-json\/wp\/v2\/media?parent=1157095"}],"wp:term":[{"taxonomy":"category","embeddable":true,"href":"https:\/\/www.europesays.com\/fr\/wp-json\/wp\/v2\/categories?post=1157095"},{"taxonomy":"post_tag","embeddable":true,"href":"https:\/\/www.europesays.com\/fr\/wp-json\/wp\/v2\/tags?post=1157095"}],"curies":[{"name":"wp","href":"https:\/\/api.w.org\/{rel}","templated":true}]}}