{"id":1157111,"date":"2026-08-30T10:04:26","date_gmt":"2026-08-30T10:04:26","guid":{"rendered":"https:\/\/www.europesays.com\/fr\/1157111\/"},"modified":"2026-08-30T10:04:26","modified_gmt":"2026-08-30T10:04:26","slug":"ostwald-les-enfants-se-disputent-la-balancoire-un-pere-revient-avec-une-machette","status":"publish","type":"post","link":"https:\/\/www.europesays.com\/fr\/1157111\/","title":{"rendered":"Ostwald. Les enfants se disputent la balan\u00e7oire\u00a0: un p\u00e8re revient avec une machette"},"content":{"rendered":"<p>\u00ab\u00a0Un incident grave\u00a0\u00bb s\u2019est produit \u00ab\u00a0 <a href=\"https:\/\/www.dna.fr\/economie\/2025\/10\/07\/le-city-stade-du-wihrel-passe-en-version-augmentee-la-date-de-livraison-de-connue\" target=\"_blank\" rel=\"nofollow noopener\">au city-stade du Wihrel<\/a> \u00a0\u00bb \u00e0 Ostwald, dans la soir\u00e9e du jeudi 27\u00a0ao\u00fbt. \u00ab\u00a0\u00c0 la suite d\u2019un diff\u00e9rend entre enfants\u00a0\u00bb autour de la balan\u00e7oire de l\u2019aire de sports et de jeux, les parents s\u2019en sont m\u00eal\u00e9s et \u00ab\u00a0la situation a malheureusement d\u00e9g\u00e9n\u00e9r\u00e9\u00a0\u00bb, rapporte le maire, Dylan Hirn.<\/p>\n<p>La m\u00e8re d\u2019un des enfants a appel\u00e9 son mari. Ce dernier est arriv\u00e9 sur place, arm\u00e9 d\u2019une machette qu\u2019il a brandie face \u00e0 la m\u00e8re d\u2019un autre enfant. Pr\u00e9venue, la police s\u2019est rapidement rendue sur place afin de l\u2019interpeller.<\/p>\n<p>  Il est convoqu\u00e9 devant la justice en f\u00e9vrier<\/p>\n<p>Ce dernier, \u00e2g\u00e9 de 32 ans, a reconnu les faits au cours de sa garde \u00e0 vue. Il a affirm\u00e9 qu\u2019il avait emport\u00e9 l\u2019outil pour intimider la partie adverse. Sans ant\u00e9c\u00e9dents judiciaires, il fait l\u2019objet d\u2019une convocation devant la justice en f\u00e9vrier prochain.<\/p>\n<p>\u00ab\u00a0La victime va bien\u00a0\u00bb, affirme Dylan Hirn. Cette derni\u00e8re souffre d\u2019une entaille d\u2019un demi-centim\u00e8tre au niveau d\u2019un doigt.<\/p>\n<p>Apr\u00e8s cet \u00e9v\u00e9nement, l\u2019\u00e9lu a indiqu\u00e9 qu\u2019il comptait \u00ab\u00a0travailler au d\u00e9ploiement de nouvelles cam\u00e9ras de vid\u00e9oprotection dans le quartier\u00a0\u00bb, class\u00e9 \u201cprioritaire\u201d et y \u00ab\u00a0solliciter une pr\u00e9sence renforc\u00e9e\u00a0\u00bb de la police.<\/p>\n","protected":false},"excerpt":{"rendered":"\u00ab\u00a0Un incident grave\u00a0\u00bb s\u2019est produit \u00ab\u00a0 au city-stade du Wihrel \u00a0\u00bb \u00e0 Ostwald, dans la soir\u00e9e du jeudi&hellip;\n","protected":false},"author":2,"featured_media":1157112,"comment_status":"","ping_status":"","sticky":false,"template":"","format":"standard","meta":{"footnotes":"","_share_on_mastodon":"0"},"categories":[2820],"tags":[1111,11,2389,2649,271,272,2880,1777,674,274,107,1011,27,775,12,6611,25,640,3089],"class_list":["post-1157111","post","type-post","status-publish","format-standard","has-post-thumbnail","category-strasbourg","tag-actu","tag-actualites","tag-alsace","tag-bas-rhin","tag-crime","tag-delit-et-contravention","tag-edition-strasbourg","tag-eu","tag-europe","tag-faits-divers-justice","tag-fil-info","tag-fr","tag-france","tag-grand-est","tag-news","tag-ostwald","tag-republique-francaise","tag-strasbourg","tag-strasbourg-sud"],"share_on_mastodon":{"url":"","error":""},"_links":{"self":[{"href":"https:\/\/www.europesays.com\/fr\/wp-json\/wp\/v2\/posts\/1157111","targetHints":{"allow":["GET"]}}],"collection":[{"href":"https:\/\/www.europesays.com\/fr\/wp-json\/wp\/v2\/posts"}],"about":[{"href":"https:\/\/www.europesays.com\/fr\/wp-json\/wp\/v2\/types\/post"}],"author":[{"embeddable":true,"href":"https:\/\/www.europesays.com\/fr\/wp-json\/wp\/v2\/users\/2"}],"replies":[{"embeddable":true,"href":"https:\/\/www.europesays.com\/fr\/wp-json\/wp\/v2\/comments?post=1157111"}],"version-history":[{"count":0,"href":"https:\/\/www.europesays.com\/fr\/wp-json\/wp\/v2\/posts\/1157111\/revisions"}],"wp:featuredmedia":[{"embeddable":true,"href":"https:\/\/www.europesays.com\/fr\/wp-json\/wp\/v2\/media\/1157112"}],"wp:attachment":[{"href":"https:\/\/www.europesays.com\/fr\/wp-json\/wp\/v2\/media?parent=1157111"}],"wp:term":[{"taxonomy":"category","embeddable":true,"href":"https:\/\/www.europesays.com\/fr\/wp-json\/wp\/v2\/categories?post=1157111"},{"taxonomy":"post_tag","embeddable":true,"href":"https:\/\/www.europesays.com\/fr\/wp-json\/wp\/v2\/tags?post=1157111"}],"curies":[{"name":"wp","href":"https:\/\/api.w.org\/{rel}","templated":true}]}}